{"id":21309,"date":"2024-11-19T11:46:17","date_gmt":"2024-11-19T14:46:17","guid":{"rendered":"https:\/\/sindsaudeba.org.br\/portal\/?p=21309"},"modified":"2024-11-19T11:46:17","modified_gmt":"2024-11-19T14:46:17","slug":"coral-do-sindsaude-encanta-no-palco-do-ecos-2024","status":"publish","type":"post","link":"https:\/\/sindsaudeba.org.br\/portal\/blog\/coral-do-sindsaude-encanta-no-palco-do-ecos-2024\/","title":{"rendered":"CORAL DO SINDSA\u00daDE ENCANTA NO PALCO DO ECOS 2024"},"content":{"rendered":"<p>Na tarde de quinta-feira, 14 de novembro, o Coral do Sindsa\u00fade Bahia participou da abertura da 23\u00aa edi\u00e7\u00e3o do Encontro de Corais do Rec\u00f4ncavo (ECOS), realizada na C\u00e2mara Municipal de S\u00e3o Francisco do Conde. Esta foi a sexta participa\u00e7\u00e3o do coral. Na apresenta\u00e7\u00e3o, um repert\u00f3rio marcado por sucessos da m\u00fasica popular brasileira como: &#8220;Ad\u00e3o Negro&#8221;, &#8220;Maria Maria&#8221; e &#8220;Simples Desejo&#8221;, que arrancaram aplausos do p\u00fablico.<\/p>\n<p>&#8220;Participar desse prestigiado evento reafirma o compromisso do Sindsa\u00fade Bahia com a valoriza\u00e7\u00e3o da cultura e a promo\u00e7\u00e3o de atividades que beneficiem nossos filiados. O Coral do Sindsa\u00fade Bahia mostrou, mais uma vez, como a m\u00fasica tem o poder de emocionar e unir as pessoas.&#8221; disse Eufrosina Nunes (Flor), diretora de Cultura, Esporte e Social.<\/p>\n<p>Reconhecido internacionalmente, o ECOS reuniu corais de diversas regi\u00f5es do Brasil, como S\u00e3o Paulo, Rio de Janeiro e Minas Gerais, al\u00e9m de grupos de pa\u00edses como Portugal e Argentina. O festival promove o interc\u00e2mbio cultural e o fortalecimento t\u00e9cnico dos grupos participantes, refor\u00e7ando a import\u00e2ncia da m\u00fasica como linguagem universal.<\/p>\n<p>VEJA OS V\u00cdDEOS DAS APRESENTA\u00c7\u00d5ES:<\/p>\n<div style=\"width: 848px;\" class=\"wp-video\"><!--[if lt IE 9]><script>document.createElement('video');<\/script><![endif]-->\n<video class=\"wp-video-shortcode\" id=\"video-21309-1\" width=\"848\" height=\"478\" preload=\"metadata\" controls=\"controls\"><source type=\"video\/mp4\" src=\"https:\/\/sindsaudeba.org.br\/portal\/wp-content\/uploads\/2024\/11\/MUSICA-ADAO-NEGRO.mp4?_=1\" \/><a href=\"https:\/\/sindsaudeba.org.br\/portal\/wp-content\/uploads\/2024\/11\/MUSICA-ADAO-NEGRO.mp4\">https:\/\/sindsaudeba.org.br\/portal\/wp-content\/uploads\/2024\/11\/MUSICA-ADAO-NEGRO.mp4<\/a><\/video><\/div>\n<p>&nbsp;<\/p>\n<p>&nbsp;<\/p>\n<div style=\"width: 848px;\" class=\"wp-video\"><video class=\"wp-video-shortcode\" id=\"video-21309-2\" width=\"848\" height=\"478\" preload=\"metadata\" controls=\"controls\"><source type=\"video\/mp4\" src=\"https:\/\/sindsaudeba.org.br\/portal\/wp-content\/uploads\/2024\/11\/MUSICA-MARIA-MARIA.mp4?_=2\" \/><a href=\"https:\/\/sindsaudeba.org.br\/portal\/wp-content\/uploads\/2024\/11\/MUSICA-MARIA-MARIA.mp4\">https:\/\/sindsaudeba.org.br\/portal\/wp-content\/uploads\/2024\/11\/MUSICA-MARIA-MARIA.mp4<\/a><\/video><\/div>\n<div style=\"width: 848px;\" class=\"wp-video\"><video class=\"wp-video-shortcode\" id=\"video-21309-3\" width=\"848\" height=\"478\" preload=\"metadata\" controls=\"controls\"><source type=\"video\/mp4\" src=\"https:\/\/sindsaudeba.org.br\/portal\/wp-content\/uploads\/2024\/11\/MUSICA-SIMPLES-DESEJO.mp4?_=3\" \/><a href=\"https:\/\/sindsaudeba.org.br\/portal\/wp-content\/uploads\/2024\/11\/MUSICA-SIMPLES-DESEJO.mp4\">https:\/\/sindsaudeba.org.br\/portal\/wp-content\/uploads\/2024\/11\/MUSICA-SIMPLES-DESEJO.mp4<\/a><\/video><\/div>\n","protected":false},"excerpt":{"rendered":"<p>Na tarde de quinta-feira, 14 de novembro, o Coral do Sindsa\u00fade Bahia participou da abertura da 23\u00aa edi\u00e7\u00e3o do Encontro de Corais do Rec\u00f4ncavo (ECOS), realizada na C\u00e2mara Municipal de S\u00e3o Francisco do Conde. Esta foi a sexta participa\u00e7\u00e3o do coral. Na apresenta\u00e7\u00e3o, um repert\u00f3rio&#8230;<\/p>\n","protected":false},"author":2,"featured_media":21310,"comment_status":"open","ping_status":"open","sticky":false,"template":"","format":"standard","meta":[],"categories":[11,6,1689],"tags":[],"amp_validity":null,"amp_enabled":true,"_links":{"self":[{"href":"https:\/\/sindsaudeba.org.br\/portal\/wp-json\/wp\/v2\/posts\/21309"}],"collection":[{"href":"https:\/\/sindsaudeba.org.br\/portal\/wp-json\/wp\/v2\/posts"}],"about":[{"href":"https:\/\/sindsaudeba.org.br\/portal\/wp-json\/wp\/v2\/types\/post"}],"author":[{"embeddable":true,"href":"https:\/\/sindsaudeba.org.br\/portal\/wp-json\/wp\/v2\/users\/2"}],"replies":[{"embeddable":true,"href":"https:\/\/sindsaudeba.org.br\/portal\/wp-json\/wp\/v2\/comments?post=21309"}],"version-history":[{"count":1,"href":"https:\/\/sindsaudeba.org.br\/portal\/wp-json\/wp\/v2\/posts\/21309\/revisions"}],"predecessor-version":[{"id":21317,"href":"https:\/\/sindsaudeba.org.br\/portal\/wp-json\/wp\/v2\/posts\/21309\/revisions\/21317"}],"wp:featuredmedia":[{"embeddable":true,"href":"https:\/\/sindsaudeba.org.br\/portal\/wp-json\/wp\/v2\/media\/21310"}],"wp:attachment":[{"href":"https:\/\/sindsaudeba.org.br\/portal\/wp-json\/wp\/v2\/media?parent=21309"}],"wp:term":[{"taxonomy":"category","embeddable":true,"href":"https:\/\/sindsaudeba.org.br\/portal\/wp-json\/wp\/v2\/categories?post=21309"},{"taxonomy":"post_tag","embeddable":true,"href":"https:\/\/sindsaudeba.org.br\/portal\/wp-json\/wp\/v2\/tags?post=21309"}],"curies":[{"name":"wp","href":"https:\/\/api.w.org\/{rel}","templated":true}]}}