{"id":21149,"date":"2024-11-08T09:50:52","date_gmt":"2024-11-08T12:50:52","guid":{"rendered":"https:\/\/sindsaudeba.org.br\/portal\/?p=21149"},"modified":"2024-11-11T11:00:51","modified_gmt":"2024-11-11T14:00:51","slug":"iperba-curuzu-assembleias-de-retirada-de-delegados-2o-congresso-estraordinario-dos-trabalhadores-em-saude-do-estado-da-bahia","status":"publish","type":"post","link":"https:\/\/sindsaudeba.org.br\/portal\/blog\/iperba-curuzu-assembleias-de-retirada-de-delegados-2o-congresso-estraordinario-dos-trabalhadores-em-saude-do-estado-da-bahia\/","title":{"rendered":"IPERBA: ASSEMBLEIAS DE RETIRADA DE DELEGADOS \u2013 2\u00ba CONGRESSO EXTRAORDIN\u00c1RIO DOS TRABALHADORES EM SA\u00daDE DO ESTADO DA BAHIA"},"content":{"rendered":"<p><img loading=\"lazy\" class=\"wp-image-21150 size-thumbnail alignleft\" src=\"https:\/\/sindsaudeba.org.br\/portal\/wp-content\/uploads\/2024\/11\/200-150x150.png\" alt=\"\" width=\"150\" height=\"150\" srcset=\"https:\/\/sindsaudeba.org.br\/portal\/wp-content\/uploads\/2024\/11\/200-150x150.png 150w, https:\/\/sindsaudeba.org.br\/portal\/wp-content\/uploads\/2024\/11\/200-300x300.png 300w, https:\/\/sindsaudeba.org.br\/portal\/wp-content\/uploads\/2024\/11\/200-1024x1024.png 1024w, https:\/\/sindsaudeba.org.br\/portal\/wp-content\/uploads\/2024\/11\/200-768x768.png 768w, https:\/\/sindsaudeba.org.br\/portal\/wp-content\/uploads\/2024\/11\/200-570x570.png 570w, https:\/\/sindsaudeba.org.br\/portal\/wp-content\/uploads\/2024\/11\/200-500x500.png 500w, https:\/\/sindsaudeba.org.br\/portal\/wp-content\/uploads\/2024\/11\/200-1000x1000.png 1000w, https:\/\/sindsaudeba.org.br\/portal\/wp-content\/uploads\/2024\/11\/200-700x700.png 700w, https:\/\/sindsaudeba.org.br\/portal\/wp-content\/uploads\/2024\/11\/200.png 1080w\" sizes=\"(max-width: 150px) 100vw, 150px\" \/>Acontece nos dias 11 e 18 de novembro de 2024, a retirada de<img loading=\"lazy\" class=\"alignright wp-image-21151 size-thumbnail\" src=\"https:\/\/sindsaudeba.org.br\/portal\/wp-content\/uploads\/2024\/11\/201-150x150.png\" alt=\"\" width=\"150\" height=\"150\" srcset=\"https:\/\/sindsaudeba.org.br\/portal\/wp-content\/uploads\/2024\/11\/201-150x150.png 150w, https:\/\/sindsaudeba.org.br\/portal\/wp-content\/uploads\/2024\/11\/201-300x300.png 300w, https:\/\/sindsaudeba.org.br\/portal\/wp-content\/uploads\/2024\/11\/201-1024x1024.png 1024w, https:\/\/sindsaudeba.org.br\/portal\/wp-content\/uploads\/2024\/11\/201-768x768.png 768w, https:\/\/sindsaudeba.org.br\/portal\/wp-content\/uploads\/2024\/11\/201-570x570.png 570w, https:\/\/sindsaudeba.org.br\/portal\/wp-content\/uploads\/2024\/11\/201-500x500.png 500w, https:\/\/sindsaudeba.org.br\/portal\/wp-content\/uploads\/2024\/11\/201-1000x1000.png 1000w, https:\/\/sindsaudeba.org.br\/portal\/wp-content\/uploads\/2024\/11\/201-700x700.png 700w, https:\/\/sindsaudeba.org.br\/portal\/wp-content\/uploads\/2024\/11\/201.png 1080w\" sizes=\"(max-width: 150px) 100vw, 150px\" \/> delegados\u00a0para o 2\u00ba Congresso Extraordin\u00e1rio dos Trabalhadores em Sa\u00fade \u2013 Reformar para Democratizar conforme o C\u00f3digo Civil, o qual \u00e9 o f\u00f3rum m\u00e1ximo de delibera\u00e7\u00e3o previsto no art. 9\u00ba do Estatuto do Sindicato dos Trabalhadores em Sa\u00fade do Estado da Bahia \u2013 SINDSA\u00daDE-BA. Dele, participar dos Delegados ativos e aposentados, retirados(as) nas assembleias de categoria por local de trabalho e nas plen\u00e1rias designadas por for\u00e7a do Edital de convoca\u00e7\u00e3o, eleitos(as) conforme previs\u00e3o do presente Regimento Interno (RI), aprovado pelos associados(as) em assembleia geral da categoria, especificada na Se\u00e7\u00e3o II, art. 19 do Estatuto supramencionado.<\/p>\n<p>O 2\u00ba Congresso Extraordin\u00e1rio dos Trabalhadores em Sa\u00fade ser\u00e1 realizado nos dias 13 e 14 de dezembro de 2024, das 08 \u00e0s 18 horas, em Salvador\u2013BA, para a vota\u00e7\u00e3o do novo estatuto do Sindicato, conforme edital de convoca\u00e7\u00e3o publicado no jornal \u201cA Tarde\u201d em 17 de outubro do corrente ano.<\/p>\n<p>Assembleia de retirada de delegados(as).<\/p>\n<ul>\n<li>Dias: 11\/11 e 18\/11<\/li>\n<li>Local: Audit\u00f3rio Iperba<\/li>\n<li>Hor\u00e1rio: 14 \u00e0s 17h<\/li>\n<\/ul>\n<p>Informa\u00e7\u00f5es: 71-3011-4252 \/ 71-3014-2098<\/p>\n<p>Obs.: As datas podem sofrer altera\u00e7\u00f5es, conforme a disponibilidade dos espa\u00e7os.<\/p>\n","protected":false},"excerpt":{"rendered":"<p>Acontece nos dias 11 e 18 de novembro de 2024, a retirada de delegados\u00a0para o 2\u00ba Congresso Extraordin\u00e1rio dos Trabalhadores em Sa\u00fade \u2013 Reformar para Democratizar conforme o C\u00f3digo Civil, o qual \u00e9 o f\u00f3rum m\u00e1ximo de delibera\u00e7\u00e3o previsto no art. 9\u00ba do Estatuto do&#8230;<\/p>\n","protected":false},"author":2,"featured_media":21150,"comment_status":"open","ping_status":"open","sticky":false,"template":"","format":"standard","meta":[],"categories":[1217,11,6],"tags":[],"amp_validity":null,"amp_enabled":true,"_links":{"self":[{"href":"https:\/\/sindsaudeba.org.br\/portal\/wp-json\/wp\/v2\/posts\/21149"}],"collection":[{"href":"https:\/\/sindsaudeba.org.br\/portal\/wp-json\/wp\/v2\/posts"}],"about":[{"href":"https:\/\/sindsaudeba.org.br\/portal\/wp-json\/wp\/v2\/types\/post"}],"author":[{"embeddable":true,"href":"https:\/\/sindsaudeba.org.br\/portal\/wp-json\/wp\/v2\/users\/2"}],"replies":[{"embeddable":true,"href":"https:\/\/sindsaudeba.org.br\/portal\/wp-json\/wp\/v2\/comments?post=21149"}],"version-history":[{"count":3,"href":"https:\/\/sindsaudeba.org.br\/portal\/wp-json\/wp\/v2\/posts\/21149\/revisions"}],"predecessor-version":[{"id":21155,"href":"https:\/\/sindsaudeba.org.br\/portal\/wp-json\/wp\/v2\/posts\/21149\/revisions\/21155"}],"wp:featuredmedia":[{"embeddable":true,"href":"https:\/\/sindsaudeba.org.br\/portal\/wp-json\/wp\/v2\/media\/21150"}],"wp:attachment":[{"href":"https:\/\/sindsaudeba.org.br\/portal\/wp-json\/wp\/v2\/media?parent=21149"}],"wp:term":[{"taxonomy":"category","embeddable":true,"href":"https:\/\/sindsaudeba.org.br\/portal\/wp-json\/wp\/v2\/categories?post=21149"},{"taxonomy":"post_tag","embeddable":true,"href":"https:\/\/sindsaudeba.org.br\/portal\/wp-json\/wp\/v2\/tags?post=21149"}],"curies":[{"name":"wp","href":"https:\/\/api.w.org\/{rel}","templated":true}]}}