{"id":21107,"date":"2024-11-04T17:20:00","date_gmt":"2024-11-04T20:20:00","guid":{"rendered":"https:\/\/sindsaudeba.org.br\/portal\/?p=21107"},"modified":"2024-11-04T17:21:12","modified_gmt":"2024-11-04T20:21:12","slug":"21107","status":"publish","type":"post","link":"https:\/\/sindsaudeba.org.br\/portal\/blog\/21107\/","title":{"rendered":"Sindsa\u00fadeBa solicita retomada da mesa setorial de negocia\u00e7\u00e3o"},"content":{"rendered":"<p><img loading=\"lazy\" class=\"size-medium wp-image-21108 alignleft\" src=\"https:\/\/sindsaudeba.org.br\/portal\/wp-content\/uploads\/2024\/11\/mesa-300x300.png\" alt=\"\" width=\"300\" height=\"300\" srcset=\"https:\/\/sindsaudeba.org.br\/portal\/wp-content\/uploads\/2024\/11\/mesa-300x300.png 300w, https:\/\/sindsaudeba.org.br\/portal\/wp-content\/uploads\/2024\/11\/mesa-1024x1024.png 1024w, https:\/\/sindsaudeba.org.br\/portal\/wp-content\/uploads\/2024\/11\/mesa-150x150.png 150w, https:\/\/sindsaudeba.org.br\/portal\/wp-content\/uploads\/2024\/11\/mesa-768x768.png 768w, https:\/\/sindsaudeba.org.br\/portal\/wp-content\/uploads\/2024\/11\/mesa-570x570.png 570w, https:\/\/sindsaudeba.org.br\/portal\/wp-content\/uploads\/2024\/11\/mesa-500x500.png 500w, https:\/\/sindsaudeba.org.br\/portal\/wp-content\/uploads\/2024\/11\/mesa-1000x1000.png 1000w, https:\/\/sindsaudeba.org.br\/portal\/wp-content\/uploads\/2024\/11\/mesa-700x700.png 700w, https:\/\/sindsaudeba.org.br\/portal\/wp-content\/uploads\/2024\/11\/mesa.png 1080w\" sizes=\"(max-width: 300px) 100vw, 300px\" \/>Ap\u00f3s reiteradas solicita\u00e7\u00f5es por of\u00edcio encaminhados para a SESAB, solicitando a retomada da mesa setorial de negocia\u00e7\u00e3o sem qualquer devolutiva, a vice-presidente do Sindsa\u00fade-Ba, Tereza Deir\u00f3, a Secret\u00e1ria Geral, Ana Carina Dunham, e a Diretora de Interior, Dart Clair, estiveram no gabinete da Secret\u00e1ria da Sa\u00fade, a sra Roberta Santana, na tarde de 31 de outubro do corrente ano com a finalidade de cobrar respostas.<br \/>\nNo momento a secret\u00e1ria de Sa\u00fade n\u00e3o estava presente e as representantes do Sindsa\u00fade-Ba foram recebidas pelo assessor C\u00e1ssio Garcia, ao qual foram apresentados os of\u00edcios protocolados reiterando a solicita\u00e7\u00e3o do reestabelecimento da Mesa de Negocia\u00e7\u00e3o.<br \/>\nSem reuni\u00e3o desde o \u00faltimo m\u00eas de julho, o governo rompe com o acordo de realizar reuni\u00f5es quinzenais ou, pelo menos, mensais para discuss\u00e3o da revis\u00e3o dos PCCVs, estabelecidos atrav\u00e9s das Lei n\u00ba 11.373\/2009 \u2013 Grupo Ocupacional Servi\u00e7os P\u00fablicos de Sa\u00fade, e Lei n\u00ba 11.374\/2009 \u2013 Grupo Ocupacional T\u00e9cnico Administrativo. Tereza Deir\u00f3, enquanto vice-presidente do Sindsa\u00fade-Ba, pontuou a necessidade urgente do retorno das reuni\u00f5es, uma vez que a Lei Or\u00e7ament\u00e1ria Anual (LOA) est\u00e1 prestes a ser votada pela Assembleia Legislativa da Bahia, e se n\u00e3o houver previs\u00e3o or\u00e7ament\u00e1ria a categoria continuar\u00e1 amargando perdas. Ana Carina e Dart Clair, reiteraram a solicita\u00e7\u00e3o enfatizaram a grande insatisfa\u00e7\u00e3o da categoria.<br \/>\nO assessor se comprometeu a conversar com urg\u00eancia com a Secret\u00e1ria e informar \u00e0 entidade sobre o agendamento de uma data para a reuni\u00e3o da Mesa Setorial de Negocia\u00e7\u00e3o.<\/p>\n","protected":false},"excerpt":{"rendered":"<p>Ap\u00f3s reiteradas solicita\u00e7\u00f5es por of\u00edcio encaminhados para a SESAB, solicitando a retomada da mesa setorial de negocia\u00e7\u00e3o sem qualquer devolutiva, a vice-presidente do Sindsa\u00fade-Ba, Tereza Deir\u00f3, a Secret\u00e1ria Geral, Ana Carina Dunham, e a Diretora de Interior, Dart Clair, estiveram no gabinete da Secret\u00e1ria da&#8230;<\/p>\n","protected":false},"author":2,"featured_media":21108,"comment_status":"open","ping_status":"open","sticky":false,"template":"","format":"standard","meta":[],"categories":[11,6,7],"tags":[],"amp_validity":null,"amp_enabled":true,"_links":{"self":[{"href":"https:\/\/sindsaudeba.org.br\/portal\/wp-json\/wp\/v2\/posts\/21107"}],"collection":[{"href":"https:\/\/sindsaudeba.org.br\/portal\/wp-json\/wp\/v2\/posts"}],"about":[{"href":"https:\/\/sindsaudeba.org.br\/portal\/wp-json\/wp\/v2\/types\/post"}],"author":[{"embeddable":true,"href":"https:\/\/sindsaudeba.org.br\/portal\/wp-json\/wp\/v2\/users\/2"}],"replies":[{"embeddable":true,"href":"https:\/\/sindsaudeba.org.br\/portal\/wp-json\/wp\/v2\/comments?post=21107"}],"version-history":[{"count":3,"href":"https:\/\/sindsaudeba.org.br\/portal\/wp-json\/wp\/v2\/posts\/21107\/revisions"}],"predecessor-version":[{"id":21112,"href":"https:\/\/sindsaudeba.org.br\/portal\/wp-json\/wp\/v2\/posts\/21107\/revisions\/21112"}],"wp:featuredmedia":[{"embeddable":true,"href":"https:\/\/sindsaudeba.org.br\/portal\/wp-json\/wp\/v2\/media\/21108"}],"wp:attachment":[{"href":"https:\/\/sindsaudeba.org.br\/portal\/wp-json\/wp\/v2\/media?parent=21107"}],"wp:term":[{"taxonomy":"category","embeddable":true,"href":"https:\/\/sindsaudeba.org.br\/portal\/wp-json\/wp\/v2\/categories?post=21107"},{"taxonomy":"post_tag","embeddable":true,"href":"https:\/\/sindsaudeba.org.br\/portal\/wp-json\/wp\/v2\/tags?post=21107"}],"curies":[{"name":"wp","href":"https:\/\/api.w.org\/{rel}","templated":true}]}}