{"id":21097,"date":"2024-11-02T08:20:17","date_gmt":"2024-11-02T11:20:17","guid":{"rendered":"https:\/\/sindsaudeba.org.br\/portal\/?p=21097"},"modified":"2024-11-02T08:21:08","modified_gmt":"2024-11-02T11:21:08","slug":"calendario-de-assembleias-e-regimento-interno-para-o-ii-congresso-extraordinario-dos-trabalhadores-em-saude-do-estado-da-bahia","status":"publish","type":"post","link":"https:\/\/sindsaudeba.org.br\/portal\/blog\/calendario-de-assembleias-e-regimento-interno-para-o-ii-congresso-extraordinario-dos-trabalhadores-em-saude-do-estado-da-bahia\/","title":{"rendered":"Calend\u00e1rio de Assembleias e Regimento Interno para o II Congresso Extraordin\u00e1rio dos Trabalhadores em Sa\u00fade do Estado da Bahia"},"content":{"rendered":"<p style=\"text-align: center\"><span style=\"color: #003300\"><strong>Este calend\u00e1rio est\u00e1 sujeito a altera\u00e7\u00f5es;<\/strong><\/span><\/p>\n<p><img loading=\"lazy\" class=\"size-medium wp-image-21100 alignleft\" src=\"https:\/\/sindsaudeba.org.br\/portal\/wp-content\/uploads\/2024\/11\/poste-1-300x300.jpg\" alt=\"\" width=\"300\" height=\"300\" srcset=\"https:\/\/sindsaudeba.org.br\/portal\/wp-content\/uploads\/2024\/11\/poste-1-300x300.jpg 300w, https:\/\/sindsaudeba.org.br\/portal\/wp-content\/uploads\/2024\/11\/poste-1-1024x1024.jpg 1024w, https:\/\/sindsaudeba.org.br\/portal\/wp-content\/uploads\/2024\/11\/poste-1-150x150.jpg 150w, https:\/\/sindsaudeba.org.br\/portal\/wp-content\/uploads\/2024\/11\/poste-1-768x768.jpg 768w, https:\/\/sindsaudeba.org.br\/portal\/wp-content\/uploads\/2024\/11\/poste-1-570x570.jpg 570w, https:\/\/sindsaudeba.org.br\/portal\/wp-content\/uploads\/2024\/11\/poste-1-500x500.jpg 500w, https:\/\/sindsaudeba.org.br\/portal\/wp-content\/uploads\/2024\/11\/poste-1-1000x1000.jpg 1000w, https:\/\/sindsaudeba.org.br\/portal\/wp-content\/uploads\/2024\/11\/poste-1-700x700.jpg 700w, https:\/\/sindsaudeba.org.br\/portal\/wp-content\/uploads\/2024\/11\/poste-1.jpg 1080w\" sizes=\"(max-width: 300px) 100vw, 300px\" \/>O Sindsa\u00fade &#8211; Ba inicia divulga o Calend\u00e1rio de Assembleias e regimento Interno para o II Congresso Extraordin\u00e1rio dos Trabalhadores em Sa\u00fade do Estado da Bahia, quando ser\u00e1 discutido a reforma do estatuto da entidade. As<br \/>\nA participa\u00e7\u00e3o dos servidores \u00e9 essencial para garantir que os interesses dos trabalhadores e trabalhadoras da sa\u00fade sejam representados e para uma discuss\u00e3o qualificada para a elabora\u00e7\u00e3o do novo estatuto.<\/p>\n<p>&nbsp;<\/p>\n<p><a href=\"https:\/\/sindsaudeba.org.br\/portal\/wp-content\/uploads\/2024\/11\/CALENDARIO-DE-ASSEMBLEIAS-II-CONGRESSO-EXTRAORDINARIO.pdf\">CALENDARIO DE ASSEMBLEIAS &#8211; II CONGRESSO EXTRAORDIN\u00c1RIO \u00a0 <\/a><\/p>\n<p><a href=\"https:\/\/sindsaudeba.org.br\/portal\/wp-content\/uploads\/2024\/11\/REGIMENTO-INTERNO-II-CONGRESSO-EXTRAORDINA\u0301RIO.pdf\">REGIMENTO INTERNO &#8211; II CONGRESSO EXTRAORDINA\u0301RIO<\/a><\/p>\n","protected":false},"excerpt":{"rendered":"<p>Este calend\u00e1rio est\u00e1 sujeito a altera\u00e7\u00f5es; O Sindsa\u00fade &#8211; Ba inicia divulga o Calend\u00e1rio de Assembleias e regimento Interno para o II Congresso Extraordin\u00e1rio dos Trabalhadores em Sa\u00fade do Estado da Bahia, quando ser\u00e1 discutido a reforma do estatuto da entidade. As A participa\u00e7\u00e3o dos&#8230;<\/p>\n","protected":false},"author":2,"featured_media":21100,"comment_status":"open","ping_status":"open","sticky":false,"template":"","format":"standard","meta":[],"categories":[1217,1688,11,2062,6,7],"tags":[],"amp_validity":null,"amp_enabled":true,"_links":{"self":[{"href":"https:\/\/sindsaudeba.org.br\/portal\/wp-json\/wp\/v2\/posts\/21097"}],"collection":[{"href":"https:\/\/sindsaudeba.org.br\/portal\/wp-json\/wp\/v2\/posts"}],"about":[{"href":"https:\/\/sindsaudeba.org.br\/portal\/wp-json\/wp\/v2\/types\/post"}],"author":[{"embeddable":true,"href":"https:\/\/sindsaudeba.org.br\/portal\/wp-json\/wp\/v2\/users\/2"}],"replies":[{"embeddable":true,"href":"https:\/\/sindsaudeba.org.br\/portal\/wp-json\/wp\/v2\/comments?post=21097"}],"version-history":[{"count":1,"href":"https:\/\/sindsaudeba.org.br\/portal\/wp-json\/wp\/v2\/posts\/21097\/revisions"}],"predecessor-version":[{"id":21101,"href":"https:\/\/sindsaudeba.org.br\/portal\/wp-json\/wp\/v2\/posts\/21097\/revisions\/21101"}],"wp:featuredmedia":[{"embeddable":true,"href":"https:\/\/sindsaudeba.org.br\/portal\/wp-json\/wp\/v2\/media\/21100"}],"wp:attachment":[{"href":"https:\/\/sindsaudeba.org.br\/portal\/wp-json\/wp\/v2\/media?parent=21097"}],"wp:term":[{"taxonomy":"category","embeddable":true,"href":"https:\/\/sindsaudeba.org.br\/portal\/wp-json\/wp\/v2\/categories?post=21097"},{"taxonomy":"post_tag","embeddable":true,"href":"https:\/\/sindsaudeba.org.br\/portal\/wp-json\/wp\/v2\/tags?post=21097"}],"curies":[{"name":"wp","href":"https:\/\/api.w.org\/{rel}","templated":true}]}}