{"id":21089,"date":"2024-11-01T09:11:34","date_gmt":"2024-11-01T12:11:34","guid":{"rendered":"https:\/\/sindsaudeba.org.br\/portal\/?p=21089"},"modified":"2024-11-01T09:11:34","modified_gmt":"2024-11-01T12:11:34","slug":"reuniao-entre-sindsaude-ba-e-prefeitura-de-mucuge-alinha-demandas-da-saude","status":"publish","type":"post","link":"https:\/\/sindsaudeba.org.br\/portal\/blog\/reuniao-entre-sindsaude-ba-e-prefeitura-de-mucuge-alinha-demandas-da-saude\/","title":{"rendered":"Reuni\u00e3o entre SINDSAUDE\/BA e prefeitura de Mucug\u00ea alinha demandas da Sa\u00fade"},"content":{"rendered":"<p>No dia 31 de outubro, quinta-feira, o Sindicato dos Trabalhadores em Sa\u00fade da Bahia (SINDSAUDE\/BA) reuniu-se com a Prefeitura Municipal de Mucug\u00ea para discutir pautas relevantes para a categoria. O encontro, que contou com a presen\u00e7a da presidente do sindicato, Ivanilda Brito, e do assessor jur\u00eddico Jean Oliveira, teve como foco a inclus\u00e3o dos profissionais de enfermagem no Plano de Cargos, Carreiras e Vencimentos (PCCV), o reajuste salarial para 2025 e a resolu\u00e7\u00e3o de pend\u00eancias de lota\u00e7\u00e3o funcional.<\/p>\n<p>Representando a prefeitura, estiveram presentes a prefeita Ana Ol\u00edmpia, o vice-prefeito Leandro Profeta, a secret\u00e1ria de Sa\u00fade Silvana Medrado e assessores da Procuradoria Geral do Munic\u00edpio. Durante a reuni\u00e3o, foram abordados os desafios enfrentados pelos trabalhadores da sa\u00fade em Mucug\u00ea e a import\u00e2ncia de uma resposta efetiva por parte da administra\u00e7\u00e3o municipal.<\/p>\n<p>Duas novas reuni\u00f5es foram agendadas para os dias 25 e 26 de novembro, que ocorrer\u00e3o presencialmente em Mucug\u00ea, com o objetivo de dar continuidade \u00e0s negocia\u00e7\u00f5es e buscar solu\u00e7\u00f5es para as demandas apresentadas.<\/p>\n<p>Ao final do encontro, Ivanilda Brito destacou: &#8220;Estamos lutando pela valoriza\u00e7\u00e3o dos profissionais da sa\u00fade de Mucug\u00ea. \u00c9 fundamental que nossas reivindica\u00e7\u00f5es sejam atendidas para garantir melhores condi\u00e7\u00f5es de trabalho e um atendimento de qualidade \u00e0 popula\u00e7\u00e3o.&#8221;<\/p>\n<p>Texto: Departamento Jur\u00eddico<\/p>\n","protected":false},"excerpt":{"rendered":"<p>No dia 31 de outubro, quinta-feira, o Sindicato dos Trabalhadores em Sa\u00fade da Bahia (SINDSAUDE\/BA) reuniu-se com a Prefeitura Municipal de Mucug\u00ea para discutir pautas relevantes para a categoria. O encontro, que contou com a presen\u00e7a da presidente do sindicato, Ivanilda Brito, e do assessor&#8230;<\/p>\n","protected":false},"author":2,"featured_media":21090,"comment_status":"open","ping_status":"open","sticky":false,"template":"","format":"standard","meta":[],"categories":[11,6],"tags":[],"amp_validity":null,"amp_enabled":true,"_links":{"self":[{"href":"https:\/\/sindsaudeba.org.br\/portal\/wp-json\/wp\/v2\/posts\/21089"}],"collection":[{"href":"https:\/\/sindsaudeba.org.br\/portal\/wp-json\/wp\/v2\/posts"}],"about":[{"href":"https:\/\/sindsaudeba.org.br\/portal\/wp-json\/wp\/v2\/types\/post"}],"author":[{"embeddable":true,"href":"https:\/\/sindsaudeba.org.br\/portal\/wp-json\/wp\/v2\/users\/2"}],"replies":[{"embeddable":true,"href":"https:\/\/sindsaudeba.org.br\/portal\/wp-json\/wp\/v2\/comments?post=21089"}],"version-history":[{"count":1,"href":"https:\/\/sindsaudeba.org.br\/portal\/wp-json\/wp\/v2\/posts\/21089\/revisions"}],"predecessor-version":[{"id":21091,"href":"https:\/\/sindsaudeba.org.br\/portal\/wp-json\/wp\/v2\/posts\/21089\/revisions\/21091"}],"wp:featuredmedia":[{"embeddable":true,"href":"https:\/\/sindsaudeba.org.br\/portal\/wp-json\/wp\/v2\/media\/21090"}],"wp:attachment":[{"href":"https:\/\/sindsaudeba.org.br\/portal\/wp-json\/wp\/v2\/media?parent=21089"}],"wp:term":[{"taxonomy":"category","embeddable":true,"href":"https:\/\/sindsaudeba.org.br\/portal\/wp-json\/wp\/v2\/categories?post=21089"},{"taxonomy":"post_tag","embeddable":true,"href":"https:\/\/sindsaudeba.org.br\/portal\/wp-json\/wp\/v2\/tags?post=21089"}],"curies":[{"name":"wp","href":"https:\/\/api.w.org\/{rel}","templated":true}]}}