{"id":20665,"date":"2024-07-04T11:51:56","date_gmt":"2024-07-04T14:51:56","guid":{"rendered":"https:\/\/sindsaudeba.org.br\/portal\/?p=20665"},"modified":"2024-07-04T11:51:56","modified_gmt":"2024-07-04T14:51:56","slug":"experiencias-no-curso-de-formacao-sindical-em-havana-destacam-a-resistencia-cubana-ao-bloqueio-economico-e-a-importancia-da-solidariedade-internacional","status":"publish","type":"post","link":"https:\/\/sindsaudeba.org.br\/portal\/blog\/experiencias-no-curso-de-formacao-sindical-em-havana-destacam-a-resistencia-cubana-ao-bloqueio-economico-e-a-importancia-da-solidariedade-internacional\/","title":{"rendered":"Experi\u00eancias no Curso de Forma\u00e7\u00e3o Sindical em Havana destacam a resist\u00eancia cubana ao bloqueio econ\u00f4mico e a import\u00e2ncia da solidariedade internacional."},"content":{"rendered":"<p><img loading=\"lazy\" class=\"size-medium wp-image-20666 alignleft\" src=\"https:\/\/sindsaudeba.org.br\/portal\/wp-content\/uploads\/2024\/07\/WhatsApp-Image-2024-07-04-at-11.49.49-1-300x225.jpeg\" alt=\"\" width=\"300\" height=\"225\" srcset=\"https:\/\/sindsaudeba.org.br\/portal\/wp-content\/uploads\/2024\/07\/WhatsApp-Image-2024-07-04-at-11.49.49-1-300x225.jpeg 300w, https:\/\/sindsaudeba.org.br\/portal\/wp-content\/uploads\/2024\/07\/WhatsApp-Image-2024-07-04-at-11.49.49-1-1024x768.jpeg 1024w, https:\/\/sindsaudeba.org.br\/portal\/wp-content\/uploads\/2024\/07\/WhatsApp-Image-2024-07-04-at-11.49.49-1-768x576.jpeg 768w, https:\/\/sindsaudeba.org.br\/portal\/wp-content\/uploads\/2024\/07\/WhatsApp-Image-2024-07-04-at-11.49.49-1-800x600.jpeg 800w, https:\/\/sindsaudeba.org.br\/portal\/wp-content\/uploads\/2024\/07\/WhatsApp-Image-2024-07-04-at-11.49.49-1-700x525.jpeg 700w, https:\/\/sindsaudeba.org.br\/portal\/wp-content\/uploads\/2024\/07\/WhatsApp-Image-2024-07-04-at-11.49.49-1.jpeg 1280w\" sizes=\"(max-width: 300px) 100vw, 300px\" \/><img loading=\"lazy\" class=\"size-medium wp-image-20667 alignright\" src=\"https:\/\/sindsaudeba.org.br\/portal\/wp-content\/uploads\/2024\/07\/WhatsApp-Image-2024-07-04-at-11.49.49-300x225.jpeg\" alt=\"\" width=\"300\" height=\"225\" srcset=\"https:\/\/sindsaudeba.org.br\/portal\/wp-content\/uploads\/2024\/07\/WhatsApp-Image-2024-07-04-at-11.49.49-300x225.jpeg 300w, https:\/\/sindsaudeba.org.br\/portal\/wp-content\/uploads\/2024\/07\/WhatsApp-Image-2024-07-04-at-11.49.49-1024x768.jpeg 1024w, https:\/\/sindsaudeba.org.br\/portal\/wp-content\/uploads\/2024\/07\/WhatsApp-Image-2024-07-04-at-11.49.49-768x576.jpeg 768w, https:\/\/sindsaudeba.org.br\/portal\/wp-content\/uploads\/2024\/07\/WhatsApp-Image-2024-07-04-at-11.49.49-1536x1152.jpeg 1536w, https:\/\/sindsaudeba.org.br\/portal\/wp-content\/uploads\/2024\/07\/WhatsApp-Image-2024-07-04-at-11.49.49-800x600.jpeg 800w, https:\/\/sindsaudeba.org.br\/portal\/wp-content\/uploads\/2024\/07\/WhatsApp-Image-2024-07-04-at-11.49.49-700x525.jpeg 700w, https:\/\/sindsaudeba.org.br\/portal\/wp-content\/uploads\/2024\/07\/WhatsApp-Image-2024-07-04-at-11.49.49.jpeg 1600w\" sizes=\"(max-width: 300px) 100vw, 300px\" \/>Contribui\u00e7\u00f5es informativas e hist\u00f3ricas a partir da participa\u00e7\u00e3o no Curso de Forma\u00e7\u00e3o Sindical durante os dias 22 de abril a 03 de maio de 2024, Havana, Cuba, que teve como tema \u201cEl movimiento sindical latino-americano y los procesos pol\u00edticos en la construcci\u00f3n de la unidad en el contexto actual\u201d.<\/p>\n<p>Os primeiros dias em Cuba foram recheados de descobertas, di\u00e1logos e enriquecimento cultural. Delega\u00e7\u00f5es foram chegando e as trocas de conhecimentos foram se dando de forma muito entrosada e construtiva. \u00c1vidos por informa\u00e7\u00f5es novas, era recorrente perguntas sobre o Brasil e o novo governo Lula.<\/p>\n<p>Entre ter\u00e7a (30) e quinta-feira (2), uma nova edi\u00e7\u00e3o do evento de solidariedade foi realizada em Havana, reunindo delegados de 22 pa\u00edses, Brasil, Bol\u00edvia, Chile, M\u00e9xico, Argentina, Panam\u00e1, Estados Unidos, Col\u00f4mbia, Equador, Costa Rica, entre outros, para analisar poss\u00edveis linhas de a\u00e7\u00e3o nos cen\u00e1rios pol\u00edticos atuais.<\/p>\n<p>Na ter\u00e7a-feira (30), antes de participar do desfile do Primeiro de Maio, os delegados visitaram centros de produ\u00e7\u00e3o em Havana, onde puderam visualizar os efeitos do bloqueio sobre a economia cubana, particularmente no setor produtivo. A delega\u00e7\u00e3o brasileira conheceu o Complexo de Lactic\u00ednios sob a supervis\u00e3o do Sindicato Nacional dos Latic\u00ednios Ind\u00fastria Alimentar e Pesca, e a Empresa Provincial de Abastecimento de Transporte em Havana sob a supervis\u00e3o do Sindicato Nacional dos Trabalhadores da Administra\u00e7\u00e3o P\u00fablica.<\/p>\n<p>Neste rico interc\u00e2mbio, foi poss\u00edvel ter uma aproxima\u00e7\u00e3o mais precisa do que significa para o povo viver em um pequeno pa\u00eds bloqueado por uma das maiores pot\u00eancias econ\u00f4micas do mundo e as dificuldades que isso gera em todos os setores da sociedade e na vida cotidiana de cada fam\u00edlia cubana.<\/p>\n<p>A produ\u00e7\u00e3o de leite teve uma brusca queda. A capacidade de produ\u00e7\u00e3o da empresa \u00e9 de um milh\u00e3o de litros di\u00e1rios, por\u00e9m com a falta de insumos produzem diariamente entre cento vinte mil litros de leite, e com esse quantitativo t\u00e3o pequeno, est\u00e3o tendo que priorizar a merenda escolar. Cerca de quarenta mil litros s\u00e3o ensacados, como leite l\u00edquido puro para as crian\u00e7as pequenas terem o produto e a demais produ\u00e7\u00e3o \u00e9 distribu\u00edda como leite em p\u00f3. Na visita a uma unidade da Empresa Provincial de Suministros del Transporte (EPST) n\u00e3o foi diferente. O momento contou com a participa\u00e7\u00e3o dos sindicalistas sulamericanos integrantes do curso, dirigentes da empresa p\u00fablica de suprimentos de transportes, representantes do Sindicato Nacional de Trabajadores de la Administraci\u00f3n P\u00fablica (SNTAP), al\u00e9m do Vicegovernador de La Habana, Jes\u00fas Otamendiz Campos.<\/p>\n<p>Ap\u00f3s as explica\u00e7\u00f5es sobre o funcionamento da empresa e de sua rela\u00e7\u00e3o com a organiza\u00e7\u00e3o sindical dos trabalhadores, os visitantes puderam conhecer de perto a estrutura da unidade, incluindo a horta comunit\u00e1ria e o refeit\u00f3rio, espa\u00e7os dedicados \u00e0 melhoria das condi\u00e7\u00f5es de trabalho e conviv\u00eancia dos empregados. A presen\u00e7a de Otamendiz Campos sublinhou a relev\u00e2ncia deste encontro para o fortalecimento das rela\u00e7\u00f5es internacionais e a promo\u00e7\u00e3o de pr\u00e1ticas laborais justas e eficientes.<\/p>\n<p>A EPST e os trabalhadores organizados pelo SNTAP desempenham um papel crucial na manuten\u00e7\u00e3o e opera\u00e7\u00e3o dos servi\u00e7os de transporte em La Habana, enfrentando os desafios impostos pelo embargo econ\u00f4mico Norte Americano que patrocina os parcos recursos dispon\u00edveis em Cuba. A colabora\u00e7\u00e3o estreita entre a empresa e o sindicato, segundo exposto pelos representantes dos mesmos, visaria n\u00e3o apenas assegurar a efici\u00eancia operacional, mas tamb\u00e9m garantir que os direitos e o bem-estar dos\/ass trabalhadores\/as sejam protegidos. Iniciativas como a horta comunit\u00e1ria e o refeit\u00f3rio foram exemplos dados, como esfor\u00e7os para melhorar a qualidade de vida dos empregados, promovendo um ambiente de trabalho mais sustent\u00e1vel e colaborativo. Assim,\u00a0 destacaram a import\u00e2ncia da uni\u00e3o entre trabalhadores\/as e gest\u00e3o para superar dificuldades e continuar a prover servi\u00e7os essenciais para a popula\u00e7\u00e3o cubana. Em Cuba, em especial na EPST, os\/as trabalhadores\/as possuem representantes na gest\u00e3o da empresa e colaboram para que a mesma atinja os seus objetivos institucionais e sociais.<\/p>\n<p>Na abertura do evento (2), organizado pela Central de Trajadores de Cuba e pelo Instituto Cubano de Amizade com os Povos, Ulises Guilarte de Nacimiento, Secret\u00e1rio-Geral do CTC, destacou a import\u00e2ncia de \u201csocializar ideias e construir essa grande rede de solidariedade e negativas as a\u00e7\u00f5es estadunidenses\u201d. Destacou tamb\u00e9m a necessidade de apoio ao povo palestino e o vice-primeiro-ministro do Minist\u00e9rio das Rela\u00e7\u00f5es Exteriores de Cuba, Gerardo Pe\u00f1alver, complementou o di\u00e1logo fazendo um breve hist\u00f3rico sobre as rela\u00e7\u00f5es Cuba \u2013 Estados Unidos. As declara\u00e7\u00f5es apresentadas\u00a0 conclamaram os\/as presentes a manter firme a solidariedade com o povo cubano diante das crescentes medidas coercitivas impostas contra o pa\u00eds na administra\u00e7\u00e3o de Biden. Cuba resiste e avan\u00e7a apesar da pol\u00edtica sustentada de bloqueio econ\u00f4mico, comercial e financeiro, intensificada com medidas coercitivas unilaterais, adotadas pelo governo Trump e mantidas pelo governo Biden.<\/p>\n<p>A reuni\u00e3o com os delegados e delegadas continuou com as discuss\u00f5es em tr\u00eas comiss\u00f5es tem\u00e1ticas simult\u00e2neas: \u201cO sindicalismo global e as lutas dos trabalhadores no contexto atual\u201d, \u201cUnidade na diversidade, pelas causas justas dos povos\u201d e \u201cAs lutas de solidariedade , sociais e popular em defesa da paz e da soberania do povo\u201d.<\/p>\n<p>A exig\u00eancia do fim do bloqueio contra Cuba foi um dos temas recorrentes durante todas as atividades, assim como a campanha midi\u00e1tica manipulada a partir do exterior e dirigida \u00e0 juventude cubana e \u00e0 muitos pa\u00edses. Foi exposto as campanhas de \u00f3dio voltadas ao pa\u00eds e ao socialismo. Por isso, foi firmado compromisso entre as pessoas presentes de construir uma rede de combate \u00e0 essas manifesta\u00e7\u00f5es nos pa\u00edses de origem, mostrando a realidade do povo cubano nas redes sociais, terreno em que ataques tem se proliferado.<\/p>\n<p>Miguel D\u00edaz-Canel, primeiro-secret\u00e1rio do Comit\u00ea Central do Partido Comunista e presidente do pa\u00eds, destacou que 70% da delega\u00e7\u00e3o presente veio pela primeira vez em Cuba, o que refor\u00e7a o quanto Cuba continua sendo inspira\u00e7\u00e3o \u00e0 diferentes gera\u00e7\u00f5es. \u00c9 poss\u00edvel afirmar que Cuba foi tema recorrente de muitas discuss\u00f5es e interpreta\u00e7\u00f5es em v\u00e1rios pa\u00edses. No Brasil, a luta revolucion\u00e1ria foi pela maioria da imprensa tratada com grande temor, \u201co perigo comunista latino-americano\u201d estampou v\u00e1rios jornais e era recha\u00e7ada pela direita; no movimento estudantil ela foi amplamente debatida e inspirou v\u00e1rias atividades; nos militantes de esquerda despertou paix\u00e3o e entre pesquisadores, principalmente historiadores e soci\u00f3logos, gerou e continua despertando inquieta\u00e7\u00e3o na busca da compreens\u00e3o\u00a0 das influ\u00eancias nas lutas sociais internas.<\/p>\n<p>\u201cCuba continua sendo um referente e um espa\u00e7o de encontro para aqueles que aspiram um mundo melhor, e isso significa que tamb\u00e9m a fam\u00edlia da solidariedade est\u00e1 crescendo e que nas novas gera\u00e7\u00f5es o sentimento de solidariedade est\u00e1 se incrementando.\u201d, afirmou D\u00edas-Canel no evento. Se fizermos um levantamento historiogr\u00e1fico sobre Cuba no Brasil, veremos que Cuba permanece sendo objeto de interesse intelectual brasileiro e latinoamericano acerca da sua hist\u00f3ria e do seu destino. Podemos citar os estudos de Florestan Fernandes, Emir Sader, Abelardo Blanco e Carlos D\u00f3ria, Ivaldino<\/p>\n<p>Tasca e Ricardo P\u00e9rez, T\u00e2nia Quintaneiro, Denise Rollemberg e Id\u00e1lia Mor\u00e9jon. Tais estudos abordam uma gama variada de temas, e apresentam Cuba sob v\u00e1rias \u00f3ticas; nas suas rela\u00e7\u00f5es com a Am\u00e9rica Latina; nos impactos pol\u00edticos nos partidos e organiza\u00e7\u00f5es de esquerda; nas tratativas\u00a0 internacionais e impactos do bloqueio econ\u00f4mico; e sob os sacrif\u00edcios, hero\u00edsmo, benef\u00edcios, preju\u00edzos, ideologia e contradi\u00e7\u00f5es.<\/p>\n<p>A delega\u00e7\u00e3o brasileira participou da comiss\u00e3o que teve como tem\u00e1tica \u201cO sindicalismo global e as lutas dos trabalhadores no contexto atual\u201d. As falas da mesa refor\u00e7aram a import\u00e2ncia de n\u00e3o naturalizar o bloqueio. Todas colocaram para as pessoas presentes esse posicionamento e defesa como uma tarefa essencial. Apesar dos problemas que persistem para a economia de Cuba e para a qualidade de vida de sua popula\u00e7\u00e3o, \u00e9 percept\u00edvel os esfor\u00e7os do governo da ilha para evitar o colapso do regime socialista articulando uma nova rede de aliados internacionais, e esse evento ocorreu seguindo essa estrat\u00e9gia.<\/p>\n<p>O bloqueio \u00e9 a principal ferramenta do imperialismo em sua tentativa de quebrar e render o\u00a0 socialismo e internacionalismo dos cubanos. Esta pol\u00edtica hostil constitui uma viola\u00e7\u00e3o sistem\u00e1tica e permanente dos direitos humanos de todo um povo e o bloqueio representa o principal obst\u00e1culo ao desenvolvimento de Cuba, pois \u00e9 observ\u00e1vel infelizmente, que os cubanos permanecem se deparando d\u00e9cadas ap\u00f3s d\u00e9cadas com uma realidade cristalizada de perda do poder de compra no mercado internacional, com a consequente escassez de g\u00eaneros b\u00e1sicos, como alimentos e combust\u00edvel, e a ado\u00e7\u00e3o de r\u00edgidos programas de austeridade e racionamento. Durante os dias de hospedagem, vivenciamos falta de \u00e1gua e desligamentos de energia por alguns hor\u00e1rios. \u201cOs embargos econ\u00f4micos sempre existiram para n\u00f3s, mas Fidel conseguia negociar e tomar medidas que mantinha benef\u00edcios para a popula\u00e7\u00e3o. O governo tamb\u00e9m mudou n\u00e3o s\u00f3 aqui, como nos Estados Unidos, e o acesso aos produtos, mesmo de forma n\u00e3o regulamentada, era mais f\u00e1cil. Agora a fiscaliza\u00e7\u00e3o est\u00e1 intensa. Por exemplo, se um carburador de um carro desse nosso quebra, uma pe\u00e7a que a gente conseguia com at\u00e9 15 dias, hoje demora um m\u00eas at\u00e9 tr\u00eas. Um trabalhador passar um m\u00eas sem exercer sua atividade vai se sustentar como?\u201d, relatou Adrian, organizador de passeios nos carros cl\u00e1ssicos, vinculado ao Estado. Embora seja imposs\u00edvel estar em Cuba e n\u00e3o falar de Fidel, existe algumas poucas pessoas que relatam n\u00e3o ter gostado de Fidel e do regime ditatorial imposto. O historiador Daniel Aar\u00e3o Reis fez v\u00e1rias cr\u00edticas \u00e0 este aspecto nos seus estudos sobre Cuba. Ressalta Reis (2021) que:<\/p>\n<blockquote class=\"wp-block-quote\"><p>De tanto se transformar, o homem virou um s\u00edmbolo, quase que desencarnado, embora encarne do modo mais vivo, a revolu\u00e7\u00e3o que procurou sempre monopolizar e que ajudou a forjar como uma ditadura revolucion\u00e1ria. E se fez assim um ditador amado. Pata gl\u00f3ria sua e mis\u00e9ria das gentes da revolu\u00e7\u00e3o e de si mesmo.<\/p><\/blockquote>\n<p>Por outro lado, vimos durante a estadia que a maior transforma\u00e7\u00e3o ocorreu no setor de turismo, que se tornou a principal atividade econ\u00f4mica de Cuba. As grandes cadeias hoteleiras europ\u00e9ias, em particular as espanholas, aflu\u00edram para a ilha, constatadas ao chegar na Praia de Varadero, que d\u00e1 a impress\u00e3o de ser privativa dos h\u00f3spedes. A expans\u00e3o do turismo gerou igualmente um amplo mercado de trabalho em tempo integral ou parcial para muitos cubanos, em atividades informais como guias, motoristas e gar\u00e7ons. Passeamos pelas ruas de Havana Vieja e por Varadeiro e conversamos com diferentes categorias de trabalhadores. Adrian nos ofertou um passeio por pontos tur\u00edsticos por 25 d\u00f3lares; o gar\u00e7om Ruan nos confidenciou que recebia cerca de 3 mil pesos cubanos por m\u00eas, tinha flexibilidade de hor\u00e1rios e ganhava algumas gorjetas em d\u00f3lares, pesos e euros, a atendente Hanna contou que recebia cerca de 2500 pesos cubanos mensais, assim como uma oper\u00e1ria do ramo l\u00e1cteo. Os motoristas n\u00e3o tinham pre\u00e7o fixo, sabendo que lidavam com turistas, cobravam entre 5 \u00e0 12 mil pesos para transportar um grupo de 5 pessoas do San Agust\u00edn at\u00e9 o Capit\u00f3lio. O acesso a moedas fortes, d\u00f3lares ou euros, tornou os prestadores de servi\u00e7os aos estrangeiros um grupo privilegiado na sociedade cubana, minando alguns dos valores de igualitarismo. Ent\u00e3o \u00e9 inevit\u00e1vel observar uma contradi\u00e7\u00e3o vivenciada entre os trabalhadores vinculados aos servi\u00e7os p\u00fablicos, dos trabalhadores ligados ao turismo; dos propriet\u00e1rios das pequenas e m\u00e9dias empresas, dos propriet\u00e1rios de restaurantes e hotelaria.<\/p>\n<p>As autoridades cubanas autorizaram a cria\u00e7\u00e3o de empresas familiares, como os restaurantes caseiros que se tornaram conhecidos como \u201cpaladares\u201d e tamb\u00e9m pequenas oficinas de trabalhos manuais. Na visita na La casa de Martha, propriedade familiar e loja de roupas com 6 costureiras e uma funcion\u00e1ria que cuida das redes sociais e faz vendas externas, aa propriet\u00e1ria compartilhou algumas informa\u00e7\u00f5es. Em julho do ano passado, a loja que fica abaixo da sua moradia foi classificada como pequena empresa, ela paga taxas mensais e uma taxa anual sob a venda total do ano. Relatou que antes da pandemia vendia muitas roupas de linho, passou a comercializar roupas de viscose, pois o tecido comprado em uma empresa que vende apenas tecidos, est\u00e1 com valores mais caros. \u201cA mat\u00e9ria-prima, com o bloqueio tem encarecido muito com isso o produto final fixa mais caro, mas com todo custo, estamos conseguindo ainda nossa clientela interna. Os turistas t\u00eam comprado menos, o que tamb\u00e9m nos faz ter uma pol\u00edtica de pre\u00e7o diferenciada para o cubano e para visitantes\u201d disse, Martha.<\/p>\n<p>O peso subiu em tr\u00eas anos de 24 para 100 unidades por d\u00f3lar \u00e0 taxa oficial, enquanto no mercado paralelo \u00e9 cotado a 350 pesos por moeda. Nesse contexto, conclu\u00edmos que Cuba encontra-se em um momento de reflex\u00e3o e transforma\u00e7\u00e3o. O pa\u00eds \u00e9 administrado pelo Partido Comunista de Cuba (PCC), que tem em suas m\u00e3os o desafio de navegar por um mundo em constante mudan\u00e7a, mantendo ao mesmo tempo a ess\u00eancia da revolu\u00e7\u00e3o que definiu sua trajet\u00f3ria.<\/p>\n<p><strong>REFER\u00caNCIAS<\/strong><\/p>\n<p>ALTMANN, Werner.\u00a0<strong>M\u00e9xico e Cuba<\/strong>: revolu\u00e7\u00e3o, nacionalismo, pol\u00edtica externa. S\u00e3o Leopoldo: UNISINOS, 2002.<\/p>\n<p>ENCUENTRO INTERNACIONAL DE SOLIDARIDAD, 1., 2024, Havana, Cuba. Tema: El Movimiento sindical latinoamericano y los procesos pol\u00edticos en la construcci\u00f3n de la unidad en el contexto actual. Central de Trabajadores de Cuba; Secretar\u00eda Regional Am\u00e9rica Latina y El Caribe de la Federaci\u00f3n Sindical Mundial, Centro de Convenciones L\u00e1zaro Pe\u00f1a Gonz\u00e1lez de la CTC, Lisa, Havana, de 22 de abril a 3 de maio de 2024.<\/p>\n<p>FERNANDES, Florestan.\u00a0<strong>Da guerrilha ao Socialismo:<\/strong>\u00a0a Revolu\u00e7\u00e3o Cubana. S\u00e3o Paulo: T. A. Queiroz, 1979.<\/p>\n<p>HAVRANEK, Alice et al.; COGGIOLA, Osvaldo (org.).\u00a0<strong>Revolu\u00e7\u00e3o cubana<\/strong>: hist\u00f3ria e problemas atuais, S\u00e3o Paulo: Xam\u00e3, 1998.<\/p>\n<p>MATOS, Almir.\u00a0\u00a0<strong>Cuba:<\/strong>\u00a0a Revolu\u00e7\u00e3o na Am\u00e9rica. Rio de Janeiro: Editorial Vit\u00f3ria, 1961.<\/p>\n<p>MORAIS, Fernando.<strong>\u00a0A Ilha:\u00a0<\/strong>um rep\u00f3rter brasileiro no pa\u00eds de Fidel Castro. S\u00e3o Paulo: Alfa-Omega, 1977.<\/p>\n<p>REIS, Daniel Aar\u00e3o. A revolu\u00e7\u00e3o e o socialismo em Cuba.\u00a0<strong>A Terra \u00e9 Redonda<\/strong>\u00a0[Blog]. 31 jul. 2021. Dispon\u00edvel em: https:\/\/aterraeredonda.com.br\/a-revolucaoe-o-socialismo-em-cuba\/. Acesso em: 25 jun. 2024.<\/p>\n<p>__<br \/>\n<em>*Com Ivanilda Brito, Jos\u00e9 Leando Lino, Tiago Pascoal, Maria Lenilda Cordeiro<\/em><\/p>\n","protected":false},"excerpt":{"rendered":"<p>Contribui\u00e7\u00f5es informativas e hist\u00f3ricas a partir da participa\u00e7\u00e3o no Curso de Forma\u00e7\u00e3o Sindical durante os dias 22 de abril a 03 de maio de 2024, Havana, Cuba, que teve como tema \u201cEl movimiento sindical latino-americano y los procesos pol\u00edticos en la construcci\u00f3n de la unidad&#8230;<\/p>\n","protected":false},"author":2,"featured_media":20666,"comment_status":"open","ping_status":"open","sticky":false,"template":"","format":"standard","meta":[],"categories":[3],"tags":[],"amp_validity":null,"amp_enabled":true,"_links":{"self":[{"href":"https:\/\/sindsaudeba.org.br\/portal\/wp-json\/wp\/v2\/posts\/20665"}],"collection":[{"href":"https:\/\/sindsaudeba.org.br\/portal\/wp-json\/wp\/v2\/posts"}],"about":[{"href":"https:\/\/sindsaudeba.org.br\/portal\/wp-json\/wp\/v2\/types\/post"}],"author":[{"embeddable":true,"href":"https:\/\/sindsaudeba.org.br\/portal\/wp-json\/wp\/v2\/users\/2"}],"replies":[{"embeddable":true,"href":"https:\/\/sindsaudeba.org.br\/portal\/wp-json\/wp\/v2\/comments?post=20665"}],"version-history":[{"count":1,"href":"https:\/\/sindsaudeba.org.br\/portal\/wp-json\/wp\/v2\/posts\/20665\/revisions"}],"predecessor-version":[{"id":20668,"href":"https:\/\/sindsaudeba.org.br\/portal\/wp-json\/wp\/v2\/posts\/20665\/revisions\/20668"}],"wp:featuredmedia":[{"embeddable":true,"href":"https:\/\/sindsaudeba.org.br\/portal\/wp-json\/wp\/v2\/media\/20666"}],"wp:attachment":[{"href":"https:\/\/sindsaudeba.org.br\/portal\/wp-json\/wp\/v2\/media?parent=20665"}],"wp:term":[{"taxonomy":"category","embeddable":true,"href":"https:\/\/sindsaudeba.org.br\/portal\/wp-json\/wp\/v2\/categories?post=20665"},{"taxonomy":"post_tag","embeddable":true,"href":"https:\/\/sindsaudeba.org.br\/portal\/wp-json\/wp\/v2\/tags?post=20665"}],"curies":[{"name":"wp","href":"https:\/\/api.w.org\/{rel}","templated":true}]}}