{"id":20132,"date":"2024-04-25T14:11:56","date_gmt":"2024-04-25T17:11:56","guid":{"rendered":"https:\/\/sindsaudeba.org.br\/portal\/?p=20132"},"modified":"2024-04-25T14:18:54","modified_gmt":"2024-04-25T17:18:54","slug":"sindsaude-bahia-participa-da-semana-de-saude-e-seguranca-no-trabalho-do-hospital-geral-roberto-santos","status":"publish","type":"post","link":"https:\/\/sindsaudeba.org.br\/portal\/blog\/sindsaude-bahia-participa-da-semana-de-saude-e-seguranca-no-trabalho-do-hospital-geral-roberto-santos\/","title":{"rendered":"Sindsa\u00fade Bahia participa da Semana de Sa\u00fade e Seguran\u00e7a no Trabalho do Hospital Geral Roberto Santos"},"content":{"rendered":"<p><img loading=\"lazy\" class=\"size-medium wp-image-20133 alignleft\" src=\"https:\/\/sindsaudeba.org.br\/portal\/wp-content\/uploads\/2024\/04\/a289ff3e-d069-4b59-8725-c7f7510f7624-240x300.jpg\" alt=\"\" width=\"240\" height=\"300\" srcset=\"https:\/\/sindsaudeba.org.br\/portal\/wp-content\/uploads\/2024\/04\/a289ff3e-d069-4b59-8725-c7f7510f7624-240x300.jpg 240w, https:\/\/sindsaudeba.org.br\/portal\/wp-content\/uploads\/2024\/04\/a289ff3e-d069-4b59-8725-c7f7510f7624-819x1024.jpg 819w, https:\/\/sindsaudeba.org.br\/portal\/wp-content\/uploads\/2024\/04\/a289ff3e-d069-4b59-8725-c7f7510f7624-768x960.jpg 768w, https:\/\/sindsaudeba.org.br\/portal\/wp-content\/uploads\/2024\/04\/a289ff3e-d069-4b59-8725-c7f7510f7624-700x875.jpg 700w, https:\/\/sindsaudeba.org.br\/portal\/wp-content\/uploads\/2024\/04\/a289ff3e-d069-4b59-8725-c7f7510f7624.jpg 1024w\" sizes=\"(max-width: 240px) 100vw, 240px\" \/>Acontece no pr\u00f3ximo dia 26, \u00e0s 14h, no pr\u00e9dio anexo do Hospital Geral Roberto Santos, uma mesa redonda para debater o tema A\u00e7\u00e3o Coletiva para um Trabalho mais Humanizado e Menos Adoecedor, evento em alus\u00e3o ao Dia Mundial da Seguran\u00e7a e Sa\u00fade no Trabalho, comemorado no pr\u00f3ximo dia 28 de abril.<\/p>\n<p>O Sindsa\u00fade Bahia ser\u00e1 representado pelo diretor de Sa\u00fade do Trabalhador e Aposentados, Orlando Lago, que vai palestrar sobre \u201cO papel do sindicato na luta por ambientes de trabalho mais saud\u00e1veis\u201d.<\/p>\n<p>\u201cFui presidente da comiss\u00e3o de Sa\u00fade do Trabalhador local e vou apresentar elementos alinhados ao tema e que representam bem a realidade do hospital e principalmente o papel do sindicato na luta por ambientes adequados de trabalho\u201d, disse Orlando.<\/p>\n","protected":false},"excerpt":{"rendered":"<p>Acontece no pr\u00f3ximo dia 26, \u00e0s 14h, no pr\u00e9dio anexo do Hospital Geral Roberto Santos, uma mesa redonda para debater o tema A\u00e7\u00e3o Coletiva para um Trabalho mais Humanizado e Menos Adoecedor, evento em alus\u00e3o ao Dia Mundial da Seguran\u00e7a e Sa\u00fade no Trabalho, comemorado&#8230;<\/p>\n","protected":false},"author":2,"featured_media":20133,"comment_status":"open","ping_status":"open","sticky":false,"template":"","format":"standard","meta":[],"categories":[11,6,7],"tags":[],"amp_validity":null,"amp_enabled":true,"_links":{"self":[{"href":"https:\/\/sindsaudeba.org.br\/portal\/wp-json\/wp\/v2\/posts\/20132"}],"collection":[{"href":"https:\/\/sindsaudeba.org.br\/portal\/wp-json\/wp\/v2\/posts"}],"about":[{"href":"https:\/\/sindsaudeba.org.br\/portal\/wp-json\/wp\/v2\/types\/post"}],"author":[{"embeddable":true,"href":"https:\/\/sindsaudeba.org.br\/portal\/wp-json\/wp\/v2\/users\/2"}],"replies":[{"embeddable":true,"href":"https:\/\/sindsaudeba.org.br\/portal\/wp-json\/wp\/v2\/comments?post=20132"}],"version-history":[{"count":1,"href":"https:\/\/sindsaudeba.org.br\/portal\/wp-json\/wp\/v2\/posts\/20132\/revisions"}],"predecessor-version":[{"id":20134,"href":"https:\/\/sindsaudeba.org.br\/portal\/wp-json\/wp\/v2\/posts\/20132\/revisions\/20134"}],"wp:featuredmedia":[{"embeddable":true,"href":"https:\/\/sindsaudeba.org.br\/portal\/wp-json\/wp\/v2\/media\/20133"}],"wp:attachment":[{"href":"https:\/\/sindsaudeba.org.br\/portal\/wp-json\/wp\/v2\/media?parent=20132"}],"wp:term":[{"taxonomy":"category","embeddable":true,"href":"https:\/\/sindsaudeba.org.br\/portal\/wp-json\/wp\/v2\/categories?post=20132"},{"taxonomy":"post_tag","embeddable":true,"href":"https:\/\/sindsaudeba.org.br\/portal\/wp-json\/wp\/v2\/tags?post=20132"}],"curies":[{"name":"wp","href":"https:\/\/api.w.org\/{rel}","templated":true}]}}