{"id":20128,"date":"2024-04-25T12:18:05","date_gmt":"2024-04-25T15:18:05","guid":{"rendered":"https:\/\/sindsaudeba.org.br\/portal\/?p=20128"},"modified":"2024-04-25T12:18:05","modified_gmt":"2024-04-25T15:18:05","slug":"sindsaude-bahia-realiza-assembleia-geral-nesta-sexta-feira-26","status":"publish","type":"post","link":"https:\/\/sindsaudeba.org.br\/portal\/blog\/sindsaude-bahia-realiza-assembleia-geral-nesta-sexta-feira-26\/","title":{"rendered":"Sindsa\u00fade Bahia realiza Assembleia Geral nesta sexta-feira 26"},"content":{"rendered":"<p>A pr\u00f3xima sexta-feira, dia 26 de abril, o Sindsa\u00fade Bahia realiza Assembleia Geral on line, \u00e0s 17h, onde vai discutir a participa\u00e7\u00e3o dos servidores da sa\u00fade no Ato P\u00fablico convocado pela FESPBA para o dia 29, a ser realizado \u00e0s 9h, em frente \u00e0 sede do Centro de Opera\u00e7\u00f5es e Intelig\u00eancia de Seguran\u00e7a P\u00fablica 2 de Julho (COI), no Centro Administrativo da Bahia (CAB) e atualizar os servidores sobre a campanha pelo reajuste salarial.<\/p>\n<p>O Sindsa\u00fade convoca os servidores, sendo de extrema import\u00e2ncia a participa\u00e7\u00e3o de todos neste momento de luta por nossa valoriza\u00e7\u00e3o. Continuamos na luta!<br \/>\nSindicato forte \u00e9 sindicato unido! Somente desta forma seremos ouvidos e conquistaremos nossas vit\u00f3rias.<\/p>\n","protected":false},"excerpt":{"rendered":"<p>A pr\u00f3xima sexta-feira, dia 26 de abril, o Sindsa\u00fade Bahia realiza Assembleia Geral on line, \u00e0s 17h, onde vai discutir a participa\u00e7\u00e3o dos servidores da sa\u00fade no Ato P\u00fablico convocado pela FESPBA para o dia 29, a ser realizado \u00e0s 9h, em frente \u00e0 sede&#8230;<\/p>\n","protected":false},"author":2,"featured_media":20129,"comment_status":"open","ping_status":"open","sticky":false,"template":"","format":"standard","meta":[],"categories":[11,6],"tags":[],"amp_validity":null,"amp_enabled":true,"_links":{"self":[{"href":"https:\/\/sindsaudeba.org.br\/portal\/wp-json\/wp\/v2\/posts\/20128"}],"collection":[{"href":"https:\/\/sindsaudeba.org.br\/portal\/wp-json\/wp\/v2\/posts"}],"about":[{"href":"https:\/\/sindsaudeba.org.br\/portal\/wp-json\/wp\/v2\/types\/post"}],"author":[{"embeddable":true,"href":"https:\/\/sindsaudeba.org.br\/portal\/wp-json\/wp\/v2\/users\/2"}],"replies":[{"embeddable":true,"href":"https:\/\/sindsaudeba.org.br\/portal\/wp-json\/wp\/v2\/comments?post=20128"}],"version-history":[{"count":1,"href":"https:\/\/sindsaudeba.org.br\/portal\/wp-json\/wp\/v2\/posts\/20128\/revisions"}],"predecessor-version":[{"id":20130,"href":"https:\/\/sindsaudeba.org.br\/portal\/wp-json\/wp\/v2\/posts\/20128\/revisions\/20130"}],"wp:featuredmedia":[{"embeddable":true,"href":"https:\/\/sindsaudeba.org.br\/portal\/wp-json\/wp\/v2\/media\/20129"}],"wp:attachment":[{"href":"https:\/\/sindsaudeba.org.br\/portal\/wp-json\/wp\/v2\/media?parent=20128"}],"wp:term":[{"taxonomy":"category","embeddable":true,"href":"https:\/\/sindsaudeba.org.br\/portal\/wp-json\/wp\/v2\/categories?post=20128"},{"taxonomy":"post_tag","embeddable":true,"href":"https:\/\/sindsaudeba.org.br\/portal\/wp-json\/wp\/v2\/tags?post=20128"}],"curies":[{"name":"wp","href":"https:\/\/api.w.org\/{rel}","templated":true}]}}