{"id":19941,"date":"2024-03-13T10:31:16","date_gmt":"2024-03-13T13:31:16","guid":{"rendered":"https:\/\/sindsaudeba.org.br\/portal\/?p=19941"},"modified":"2024-03-13T10:33:11","modified_gmt":"2024-03-13T13:33:11","slug":"diretoria-do-sindsaude-realiza-reuniao-para-definir-a-criacao-de-campanha-sou-servidor-a-mereco-respeito-reajuste-salarial-ja","status":"publish","type":"post","link":"https:\/\/sindsaudeba.org.br\/portal\/blog\/diretoria-do-sindsaude-realiza-reuniao-para-definir-a-criacao-de-campanha-sou-servidor-a-mereco-respeito-reajuste-salarial-ja\/","title":{"rendered":"Diretoria do Sindsa\u00fade realiza reuni\u00e3o para definir a cria\u00e7\u00e3o de campanha \u201cSou servidor (a), mere\u00e7o respeito, reajuste salarial, j\u00e1!\u201d"},"content":{"rendered":"<p>A diretoria do Sindsa\u00fade Bahia realizou, na tarde desta segunda-feira (11) uma reuni\u00e3o h\u00edbrida para discutir o lan\u00e7amento de uma campanha pela cobran\u00e7a de reajuste digno para os servidores da sa\u00fade do estado.<br \/>\nDe acordo com estudo do Dieese, a defasagem salarial dos servidores do estado, nos \u00faltimos 8 anos \u00e9 54,25%. A data-base da categoria foi em janeiro e at\u00e9 o momento, n\u00e3o houve nenhum pronunciamento por parte do Governo do Estado a respeito.<\/p>\n<p>Na reuni\u00e3o, a equipe de comunica\u00e7\u00e3o apresentou ideias, propostas e a\u00e7\u00f5es que se iniciam no dia 15 de mar\u00e7o. O encontro prop\u00f4s a\u00e7\u00f5es como outdoor, v\u00eddeos com participa\u00e7\u00e3o dos servidores e VT de campanha institucional, entre outras a\u00e7\u00f5es de comunica\u00e7\u00e3o.<\/p>\n<p>\u201cN\u00e3o podemos nos calar diante do sil\u00eancio e da omiss\u00e3o do Governo do Estado, que ainda n\u00e3o se pronunciou a respeito do reajuste salarial. Temos outras quest\u00f5es que afetam diretamente os servidores da sa\u00fade. Ent\u00e3o vamos ouvir nossos servidores e servidoras para que possamos dar in\u00edcio a campanha, n\u00e3o s\u00f3 pelo reajuste, mas por melhorias das condi\u00e7\u00f5es de trabalho dos nossos servidores. Por este motivo \u00e9 importante que eles participem das assembleias e abracem esta campanha com a gente&#8221;, enfatizou a presidente Ivanilda Brito.<\/p>\n<p>Para a diretora de comunica\u00e7\u00e3o, Emanuela Valois, a campanha ser\u00e1 uma das a\u00e7\u00f5es que vamos realizar. \u201cAl\u00e9m das campanhas, vamos nos reaproximar dos trabalhadores nas unidades convidando para participar e aumentar as mobiliza\u00e7\u00f5es nas redes e nas a\u00e7\u00f5es nas unidades e at\u00e9 no CAB, quando realizar. Essa luta \u00e9 coletiva e a uni\u00e3o faz a diferen\u00e7a. A defesa \u00e9 pelos nossos direitos\u201d, pontuou Emanuela.<\/p>\n","protected":false},"excerpt":{"rendered":"<p>A diretoria do Sindsa\u00fade Bahia realizou, na tarde desta segunda-feira (11) uma reuni\u00e3o h\u00edbrida para discutir o lan\u00e7amento de uma campanha pela cobran\u00e7a de reajuste digno para os servidores da sa\u00fade do estado. De acordo com estudo do Dieese, a defasagem salarial dos servidores do&#8230;<\/p>\n","protected":false},"author":2,"featured_media":19942,"comment_status":"open","ping_status":"open","sticky":false,"template":"","format":"standard","meta":[],"categories":[11,6],"tags":[],"amp_validity":null,"amp_enabled":true,"_links":{"self":[{"href":"https:\/\/sindsaudeba.org.br\/portal\/wp-json\/wp\/v2\/posts\/19941"}],"collection":[{"href":"https:\/\/sindsaudeba.org.br\/portal\/wp-json\/wp\/v2\/posts"}],"about":[{"href":"https:\/\/sindsaudeba.org.br\/portal\/wp-json\/wp\/v2\/types\/post"}],"author":[{"embeddable":true,"href":"https:\/\/sindsaudeba.org.br\/portal\/wp-json\/wp\/v2\/users\/2"}],"replies":[{"embeddable":true,"href":"https:\/\/sindsaudeba.org.br\/portal\/wp-json\/wp\/v2\/comments?post=19941"}],"version-history":[{"count":2,"href":"https:\/\/sindsaudeba.org.br\/portal\/wp-json\/wp\/v2\/posts\/19941\/revisions"}],"predecessor-version":[{"id":19945,"href":"https:\/\/sindsaudeba.org.br\/portal\/wp-json\/wp\/v2\/posts\/19941\/revisions\/19945"}],"wp:featuredmedia":[{"embeddable":true,"href":"https:\/\/sindsaudeba.org.br\/portal\/wp-json\/wp\/v2\/media\/19942"}],"wp:attachment":[{"href":"https:\/\/sindsaudeba.org.br\/portal\/wp-json\/wp\/v2\/media?parent=19941"}],"wp:term":[{"taxonomy":"category","embeddable":true,"href":"https:\/\/sindsaudeba.org.br\/portal\/wp-json\/wp\/v2\/categories?post=19941"},{"taxonomy":"post_tag","embeddable":true,"href":"https:\/\/sindsaudeba.org.br\/portal\/wp-json\/wp\/v2\/tags?post=19941"}],"curies":[{"name":"wp","href":"https:\/\/api.w.org\/{rel}","templated":true}]}}