{"id":19932,"date":"2024-03-13T10:00:00","date_gmt":"2024-03-13T13:00:00","guid":{"rendered":"https:\/\/sindsaudeba.org.br\/portal\/?p=19932"},"modified":"2024-03-13T10:03:24","modified_gmt":"2024-03-13T13:03:24","slug":"sindsaude-ba-participa-da-elaboracao-das-oficinas-estaduais-para-do-programa-nacional-de-atencao-integral-a-saude-e-seguranca-da-trabalhadora-e-trabalhador-do-sus-pnaist","status":"publish","type":"post","link":"https:\/\/sindsaudeba.org.br\/portal\/blog\/sindsaude-ba-participa-da-elaboracao-das-oficinas-estaduais-para-do-programa-nacional-de-atencao-integral-a-saude-e-seguranca-da-trabalhadora-e-trabalhador-do-sus-pnaist\/","title":{"rendered":"Sindsa\u00fade Ba participa da elabora\u00e7\u00e3o das Oficinas Estaduais para do Programa Nacional de Aten\u00e7\u00e3o Integral \u00e0 Sa\u00fade e Seguran\u00e7a da Trabalhadora e Trabalhador do SUS (PNAIST)"},"content":{"rendered":"<p><img loading=\"lazy\" class=\"size-medium wp-image-19933 alignleft\" src=\"https:\/\/sindsaudeba.org.br\/portal\/wp-content\/uploads\/2024\/03\/WhatsApp-Image-2024-03-13-at-09.54.09-300x215.jpeg\" alt=\"\" width=\"300\" height=\"215\" srcset=\"https:\/\/sindsaudeba.org.br\/portal\/wp-content\/uploads\/2024\/03\/WhatsApp-Image-2024-03-13-at-09.54.09-300x215.jpeg 300w, https:\/\/sindsaudeba.org.br\/portal\/wp-content\/uploads\/2024\/03\/WhatsApp-Image-2024-03-13-at-09.54.09-1024x733.jpeg 1024w, https:\/\/sindsaudeba.org.br\/portal\/wp-content\/uploads\/2024\/03\/WhatsApp-Image-2024-03-13-at-09.54.09-768x550.jpeg 768w, https:\/\/sindsaudeba.org.br\/portal\/wp-content\/uploads\/2024\/03\/WhatsApp-Image-2024-03-13-at-09.54.09-1536x1100.jpeg 1536w, https:\/\/sindsaudeba.org.br\/portal\/wp-content\/uploads\/2024\/03\/WhatsApp-Image-2024-03-13-at-09.54.09-700x501.jpeg 700w, https:\/\/sindsaudeba.org.br\/portal\/wp-content\/uploads\/2024\/03\/WhatsApp-Image-2024-03-13-at-09.54.09.jpeg 1600w\" sizes=\"(max-width: 300px) 100vw, 300px\" \/>Nos dias 12 e 13 de mar\u00e7o de 2024, a Secret\u00e1ria Geral do Sindsa\u00fade Bahia, Ana Carina Dunham, atuando na equipe de pesquisadores da EEUFBA, junto com a professora Dra. Cristina Melo, sob a coordena\u00e7\u00e3o da professora Dra. Tatiane Ara\u00fajo, est\u00e1 coordenando algumas oficinas estaduais para elabora\u00e7\u00e3o do Programa Nacional de Aten\u00e7\u00e3o Integral \u00e0 Sa\u00fade e Seguran\u00e7a da Trabalhadora e do Trabalhador do SUS (PNAIST). Os objetivos destas oficinas ser\u00e3o a sistematiza\u00e7\u00e3o de demandas locais para a elabora\u00e7\u00e3o do programa nacional e identifica\u00e7\u00e3o de prioridades e estrat\u00e9gias para a elabora\u00e7\u00e3o do PNAIST\/SUS.<\/p>\n<p>&nbsp;<\/p>\n<p><img loading=\"lazy\" class=\"size-medium wp-image-19935 alignright\" src=\"https:\/\/sindsaudeba.org.br\/portal\/wp-content\/uploads\/2024\/03\/WhatsApp-Image-2024-03-13-at-09.54.10-1-225x300.jpeg\" alt=\"\" width=\"225\" height=\"300\" srcset=\"https:\/\/sindsaudeba.org.br\/portal\/wp-content\/uploads\/2024\/03\/WhatsApp-Image-2024-03-13-at-09.54.10-1-225x300.jpeg 225w, https:\/\/sindsaudeba.org.br\/portal\/wp-content\/uploads\/2024\/03\/WhatsApp-Image-2024-03-13-at-09.54.10-1-768x1024.jpeg 768w, https:\/\/sindsaudeba.org.br\/portal\/wp-content\/uploads\/2024\/03\/WhatsApp-Image-2024-03-13-at-09.54.10-1-1152x1536.jpeg 1152w, https:\/\/sindsaudeba.org.br\/portal\/wp-content\/uploads\/2024\/03\/WhatsApp-Image-2024-03-13-at-09.54.10-1-600x800.jpeg 600w, https:\/\/sindsaudeba.org.br\/portal\/wp-content\/uploads\/2024\/03\/WhatsApp-Image-2024-03-13-at-09.54.10-1-700x933.jpeg 700w, https:\/\/sindsaudeba.org.br\/portal\/wp-content\/uploads\/2024\/03\/WhatsApp-Image-2024-03-13-at-09.54.10-1.jpeg 1200w\" sizes=\"(max-width: 225px) 100vw, 225px\" \/><\/p>\n<p>Essas oficinas s\u00e3o uma iniciativa da SEGETS\/DEGERTS\/CGVATS do Minist\u00e9rio da Sa\u00fade. As oficinas ocorrem com\u00a0a participa\u00e7\u00e3o de grupos porta-vozes, representados pelos segmentos de gestores, trabalhadores, pesquisadores, sindicalistas e associa\u00e7\u00f5es, constituindo-se como um momento inicial da constru\u00e7\u00e3o do PNAIST.<\/p>\n","protected":false},"excerpt":{"rendered":"<p>Nos dias 12 e 13 de mar\u00e7o de 2024, a Secret\u00e1ria Geral do Sindsa\u00fade Bahia, Ana Carina Dunham, atuando na equipe de pesquisadores da EEUFBA, junto com a professora Dra. Cristina Melo, sob a coordena\u00e7\u00e3o da professora Dra. Tatiane Ara\u00fajo, est\u00e1 coordenando algumas oficinas estaduais&#8230;<\/p>\n","protected":false},"author":2,"featured_media":19934,"comment_status":"open","ping_status":"open","sticky":false,"template":"","format":"standard","meta":[],"categories":[11,6],"tags":[],"amp_validity":null,"amp_enabled":true,"_links":{"self":[{"href":"https:\/\/sindsaudeba.org.br\/portal\/wp-json\/wp\/v2\/posts\/19932"}],"collection":[{"href":"https:\/\/sindsaudeba.org.br\/portal\/wp-json\/wp\/v2\/posts"}],"about":[{"href":"https:\/\/sindsaudeba.org.br\/portal\/wp-json\/wp\/v2\/types\/post"}],"author":[{"embeddable":true,"href":"https:\/\/sindsaudeba.org.br\/portal\/wp-json\/wp\/v2\/users\/2"}],"replies":[{"embeddable":true,"href":"https:\/\/sindsaudeba.org.br\/portal\/wp-json\/wp\/v2\/comments?post=19932"}],"version-history":[{"count":3,"href":"https:\/\/sindsaudeba.org.br\/portal\/wp-json\/wp\/v2\/posts\/19932\/revisions"}],"predecessor-version":[{"id":19939,"href":"https:\/\/sindsaudeba.org.br\/portal\/wp-json\/wp\/v2\/posts\/19932\/revisions\/19939"}],"wp:featuredmedia":[{"embeddable":true,"href":"https:\/\/sindsaudeba.org.br\/portal\/wp-json\/wp\/v2\/media\/19934"}],"wp:attachment":[{"href":"https:\/\/sindsaudeba.org.br\/portal\/wp-json\/wp\/v2\/media?parent=19932"}],"wp:term":[{"taxonomy":"category","embeddable":true,"href":"https:\/\/sindsaudeba.org.br\/portal\/wp-json\/wp\/v2\/categories?post=19932"},{"taxonomy":"post_tag","embeddable":true,"href":"https:\/\/sindsaudeba.org.br\/portal\/wp-json\/wp\/v2\/tags?post=19932"}],"curies":[{"name":"wp","href":"https:\/\/api.w.org\/{rel}","templated":true}]}}