{"id":19924,"date":"2024-03-11T09:21:34","date_gmt":"2024-03-11T12:21:34","guid":{"rendered":"https:\/\/sindsaudeba.org.br\/portal\/?p=19924"},"modified":"2024-03-11T09:21:34","modified_gmt":"2024-03-11T12:21:34","slug":"marcha-do-8-de-marco-toma-as-ruas-em-defesa-dos-direitos-das-mulheres","status":"publish","type":"post","link":"https:\/\/sindsaudeba.org.br\/portal\/blog\/marcha-do-8-de-marco-toma-as-ruas-em-defesa-dos-direitos-das-mulheres\/","title":{"rendered":"Marcha do 8 de Mar\u00e7o toma as ruas em defesa dos Direitos das Mulheres"},"content":{"rendered":"<p><img loading=\"lazy\" class=\"size-medium wp-image-19925 alignleft\" src=\"https:\/\/sindsaudeba.org.br\/portal\/wp-content\/uploads\/2024\/03\/WhatsApp-Image-2024-03-11-at-09.18.39-300x300.jpeg\" alt=\"\" width=\"300\" height=\"300\" srcset=\"https:\/\/sindsaudeba.org.br\/portal\/wp-content\/uploads\/2024\/03\/WhatsApp-Image-2024-03-11-at-09.18.39-300x300.jpeg 300w, https:\/\/sindsaudeba.org.br\/portal\/wp-content\/uploads\/2024\/03\/WhatsApp-Image-2024-03-11-at-09.18.39-1024x1024.jpeg 1024w, https:\/\/sindsaudeba.org.br\/portal\/wp-content\/uploads\/2024\/03\/WhatsApp-Image-2024-03-11-at-09.18.39-150x150.jpeg 150w, https:\/\/sindsaudeba.org.br\/portal\/wp-content\/uploads\/2024\/03\/WhatsApp-Image-2024-03-11-at-09.18.39-768x768.jpeg 768w, https:\/\/sindsaudeba.org.br\/portal\/wp-content\/uploads\/2024\/03\/WhatsApp-Image-2024-03-11-at-09.18.39-570x570.jpeg 570w, https:\/\/sindsaudeba.org.br\/portal\/wp-content\/uploads\/2024\/03\/WhatsApp-Image-2024-03-11-at-09.18.39-500x500.jpeg 500w, https:\/\/sindsaudeba.org.br\/portal\/wp-content\/uploads\/2024\/03\/WhatsApp-Image-2024-03-11-at-09.18.39-1000x1000.jpeg 1000w, https:\/\/sindsaudeba.org.br\/portal\/wp-content\/uploads\/2024\/03\/WhatsApp-Image-2024-03-11-at-09.18.39-700x700.jpeg 700w, https:\/\/sindsaudeba.org.br\/portal\/wp-content\/uploads\/2024\/03\/WhatsApp-Image-2024-03-11-at-09.18.39.jpeg 1080w\" sizes=\"(max-width: 300px) 100vw, 300px\" \/>Na \u00faltima sexta-feira, o centro de Salvador foi tomado por lideran\u00e7as femininas e entidades para celebrar o 8 de Mar\u00e7o &#8211; Dia Internacional da Mulher. Com um trio el\u00e9trico, milhares de pessoas acompanharam a caminhada, que saiu do Campo Grande e chegou \u00e0 Pra\u00e7a Castro Alves. Esse ano, a palavra de ordem central foi &#8220;Mulheres na luta, em defesa dos nossos corpos, territ\u00f3rios e identidades. Por democracia, contra a viol\u00eancia e a explora\u00e7\u00e3o&#8221;.<\/p>\n<p>Refor\u00e7ando o tema geral e com sua mensagem &#8220;Trabalhadoras por igualdade salarial, democracia, mais mulheres na pol\u00edtica e contra todos os tipos de viol\u00eancia&#8221;, a CTB Bahia se uniu \u00e0s entidades feministas, aos partidos de esquerda como o PCdoB, PT e PSB, al\u00e9m das deputadas do PCdoB Alice Portugal (federal) e Ol\u00edvia Santana (estadual).<\/p>\n<p>&#8220;Voltamos \u00e0s ruas para reafirmar nosso compromisso com o novo Brasil que est\u00e1 sendo constru\u00eddo com muita dificuldade, mas precisamos valorizar o SUS, defender os direitos dos servidores p\u00fablicos da sa\u00fade e abrir concurso p\u00fablico para SESAB. Estamos lutando por igualdade salarial e respeito! Ainda vemos casos na m\u00eddia e precisamos educar a todos n\u00f3s com a palavra RESPEITO\u201d, afirma Ivanilda Brito presidente do Sindsa\u00fade Bahia. <img loading=\"lazy\" class=\"size-medium wp-image-19926 alignleft\" src=\"https:\/\/sindsaudeba.org.br\/portal\/wp-content\/uploads\/2024\/03\/WhatsApp-Image-2024-03-08-at-15.31.54-300x169.jpeg\" alt=\"\" width=\"300\" height=\"169\" srcset=\"https:\/\/sindsaudeba.org.br\/portal\/wp-content\/uploads\/2024\/03\/WhatsApp-Image-2024-03-08-at-15.31.54-300x169.jpeg 300w, https:\/\/sindsaudeba.org.br\/portal\/wp-content\/uploads\/2024\/03\/WhatsApp-Image-2024-03-08-at-15.31.54-539x303.jpeg 539w, https:\/\/sindsaudeba.org.br\/portal\/wp-content\/uploads\/2024\/03\/WhatsApp-Image-2024-03-08-at-15.31.54.jpeg 680w\" sizes=\"(max-width: 300px) 100vw, 300px\" \/><img loading=\"lazy\" class=\"size-medium wp-image-19927 alignright\" src=\"https:\/\/sindsaudeba.org.br\/portal\/wp-content\/uploads\/2024\/03\/WhatsApp-Image-2024-03-08-at-15.46.34-300x169.jpeg\" alt=\"\" width=\"300\" height=\"169\" srcset=\"https:\/\/sindsaudeba.org.br\/portal\/wp-content\/uploads\/2024\/03\/WhatsApp-Image-2024-03-08-at-15.46.34-300x169.jpeg 300w, https:\/\/sindsaudeba.org.br\/portal\/wp-content\/uploads\/2024\/03\/WhatsApp-Image-2024-03-08-at-15.46.34-1024x576.jpeg 1024w, https:\/\/sindsaudeba.org.br\/portal\/wp-content\/uploads\/2024\/03\/WhatsApp-Image-2024-03-08-at-15.46.34-768x432.jpeg 768w, https:\/\/sindsaudeba.org.br\/portal\/wp-content\/uploads\/2024\/03\/WhatsApp-Image-2024-03-08-at-15.46.34-700x394.jpeg 700w, https:\/\/sindsaudeba.org.br\/portal\/wp-content\/uploads\/2024\/03\/WhatsApp-Image-2024-03-08-at-15.46.34-539x303.jpeg 539w, https:\/\/sindsaudeba.org.br\/portal\/wp-content\/uploads\/2024\/03\/WhatsApp-Image-2024-03-08-at-15.46.34.jpeg 1280w\" sizes=\"(max-width: 300px) 100vw, 300px\" \/><\/p>\n<p>Parlamentar de destaque na C\u00e2mara Federal, Alice Portugal refor\u00e7ou a import\u00e2ncia da participa\u00e7\u00e3o feminina na pol\u00edtica. &#8220;Nossa luta \u00e9 pela vida, por direitos, contra a viol\u00eancia, por democracia e pela igualdade. Hoje \u00e9 mais um dia de resist\u00eancia em defesa de um pa\u00eds com mais mulheres na pol\u00edtica, nos espa\u00e7os de poder e na ci\u00eancia. N\u00e3o podemos aceitar que somos maioria do eleitorado e da popula\u00e7\u00e3o e ter baixa representa\u00e7\u00e3o pol\u00edtica. Somos 16% nas c\u00e2maras municipais, 12,1% nas prefeituras, 18% nas assembleias legislativas, 16,9% na C\u00e2mara Federal e 18% no Senado. Vamos atuar para mudar essa realidade&#8221;, destacou.<\/p>\n<p><img loading=\"lazy\" class=\"size-medium wp-image-19929 alignright\" src=\"https:\/\/sindsaudeba.org.br\/portal\/wp-content\/uploads\/2024\/03\/WhatsApp-Image-2024-03-08-at-17.42.07-225x300.jpeg\" alt=\"\" width=\"225\" height=\"300\" srcset=\"https:\/\/sindsaudeba.org.br\/portal\/wp-content\/uploads\/2024\/03\/WhatsApp-Image-2024-03-08-at-17.42.07-225x300.jpeg 225w, https:\/\/sindsaudeba.org.br\/portal\/wp-content\/uploads\/2024\/03\/WhatsApp-Image-2024-03-08-at-17.42.07-768x1024.jpeg 768w, https:\/\/sindsaudeba.org.br\/portal\/wp-content\/uploads\/2024\/03\/WhatsApp-Image-2024-03-08-at-17.42.07-600x800.jpeg 600w, https:\/\/sindsaudeba.org.br\/portal\/wp-content\/uploads\/2024\/03\/WhatsApp-Image-2024-03-08-at-17.42.07-700x933.jpeg 700w, https:\/\/sindsaudeba.org.br\/portal\/wp-content\/uploads\/2024\/03\/WhatsApp-Image-2024-03-08-at-17.42.07.jpeg 960w\" sizes=\"(max-width: 225px) 100vw, 225px\" \/><\/p>\n<p>Al\u00e9m da defesa dos direitos femininos, Ol\u00edvia Santana \u00e9 uma voz na defesa dos direitos humanos. Ela falou da necessidade de se combater a viol\u00eancia. &#8220;Segundo o F\u00f3rum Brasileiro de Seguran\u00e7a P\u00fablica, no ano passado, 1.463 brasileiras foram v\u00edtimas de feminic\u00eddio no Brasil. A viol\u00eancia dom\u00e9stica cresceu quase 3%, chegando a mais de 245,7 mil agress\u00f5es em 2022. Cerca de 33% das brasileiras com 16 anos ou mais sofreram viol\u00eancia f\u00edsica e\/ou sexual por parte de parceiro \u00edntimo ou ex-companheiro ao longo da vida. Outros 29% passaram por algum tipo de viol\u00eancia ou agress\u00e3o em 2022. \u00c9 importante refor\u00e7ar pol\u00edticas p\u00fablicas de prote\u00e7\u00e3o, como implantar mais delegacias da mulher e mais centros de refer\u00eancias, por exemplo\u201d.<\/p>\n<p><img loading=\"lazy\" class=\"size-medium wp-image-19928 alignleft\" src=\"https:\/\/sindsaudeba.org.br\/portal\/wp-content\/uploads\/2024\/03\/WhatsApp-Image-2024-03-08-at-15.46.36-300x169.jpeg\" alt=\"\" width=\"300\" height=\"169\" srcset=\"https:\/\/sindsaudeba.org.br\/portal\/wp-content\/uploads\/2024\/03\/WhatsApp-Image-2024-03-08-at-15.46.36-300x169.jpeg 300w, https:\/\/sindsaudeba.org.br\/portal\/wp-content\/uploads\/2024\/03\/WhatsApp-Image-2024-03-08-at-15.46.36-1024x576.jpeg 1024w, https:\/\/sindsaudeba.org.br\/portal\/wp-content\/uploads\/2024\/03\/WhatsApp-Image-2024-03-08-at-15.46.36-768x432.jpeg 768w, https:\/\/sindsaudeba.org.br\/portal\/wp-content\/uploads\/2024\/03\/WhatsApp-Image-2024-03-08-at-15.46.36-700x394.jpeg 700w, https:\/\/sindsaudeba.org.br\/portal\/wp-content\/uploads\/2024\/03\/WhatsApp-Image-2024-03-08-at-15.46.36-539x303.jpeg 539w, https:\/\/sindsaudeba.org.br\/portal\/wp-content\/uploads\/2024\/03\/WhatsApp-Image-2024-03-08-at-15.46.36.jpeg 1280w\" sizes=\"(max-width: 300px) 100vw, 300px\" \/><\/p>\n<p>&nbsp;<\/p>\n<p>\u201cVamos ocupar todos os espa\u00e7os, n\u00f3s mulheres merecemos respeito e pol\u00edticas p\u00fablicas que garantam igualdade desde a oportunidade at\u00e9 aos sal\u00e1rios, provamos que temos a mesma ou mais capacidade. Queremos mais respeito e mais mulheres na pol\u00edtica!\u201d, pontuou Martha Bispo \u2013 diretora de Assuntos para Mulheres Sindsa\u00fadeBa.<\/p>\n<p>Neste dia t\u00e3o importante para todas as baianas que sofrem a cada dia com desigualdade e preconceito nessa luta dif\u00edcil, mas n\u00e3o imposs\u00edvel, a palavra de ordem \u00e9 a sororidade feminina.<\/p>\n","protected":false},"excerpt":{"rendered":"<p>Na \u00faltima sexta-feira, o centro de Salvador foi tomado por lideran\u00e7as femininas e entidades para celebrar o 8 de Mar\u00e7o &#8211; Dia Internacional da Mulher. Com um trio el\u00e9trico, milhares de pessoas acompanharam a caminhada, que saiu do Campo Grande e chegou \u00e0 Pra\u00e7a Castro&#8230;<\/p>\n","protected":false},"author":2,"featured_media":19925,"comment_status":"open","ping_status":"open","sticky":false,"template":"","format":"standard","meta":[],"categories":[11,6,7],"tags":[],"amp_validity":null,"amp_enabled":true,"_links":{"self":[{"href":"https:\/\/sindsaudeba.org.br\/portal\/wp-json\/wp\/v2\/posts\/19924"}],"collection":[{"href":"https:\/\/sindsaudeba.org.br\/portal\/wp-json\/wp\/v2\/posts"}],"about":[{"href":"https:\/\/sindsaudeba.org.br\/portal\/wp-json\/wp\/v2\/types\/post"}],"author":[{"embeddable":true,"href":"https:\/\/sindsaudeba.org.br\/portal\/wp-json\/wp\/v2\/users\/2"}],"replies":[{"embeddable":true,"href":"https:\/\/sindsaudeba.org.br\/portal\/wp-json\/wp\/v2\/comments?post=19924"}],"version-history":[{"count":1,"href":"https:\/\/sindsaudeba.org.br\/portal\/wp-json\/wp\/v2\/posts\/19924\/revisions"}],"predecessor-version":[{"id":19930,"href":"https:\/\/sindsaudeba.org.br\/portal\/wp-json\/wp\/v2\/posts\/19924\/revisions\/19930"}],"wp:featuredmedia":[{"embeddable":true,"href":"https:\/\/sindsaudeba.org.br\/portal\/wp-json\/wp\/v2\/media\/19925"}],"wp:attachment":[{"href":"https:\/\/sindsaudeba.org.br\/portal\/wp-json\/wp\/v2\/media?parent=19924"}],"wp:term":[{"taxonomy":"category","embeddable":true,"href":"https:\/\/sindsaudeba.org.br\/portal\/wp-json\/wp\/v2\/categories?post=19924"},{"taxonomy":"post_tag","embeddable":true,"href":"https:\/\/sindsaudeba.org.br\/portal\/wp-json\/wp\/v2\/tags?post=19924"}],"curies":[{"name":"wp","href":"https:\/\/api.w.org\/{rel}","templated":true}]}}