{"id":19919,"date":"2024-03-08T15:10:28","date_gmt":"2024-03-08T18:10:28","guid":{"rendered":"https:\/\/sindsaudeba.org.br\/portal\/?p=19919"},"modified":"2024-03-08T15:13:17","modified_gmt":"2024-03-08T18:13:17","slug":"sindsaudeba-participa-da-reuniao-do-conselho-municipal-de-saude-de-feira-de-santana","status":"publish","type":"post","link":"https:\/\/sindsaudeba.org.br\/portal\/blog\/sindsaudeba-participa-da-reuniao-do-conselho-municipal-de-saude-de-feira-de-santana\/","title":{"rendered":"Sindsa\u00fadeBa participa da reuni\u00e3o do Conselho Municipal de Sa\u00fade de Feira de Santana"},"content":{"rendered":"<p><img loading=\"lazy\" class=\" wp-image-19920 alignleft\" src=\"https:\/\/sindsaudeba.org.br\/portal\/wp-content\/uploads\/2024\/03\/4a1f145f-e452-4747-8007-34e40e65276f-Copia-300x181.jpg\" alt=\"\" width=\"247\" height=\"149\" srcset=\"https:\/\/sindsaudeba.org.br\/portal\/wp-content\/uploads\/2024\/03\/4a1f145f-e452-4747-8007-34e40e65276f-Copia-300x181.jpg 300w, https:\/\/sindsaudeba.org.br\/portal\/wp-content\/uploads\/2024\/03\/4a1f145f-e452-4747-8007-34e40e65276f-Copia-1024x617.jpg 1024w, https:\/\/sindsaudeba.org.br\/portal\/wp-content\/uploads\/2024\/03\/4a1f145f-e452-4747-8007-34e40e65276f-Copia-768x463.jpg 768w, https:\/\/sindsaudeba.org.br\/portal\/wp-content\/uploads\/2024\/03\/4a1f145f-e452-4747-8007-34e40e65276f-Copia-700x422.jpg 700w, https:\/\/sindsaudeba.org.br\/portal\/wp-content\/uploads\/2024\/03\/4a1f145f-e452-4747-8007-34e40e65276f-Copia.jpg 1170w\" sizes=\"(max-width: 247px) 100vw, 247px\" \/><img loading=\"lazy\" class=\" wp-image-19921 alignright\" src=\"https:\/\/sindsaudeba.org.br\/portal\/wp-content\/uploads\/2024\/03\/ec8f5451-2141-4850-86ef-ce97a3c54cc6-300x188.jpg\" alt=\"\" width=\"247\" height=\"155\" srcset=\"https:\/\/sindsaudeba.org.br\/portal\/wp-content\/uploads\/2024\/03\/ec8f5451-2141-4850-86ef-ce97a3c54cc6-300x188.jpg 300w, https:\/\/sindsaudeba.org.br\/portal\/wp-content\/uploads\/2024\/03\/ec8f5451-2141-4850-86ef-ce97a3c54cc6-1024x642.jpg 1024w, https:\/\/sindsaudeba.org.br\/portal\/wp-content\/uploads\/2024\/03\/ec8f5451-2141-4850-86ef-ce97a3c54cc6-768x482.jpg 768w, https:\/\/sindsaudeba.org.br\/portal\/wp-content\/uploads\/2024\/03\/ec8f5451-2141-4850-86ef-ce97a3c54cc6-700x439.jpg 700w, https:\/\/sindsaudeba.org.br\/portal\/wp-content\/uploads\/2024\/03\/ec8f5451-2141-4850-86ef-ce97a3c54cc6.jpg 1170w\" sizes=\"(max-width: 247px) 100vw, 247px\" \/>Ontem (07), em Feira de Santana, a diretora do interior, Dart Clair participou da reuni\u00e3o do Conselho Municipal de Sa\u00fade de Feira de Santana, para realizar den\u00fancias sobre o pagamento do Piso Salarial da Enfermagem. Na oportunidade, um reencontro \u00fanico, com a Prof. Carmen Li\u00eata e estudantes (futuros profissionais de sa\u00fade).<\/p>\n<p>\u201c\u00c9 muito importante que estejam buscando o conhecimento de como funciona a sa\u00fade p\u00fablica no nosso munic\u00edpio, todas as dificuldades que enfrentamos para defender uma sa\u00fade p\u00fablica de qualidade e a luta por valoriza\u00e7\u00e3o dos trabalhadores da sa\u00fade\u201d, pontuou a diretora Dart.<\/p>\n<p>A nossa luta \u00e9 todos os dias por valoriza\u00e7\u00e3o e dignidade, e n\u00e3o iremos nos calar.<\/p>\n","protected":false},"excerpt":{"rendered":"<p>Ontem (07), em Feira de Santana, a diretora do interior, Dart Clair participou da reuni\u00e3o do Conselho Municipal de Sa\u00fade de Feira de Santana, para realizar den\u00fancias sobre o pagamento do Piso Salarial da Enfermagem. Na oportunidade, um reencontro \u00fanico, com a Prof. Carmen Li\u00eata&#8230;<\/p>\n","protected":false},"author":2,"featured_media":19920,"comment_status":"open","ping_status":"open","sticky":false,"template":"","format":"standard","meta":[],"categories":[11,6,7],"tags":[],"amp_validity":null,"amp_enabled":true,"_links":{"self":[{"href":"https:\/\/sindsaudeba.org.br\/portal\/wp-json\/wp\/v2\/posts\/19919"}],"collection":[{"href":"https:\/\/sindsaudeba.org.br\/portal\/wp-json\/wp\/v2\/posts"}],"about":[{"href":"https:\/\/sindsaudeba.org.br\/portal\/wp-json\/wp\/v2\/types\/post"}],"author":[{"embeddable":true,"href":"https:\/\/sindsaudeba.org.br\/portal\/wp-json\/wp\/v2\/users\/2"}],"replies":[{"embeddable":true,"href":"https:\/\/sindsaudeba.org.br\/portal\/wp-json\/wp\/v2\/comments?post=19919"}],"version-history":[{"count":1,"href":"https:\/\/sindsaudeba.org.br\/portal\/wp-json\/wp\/v2\/posts\/19919\/revisions"}],"predecessor-version":[{"id":19922,"href":"https:\/\/sindsaudeba.org.br\/portal\/wp-json\/wp\/v2\/posts\/19919\/revisions\/19922"}],"wp:featuredmedia":[{"embeddable":true,"href":"https:\/\/sindsaudeba.org.br\/portal\/wp-json\/wp\/v2\/media\/19920"}],"wp:attachment":[{"href":"https:\/\/sindsaudeba.org.br\/portal\/wp-json\/wp\/v2\/media?parent=19919"}],"wp:term":[{"taxonomy":"category","embeddable":true,"href":"https:\/\/sindsaudeba.org.br\/portal\/wp-json\/wp\/v2\/categories?post=19919"},{"taxonomy":"post_tag","embeddable":true,"href":"https:\/\/sindsaudeba.org.br\/portal\/wp-json\/wp\/v2\/tags?post=19919"}],"curies":[{"name":"wp","href":"https:\/\/api.w.org\/{rel}","templated":true}]}}