{"id":19459,"date":"2023-11-19T11:16:56","date_gmt":"2023-11-19T14:16:56","guid":{"rendered":"https:\/\/sindsaudeba.org.br\/portal\/?p=19459"},"modified":"2023-11-24T11:20:45","modified_gmt":"2023-11-24T14:20:45","slug":"assembleia-retirada-de-delegados-as-na-base-regional-de-saude-de-paulo-afonso","status":"publish","type":"post","link":"https:\/\/sindsaudeba.org.br\/portal\/blog\/assembleia-retirada-de-delegados-as-na-base-regional-de-saude-de-paulo-afonso\/","title":{"rendered":"Assembleia retirada de delegados (as) na Base Regional de Sa\u00fade de Paulo Afonso"},"content":{"rendered":"<div class=\"\" data-block=\"true\" data-editor=\"dr9ek\" data-offset-key=\"2n54f-0-0\">\n<div class=\"_1mf _1mj\" data-offset-key=\"2n54f-0-0\">Acontece no dia 21 de novembro,\u00a0 na Base Regional de Sa\u00fade de Paulo Afonso, a retirada de delegados para o 12\u00ba Congresso dos Trabalhadores em Sa\u00fade do Estado da Bahia. O Congresso que \u00e9 o f\u00f3rum m\u00e1ximo de delibera\u00e7\u00e3o estabelecido no art. 9\u00ba do Estatuto do Sindicato dos Trabalhadores em Sa\u00fade do Estado da Bahia \u2013 SINDSA\u00daDE-BA. Dele, participam os Delegados ativos e aposentados, retirados (as) nas assembleias de categoria por local de trabalho e nas plen\u00e1rias designadas por for\u00e7a do Edital de convoca\u00e7\u00e3o, eleitos (as) conforme previs\u00e3o do presente Regimento Interno (RI), aprovado pelos associados (as) em assembleia geral da categoria, especificada na Se\u00e7\u00e3o II, art. 19 do Estatuto supramencionado.<\/div>\n<\/div>\n<div class=\"\" data-block=\"true\" data-editor=\"dr9ek\" data-offset-key=\"7nm2c-0-0\">\n<div class=\"_1mf _1mj\" data-offset-key=\"7nm2c-0-0\"><span data-offset-key=\"7nm2c-0-0\">O 12\u00ba Congresso dos Trabalhadores em Sa\u00fade do Estado da Bahia, ser\u00e1 realizado no dia 15 e 16 de dezembro de 2023, das 08 \u00e0s 18 horas, Salvador \u2013 BA, conforme edital de convoca\u00e7\u00e3o publicado no jornal \u201cA Tarde\u201d em 08 de outubro do corrente ano.<\/span><\/div>\n<\/div>\n<div class=\"\" data-block=\"true\" data-editor=\"dr9ek\" data-offset-key=\"d03ku-0-0\">\n<h2 class=\"_1mf _1mj\" data-offset-key=\"d03ku-0-0\"><strong><img loading=\"lazy\" class=\"size-medium wp-image-19460 alignleft\" src=\"https:\/\/sindsaudeba.org.br\/portal\/wp-content\/uploads\/2023\/11\/WhatsApp-Image-2023-11-24-at-10.28.49-300x300.jpeg\" alt=\"\" width=\"300\" height=\"300\" srcset=\"https:\/\/sindsaudeba.org.br\/portal\/wp-content\/uploads\/2023\/11\/WhatsApp-Image-2023-11-24-at-10.28.49-300x300.jpeg 300w, https:\/\/sindsaudeba.org.br\/portal\/wp-content\/uploads\/2023\/11\/WhatsApp-Image-2023-11-24-at-10.28.49-1024x1024.jpeg 1024w, https:\/\/sindsaudeba.org.br\/portal\/wp-content\/uploads\/2023\/11\/WhatsApp-Image-2023-11-24-at-10.28.49-150x150.jpeg 150w, https:\/\/sindsaudeba.org.br\/portal\/wp-content\/uploads\/2023\/11\/WhatsApp-Image-2023-11-24-at-10.28.49-768x768.jpeg 768w, https:\/\/sindsaudeba.org.br\/portal\/wp-content\/uploads\/2023\/11\/WhatsApp-Image-2023-11-24-at-10.28.49-1536x1536.jpeg 1536w, https:\/\/sindsaudeba.org.br\/portal\/wp-content\/uploads\/2023\/11\/WhatsApp-Image-2023-11-24-at-10.28.49-570x570.jpeg 570w, https:\/\/sindsaudeba.org.br\/portal\/wp-content\/uploads\/2023\/11\/WhatsApp-Image-2023-11-24-at-10.28.49-500x500.jpeg 500w, https:\/\/sindsaudeba.org.br\/portal\/wp-content\/uploads\/2023\/11\/WhatsApp-Image-2023-11-24-at-10.28.49-1000x1000.jpeg 1000w, https:\/\/sindsaudeba.org.br\/portal\/wp-content\/uploads\/2023\/11\/WhatsApp-Image-2023-11-24-at-10.28.49-700x700.jpeg 700w, https:\/\/sindsaudeba.org.br\/portal\/wp-content\/uploads\/2023\/11\/WhatsApp-Image-2023-11-24-at-10.28.49.jpeg 1600w\" sizes=\"(max-width: 300px) 100vw, 300px\" \/>Assembleia retirada de delegados (as)\u00a0<\/strong><\/h2>\n<div data-offset-key=\"d03ku-0-0\"><strong>Data: 21\/11\/2023<\/strong><\/div>\n<\/div>\n<div class=\"\" data-block=\"true\" data-editor=\"dr9ek\" data-offset-key=\"dc2dg-0-0\">\n<div data-offset-key=\"dc2dg-0-0\"><strong>Local: Base Regional de S\u00e1ude de Paulo Afonso<\/strong><\/div>\n<div data-offset-key=\"dc2dg-0-0\"><strong>Hora: 10:00<br \/>\nInforma\u00e7\u00f5es: 71 3266-8940<br \/>\n<\/strong><\/div>\n<\/div>\n<div data-offset-key=\"dc2dg-0-0\"><\/div>\n<div data-offset-key=\"dc2dg-0-0\">Obs: As datas podem sofrer altera\u00e7\u00f5es, de acordo com a disponibilidade dos espa\u00e7os.<\/div>\n","protected":false},"excerpt":{"rendered":"<p>Acontece no dia 21 de novembro,\u00a0 na Base Regional de Sa\u00fade de Paulo Afonso, a retirada de delegados para o 12\u00ba Congresso dos Trabalhadores em Sa\u00fade do Estado da Bahia. O Congresso que \u00e9 o f\u00f3rum m\u00e1ximo de delibera\u00e7\u00e3o estabelecido no art. 9\u00ba do Estatuto&#8230;<\/p>\n","protected":false},"author":2,"featured_media":19460,"comment_status":"open","ping_status":"open","sticky":false,"template":"","format":"standard","meta":[],"categories":[1217],"tags":[],"amp_validity":null,"amp_enabled":true,"_links":{"self":[{"href":"https:\/\/sindsaudeba.org.br\/portal\/wp-json\/wp\/v2\/posts\/19459"}],"collection":[{"href":"https:\/\/sindsaudeba.org.br\/portal\/wp-json\/wp\/v2\/posts"}],"about":[{"href":"https:\/\/sindsaudeba.org.br\/portal\/wp-json\/wp\/v2\/types\/post"}],"author":[{"embeddable":true,"href":"https:\/\/sindsaudeba.org.br\/portal\/wp-json\/wp\/v2\/users\/2"}],"replies":[{"embeddable":true,"href":"https:\/\/sindsaudeba.org.br\/portal\/wp-json\/wp\/v2\/comments?post=19459"}],"version-history":[{"count":1,"href":"https:\/\/sindsaudeba.org.br\/portal\/wp-json\/wp\/v2\/posts\/19459\/revisions"}],"predecessor-version":[{"id":19461,"href":"https:\/\/sindsaudeba.org.br\/portal\/wp-json\/wp\/v2\/posts\/19459\/revisions\/19461"}],"wp:featuredmedia":[{"embeddable":true,"href":"https:\/\/sindsaudeba.org.br\/portal\/wp-json\/wp\/v2\/media\/19460"}],"wp:attachment":[{"href":"https:\/\/sindsaudeba.org.br\/portal\/wp-json\/wp\/v2\/media?parent=19459"}],"wp:term":[{"taxonomy":"category","embeddable":true,"href":"https:\/\/sindsaudeba.org.br\/portal\/wp-json\/wp\/v2\/categories?post=19459"},{"taxonomy":"post_tag","embeddable":true,"href":"https:\/\/sindsaudeba.org.br\/portal\/wp-json\/wp\/v2\/tags?post=19459"}],"curies":[{"name":"wp","href":"https:\/\/api.w.org\/{rel}","templated":true}]}}