{"id":19270,"date":"2023-11-13T10:10:57","date_gmt":"2023-11-13T13:10:57","guid":{"rendered":"https:\/\/sindsaudeba.org.br\/portal\/?p=19270"},"modified":"2023-11-13T10:09:59","modified_gmt":"2023-11-13T13:09:59","slug":"19270","status":"publish","type":"post","link":"https:\/\/sindsaudeba.org.br\/portal\/blog\/19270\/","title":{"rendered":"12\u00ba CONGRESSO Assembleia retirada de delegados (as) no Hospital Geral Menandro de Farias"},"content":{"rendered":"<div class=\"qode-post-text-main\">\n<div class=\"\" data-block=\"true\" data-editor=\"dr9ek\" data-offset-key=\"2n54f-0-0\">\n<div class=\"_1mf _1mj\" data-offset-key=\"2n54f-0-0\"><img loading=\"lazy\" class=\"size-medium wp-image-19271 alignleft\" src=\"https:\/\/sindsaudeba.org.br\/portal\/wp-content\/uploads\/2023\/11\/ASSEMBLEIA-MENANDRO-DE-FARIAS-240x300.jpg\" alt=\"\" width=\"240\" height=\"300\" srcset=\"https:\/\/sindsaudeba.org.br\/portal\/wp-content\/uploads\/2023\/11\/ASSEMBLEIA-MENANDRO-DE-FARIAS-240x300.jpg 240w, https:\/\/sindsaudeba.org.br\/portal\/wp-content\/uploads\/2023\/11\/ASSEMBLEIA-MENANDRO-DE-FARIAS-819x1024.jpg 819w, https:\/\/sindsaudeba.org.br\/portal\/wp-content\/uploads\/2023\/11\/ASSEMBLEIA-MENANDRO-DE-FARIAS-768x961.jpg 768w, https:\/\/sindsaudeba.org.br\/portal\/wp-content\/uploads\/2023\/11\/ASSEMBLEIA-MENANDRO-DE-FARIAS-1228x1536.jpg 1228w, https:\/\/sindsaudeba.org.br\/portal\/wp-content\/uploads\/2023\/11\/ASSEMBLEIA-MENANDRO-DE-FARIAS-1637x2048.jpg 1637w, https:\/\/sindsaudeba.org.br\/portal\/wp-content\/uploads\/2023\/11\/ASSEMBLEIA-MENANDRO-DE-FARIAS-700x876.jpg 700w, https:\/\/sindsaudeba.org.br\/portal\/wp-content\/uploads\/2023\/11\/ASSEMBLEIA-MENANDRO-DE-FARIAS-scaled.jpg 2046w\" sizes=\"(max-width: 240px) 100vw, 240px\" \/>Acontece no dia 14 de novembro,\u00a0 no Hospital Geral Menandro de Farias,\u00a0 a retirada de delegados para o 12\u00ba Congresso dos Trabalhadores em Sa\u00fade do Estado da Bahia, dos aposentados da SESAB. O Congresso que \u00e9 o f\u00f3rum m\u00e1ximo de delibera\u00e7\u00e3o estabelecido no art. 9\u00ba do Estatuto do Sindicato dos Trabalhadores em Sa\u00fade do Estado da Bahia \u2013 SINDSA\u00daDE-BA. Dele, participam os Delegados ativos e aposentados, retirados (as) nas assembleias de categoria por local de trabalho e nas plen\u00e1rias designadas por for\u00e7a do Edital de convoca\u00e7\u00e3o, eleitos (as) conforme previs\u00e3o do presente Regimento Interno (RI), aprovado pelos associados (as) em assembleia geral da categoria, especificada na Se\u00e7\u00e3o II, art. 19 do Estatuto supramencionado.<\/div>\n<\/div>\n<div class=\"\" data-block=\"true\" data-editor=\"dr9ek\" data-offset-key=\"7nm2c-0-0\">\n<div class=\"_1mf _1mj\" data-offset-key=\"7nm2c-0-0\"><span data-offset-key=\"7nm2c-0-0\">O 12\u00ba Congresso dos Trabalhadores em Sa\u00fade do Estado da Bahia, ser\u00e1 realizado no dia 15 e 16 de dezembro de 2023, das 08 \u00e0s 18 horas, Salvador \u2013 BA, conforme edital de convoca\u00e7\u00e3o publicado no jornal \u201cA Tarde\u201d em 08 de outubro do corrente ano.<\/span><\/div>\n<\/div>\n<div class=\"\" data-block=\"true\" data-editor=\"dr9ek\" data-offset-key=\"dl1op-0-0\">\n<div class=\"_1mf _1mj\" data-offset-key=\"dl1op-0-0\"><strong>\u00a0<\/strong><\/div>\n<\/div>\n<div class=\"\" data-block=\"true\" data-editor=\"dr9ek\" data-offset-key=\"d03ku-0-0\">\n<div data-offset-key=\"d03ku-0-0\"><\/div>\n<h2 class=\"_1mf _1mj\" data-offset-key=\"d03ku-0-0\"><strong>Assembleia retirada de delegados (as) aposentados da SESAB<\/strong><\/h2>\n<div data-offset-key=\"d03ku-0-0\"><strong>Data: 14\/11\/2023<\/strong><\/div>\n<\/div>\n<div class=\"\" data-block=\"true\" data-editor=\"dr9ek\" data-offset-key=\"dc2dg-0-0\">\n<div data-offset-key=\"dc2dg-0-0\"><strong>Local: Audit\u00f3rio Menandro de Farias<\/strong><\/div>\n<div data-offset-key=\"dc2dg-0-0\"><strong>Hora: 15:00<\/strong><\/div>\n<div data-offset-key=\"dc2dg-0-0\"><strong>Informa\u00e7\u00f5es: 71 3266-8940<\/strong><\/div>\n<\/div>\n<div data-offset-key=\"dc2dg-0-0\"><\/div>\n<div data-offset-key=\"dc2dg-0-0\">Obs: As datas podem sofrer altera\u00e7\u00f5es, de acordo com a disponibilidade dos espa\u00e7os.<\/div>\n<\/div>\n<div class=\"qode-post-info-bottom clearfix\"><\/div>\n","protected":false},"excerpt":{"rendered":"<p>Acontece no dia 14 de novembro,\u00a0 no Hospital Geral Menandro de Farias,\u00a0 a retirada de delegados para o 12\u00ba Congresso dos Trabalhadores em Sa\u00fade do Estado da Bahia, dos aposentados da SESAB. O Congresso que \u00e9 o f\u00f3rum m\u00e1ximo de delibera\u00e7\u00e3o estabelecido no art. 9\u00ba&#8230;<\/p>\n","protected":false},"author":2,"featured_media":19271,"comment_status":"open","ping_status":"open","sticky":false,"template":"","format":"standard","meta":[],"categories":[1217],"tags":[],"amp_validity":null,"amp_enabled":true,"_links":{"self":[{"href":"https:\/\/sindsaudeba.org.br\/portal\/wp-json\/wp\/v2\/posts\/19270"}],"collection":[{"href":"https:\/\/sindsaudeba.org.br\/portal\/wp-json\/wp\/v2\/posts"}],"about":[{"href":"https:\/\/sindsaudeba.org.br\/portal\/wp-json\/wp\/v2\/types\/post"}],"author":[{"embeddable":true,"href":"https:\/\/sindsaudeba.org.br\/portal\/wp-json\/wp\/v2\/users\/2"}],"replies":[{"embeddable":true,"href":"https:\/\/sindsaudeba.org.br\/portal\/wp-json\/wp\/v2\/comments?post=19270"}],"version-history":[{"count":2,"href":"https:\/\/sindsaudeba.org.br\/portal\/wp-json\/wp\/v2\/posts\/19270\/revisions"}],"predecessor-version":[{"id":19274,"href":"https:\/\/sindsaudeba.org.br\/portal\/wp-json\/wp\/v2\/posts\/19270\/revisions\/19274"}],"wp:featuredmedia":[{"embeddable":true,"href":"https:\/\/sindsaudeba.org.br\/portal\/wp-json\/wp\/v2\/media\/19271"}],"wp:attachment":[{"href":"https:\/\/sindsaudeba.org.br\/portal\/wp-json\/wp\/v2\/media?parent=19270"}],"wp:term":[{"taxonomy":"category","embeddable":true,"href":"https:\/\/sindsaudeba.org.br\/portal\/wp-json\/wp\/v2\/categories?post=19270"},{"taxonomy":"post_tag","embeddable":true,"href":"https:\/\/sindsaudeba.org.br\/portal\/wp-json\/wp\/v2\/tags?post=19270"}],"curies":[{"name":"wp","href":"https:\/\/api.w.org\/{rel}","templated":true}]}}