{"id":19227,"date":"2023-11-10T16:31:42","date_gmt":"2023-11-10T19:31:42","guid":{"rendered":"https:\/\/sindsaudeba.org.br\/portal\/?p=19227"},"modified":"2023-11-10T16:31:42","modified_gmt":"2023-11-10T19:31:42","slug":"i-seminario-big-techs-informacao-e-democracia-na-america-latina","status":"publish","type":"post","link":"https:\/\/sindsaudeba.org.br\/portal\/blog\/i-seminario-big-techs-informacao-e-democracia-na-america-latina\/","title":{"rendered":"I Semin\u00e1rio Big Techs, Informa\u00e7\u00e3o e Democracia na Am\u00e9rica Latina"},"content":{"rendered":"<p><strong>Semin\u00e1rio internacional discute regula\u00e7\u00e3o das plataformas digitais<\/strong><\/p>\n<p><em><img loading=\"lazy\" class=\"size-full wp-image-19229 alignleft\" src=\"https:\/\/sindsaudeba.org.br\/portal\/wp-content\/uploads\/2023\/11\/download-6.jpg\" alt=\"\" width=\"300\" height=\"168\" \/>PL 2630, desinforma\u00e7\u00e3o, educa\u00e7\u00e3o midi\u00e1tica e soberania tecnol\u00f3gica s\u00e3o alguns dos temas que ser\u00e3o debatidos por pesquisadores e especialistas da Am\u00e9rica Latina e Europa <\/em><\/p>\n<p>As novas tecnologias de informa\u00e7\u00e3o e comunica\u00e7\u00e3o e a infodemia t\u00eam impactado democracias em v\u00e1rias partes do mundo. Para debater e buscar sa\u00eddas para esse fen\u00f4meno ser\u00e1 realizado o <strong>I Semin\u00e1rio Big Techs, Informa\u00e7\u00e3o e Democracia na Am\u00e9rica Latina, que acontecer\u00e1 nos dias 5 e 6 de dezembro de 2023, na FECAP, na cidade de S\u00e3o Paulo<\/strong>.<\/p>\n<p>&nbsp;<\/p>\n<p>O evento contar\u00e1 com a presen\u00e7a de representantes do governo e parlamento brasileiros, organiza\u00e7\u00f5es da sociedade civil e pesquisadores do Brasil, Uruguai, Argentina, M\u00e9xico, Paraguai, Costa Rica e Fran\u00e7a para discutir e apresentar propostas para a regula\u00e7\u00e3o das plataformas digitais.<\/p>\n<p>&nbsp;<\/p>\n<p>O I Semin\u00e1rio Big Techs, Informa\u00e7\u00e3o e Democracia na Am\u00e9rica Latina \u00e9 organizado pelo Intervozes &#8211; Coletivo Brasil de Comunica\u00e7\u00e3o Social, pela Coaliz\u00e3o Direitos na Rede (CDR) e pelo F\u00f3rum sobre Informa\u00e7\u00e3o e Democracia. O Intervozes e a CDR fazem parte da coaliz\u00e3o global da sociedade civil que apoia o F\u00f3rum.<\/p>\n<p>&nbsp;<\/p>\n<p>Em agosto deste ano, durante a visita da Secret\u00e1ria-Geral das Rela\u00e7\u00f5es Exteriores, embaixadora Maria Laura da Rocha, \u00e0 Fran\u00e7a, o Brasil assinou a Parceria Internacional para Informa\u00e7\u00e3o e Democracia. Esse acordo intergovernamental, iniciado em setembro de 2019 em Nova York, re\u00fane 51 pa\u00edses comprometidos em promover e implementar princ\u00edpios democr\u00e1ticos no espa\u00e7o global de informa\u00e7\u00e3o e comunica\u00e7\u00e3o.<\/p>\n<p>&nbsp;<\/p>\n<p>O F\u00f3rum sobre Informa\u00e7\u00e3o e Democracia \u00e9 a entidade da sociedade civil respons\u00e1vel por acompanhar a Parceria Internacional e transformar esses compromissos em a\u00e7\u00f5es concretas. O F\u00f3rum \u00e9 um parceiro confi\u00e1vel dos governos democr\u00e1ticos, desenvolvendo recomenda\u00e7\u00f5es de pol\u00edticas sobre os desafios mais urgentes dos campos da informa\u00e7\u00e3o e comunica\u00e7\u00e3o e promovendo sua implementa\u00e7\u00e3o em diferentes esferas e pa\u00edses. Por meio de processos com v\u00e1rias partes interessadas, o F\u00f3rum busca e integra perspectivas, experi\u00eancias e conhecimentos especializados de sua rede em expans\u00e3o de atores pol\u00edticos, ativistas, acad\u00eamicos, especialistas e organiza\u00e7\u00f5es da sociedade civil em todo o mundo.<\/p>\n<p>&nbsp;<\/p>\n<p><strong>Regula\u00e7\u00e3o e soberania<\/strong><\/p>\n<p>&nbsp;<\/p>\n<p>O semin\u00e1rio est\u00e1 organizado em quatro eixos centrais e est\u00e3o previstas uma confer\u00eancia de abertura e quatro mesas de debate abertas ao p\u00fablico. Na parte da tarde ser\u00e3o realizados grupos de trabalho com organiza\u00e7\u00f5es e pesquisadores convidados.<\/p>\n<p>&nbsp;<\/p>\n<p>No dia 5 de dezembro, a partir das 9h, acontecer\u00e1 a mesa \u201cExperi\u00eancias de regula\u00e7\u00e3o de plataformas na Am\u00e9rica Latina e a elabora\u00e7\u00e3o de uma agenda regional para o tema: 2630 e outras iniciativas legislativas\u201d, que ter\u00e1 a participa\u00e7\u00e3o de Gustavo G\u00f3mez, diretor executivo do Observacom (Uruguai); Jo\u00e3o Brant, secret\u00e1rio de Pol\u00edticas Digitais da Secretaria Especial de Comunica\u00e7\u00e3o da Presid\u00eancia da Rep\u00fablica (SECOM); do deputado Orlando Silva, relator do PL 2630, conhecido como PL das Fake News; Paulo Ren\u00e1, representante da Coaliz\u00e3o Direitos na Rede; e Ram\u00eania Vieira, coordenadora executiva do Intervozes. A media\u00e7\u00e3o ser\u00e1 de Nina Santos, da Sala de Combate \u00e0 Desinforma\u00e7\u00e3o.<\/p>\n<p>&nbsp;<\/p>\n<p>A constru\u00e7\u00e3o de alternativas aut\u00f4nomas para a difus\u00e3o de informa\u00e7\u00e3o online e a soberania tecnol\u00f3gica estar\u00e3o em debate na segunda mesa, que come\u00e7ar\u00e1 \u00e0s 11h. Participam Daniela Bello, colaboradora da Rhizom\u00e1tica (M\u00e9xico); Guillermo Mastrini, pesquisador do Conselho Nacional de Pesquisa Cient\u00edfica e T\u00e9cnica (CONICET\/Argentina); Nikole Yanes, ativista do coletivo C\u00f3digo Sur (Am\u00e9rica Latina); e Rodolfo Avelino, do Coletivo Digital. A media\u00e7\u00e3o ficar\u00e1 por conta de Oona Castro, diretora de Desenvolvimento Institucional do Instituto Nupef.<\/p>\n<p>&nbsp;<\/p>\n<p><strong>Pluralidade e educa\u00e7\u00e3o midi\u00e1tica<\/strong><\/p>\n<p>&nbsp;<\/p>\n<p>A regula\u00e7\u00e3o econ\u00f4mica das plataformas digitais, as alternativas para frear os abusos de poder econ\u00f4mico das grandes empresas que controlam a internet e o enfrentamento \u00e0 falta de pluralidade e diversidade de informa\u00e7\u00e3o comp\u00f5em o terceiro eixo de discuss\u00f5es do semin\u00e1rio. Na mesa, que ser\u00e1 realizada no dia 6 de dezembro, \u00e0s 9h, estar\u00e3o Ana Mielke, coordenadora executiva do Intervozes; Camille Grenier, diretor de Opera\u00e7\u00f5es do F\u00f3rum sobre Informa\u00e7\u00e3o &amp; Democracia (Fran\u00e7a); Gabrielle Gra\u00e7a, assessora de Direitos Digitais da Artigo 19; e Helena Martins, representante da Coaliz\u00e3o Direitos na Rede. A media\u00e7\u00e3o ser\u00e1 de Maricarmen Sequeira, co-diretora executiva do TEDIC (Paraguai).<\/p>\n<p>&nbsp;<\/p>\n<p>A partir das 11h, encerrando a programa\u00e7\u00e3o aberta ao p\u00fablico, acontecer\u00e1 a mesa \u201cEduca\u00e7\u00e3o para a m\u00eddia e a constru\u00e7\u00e3o de alternativas: como empoderar e fomentar espa\u00e7os de participa\u00e7\u00e3o social de usu\u00e1rios da Am\u00e9rica Latina para a melhoria do ambiente digital\u201d. Os debatedores ser\u00e3o Isabella Henriques, diretora executiva do Instituto Alana; Juliana Cintra, coordenadora institucional da A\u00e7\u00e3o Educativa; Kemly Camacho, coordenadora-geral da cooperativa Sul\u00e1 Bats\u00fa (Costa Rica); e Vitor Pimenta, diretor do Departamento de Direitos na Rede e Educa\u00e7\u00e3o Midi\u00e1tica da SECOM. A media\u00e7\u00e3o ser\u00e1 de Victor Vicente, do Instituto Vero.<\/p>\n<p>&nbsp;<\/p>\n<p><strong>As mesas de debate ser\u00e3o realizadas na parte da manh\u00e3, de forma gratuita e abertas \u00e0 participa\u00e7\u00e3o do p\u00fablico. <\/strong><\/p>\n<p>&nbsp;<\/p>\n<p>O I Semin\u00e1rio Big Techs, Informa\u00e7\u00e3o e Democracia na Am\u00e9rica Latina conta com o apoio do F\u00f3rum sobre Informa\u00e7\u00e3o e Democracia, Luminate e da Funda\u00e7\u00e3o Escola de Com\u00e9rcio \u00c1lvares Penteado (FECAP).<\/p>\n<p>&nbsp;<\/p>\n<p><strong>Servi\u00e7o<\/strong><\/p>\n<p><em>I Semin\u00e1rio Big Techs, Informa\u00e7\u00e3o e Democracia na Am\u00e9rica Latina<\/em><\/p>\n<p>Data: 5 e 6 de dezembro de 2023<\/p>\n<p>Hor\u00e1rio: 9h \u00e0s 12h30 (aberto ao p\u00fablico), 14h \u00e0s 17h (somente convidados).<\/p>\n<p>Local: FECAP (Avenida da Liberdade, 532 &#8211; Liberdade &#8211; S\u00e3o Paulo\/SP)<\/p>\n","protected":false},"excerpt":{"rendered":"<p>Semin\u00e1rio internacional discute regula\u00e7\u00e3o das plataformas digitais PL 2630, desinforma\u00e7\u00e3o, educa\u00e7\u00e3o midi\u00e1tica e soberania tecnol\u00f3gica s\u00e3o alguns dos temas que ser\u00e3o debatidos por pesquisadores e especialistas da Am\u00e9rica Latina e Europa As novas tecnologias de informa\u00e7\u00e3o e comunica\u00e7\u00e3o e a infodemia t\u00eam impactado democracias em&#8230;<\/p>\n","protected":false},"author":2,"featured_media":19229,"comment_status":"open","ping_status":"open","sticky":false,"template":"","format":"standard","meta":[],"categories":[11,6],"tags":[],"amp_validity":null,"amp_enabled":true,"_links":{"self":[{"href":"https:\/\/sindsaudeba.org.br\/portal\/wp-json\/wp\/v2\/posts\/19227"}],"collection":[{"href":"https:\/\/sindsaudeba.org.br\/portal\/wp-json\/wp\/v2\/posts"}],"about":[{"href":"https:\/\/sindsaudeba.org.br\/portal\/wp-json\/wp\/v2\/types\/post"}],"author":[{"embeddable":true,"href":"https:\/\/sindsaudeba.org.br\/portal\/wp-json\/wp\/v2\/users\/2"}],"replies":[{"embeddable":true,"href":"https:\/\/sindsaudeba.org.br\/portal\/wp-json\/wp\/v2\/comments?post=19227"}],"version-history":[{"count":1,"href":"https:\/\/sindsaudeba.org.br\/portal\/wp-json\/wp\/v2\/posts\/19227\/revisions"}],"predecessor-version":[{"id":19230,"href":"https:\/\/sindsaudeba.org.br\/portal\/wp-json\/wp\/v2\/posts\/19227\/revisions\/19230"}],"wp:featuredmedia":[{"embeddable":true,"href":"https:\/\/sindsaudeba.org.br\/portal\/wp-json\/wp\/v2\/media\/19229"}],"wp:attachment":[{"href":"https:\/\/sindsaudeba.org.br\/portal\/wp-json\/wp\/v2\/media?parent=19227"}],"wp:term":[{"taxonomy":"category","embeddable":true,"href":"https:\/\/sindsaudeba.org.br\/portal\/wp-json\/wp\/v2\/categories?post=19227"},{"taxonomy":"post_tag","embeddable":true,"href":"https:\/\/sindsaudeba.org.br\/portal\/wp-json\/wp\/v2\/tags?post=19227"}],"curies":[{"name":"wp","href":"https:\/\/api.w.org\/{rel}","templated":true}]}}