{"id":19129,"date":"2023-11-08T14:50:35","date_gmt":"2023-11-08T17:50:35","guid":{"rendered":"https:\/\/sindsaudeba.org.br\/portal\/?p=19129"},"modified":"2023-11-08T14:50:35","modified_gmt":"2023-11-08T17:50:35","slug":"sindsaude-bahia-se-reune-com-a-secretaria-da-saude-de-feira-de-santana-para-tratar-do-pagamento-do-piso-salarial-da-enfermagem","status":"publish","type":"post","link":"https:\/\/sindsaudeba.org.br\/portal\/blog\/sindsaude-bahia-se-reune-com-a-secretaria-da-saude-de-feira-de-santana-para-tratar-do-pagamento-do-piso-salarial-da-enfermagem\/","title":{"rendered":"Sindsa\u00fade Bahia se re\u00fane com a Secret\u00e1ria da Sa\u00fade de Feira de Santana para tratar do pagamento do piso salarial da enfermagem"},"content":{"rendered":"<p><img loading=\"lazy\" class=\"size-medium wp-image-19130 alignleft\" src=\"https:\/\/sindsaudeba.org.br\/portal\/wp-content\/uploads\/2023\/11\/WhatsApp-Image-2023-11-08-at-10.49.56-135x300.jpeg\" alt=\"\" width=\"135\" height=\"300\" srcset=\"https:\/\/sindsaudeba.org.br\/portal\/wp-content\/uploads\/2023\/11\/WhatsApp-Image-2023-11-08-at-10.49.56-135x300.jpeg 135w, https:\/\/sindsaudeba.org.br\/portal\/wp-content\/uploads\/2023\/11\/WhatsApp-Image-2023-11-08-at-10.49.56-461x1024.jpeg 461w, https:\/\/sindsaudeba.org.br\/portal\/wp-content\/uploads\/2023\/11\/WhatsApp-Image-2023-11-08-at-10.49.56-691x1536.jpeg 691w, https:\/\/sindsaudeba.org.br\/portal\/wp-content\/uploads\/2023\/11\/WhatsApp-Image-2023-11-08-at-10.49.56-700x1556.jpeg 700w, https:\/\/sindsaudeba.org.br\/portal\/wp-content\/uploads\/2023\/11\/WhatsApp-Image-2023-11-08-at-10.49.56.jpeg 720w\" sizes=\"(max-width: 135px) 100vw, 135px\" \/><img loading=\"lazy\" class=\"size-medium wp-image-19131 alignright\" src=\"https:\/\/sindsaudeba.org.br\/portal\/wp-content\/uploads\/2023\/11\/WhatsApp-Image-2023-11-08-at-10.47.45-135x300.jpeg\" alt=\"\" width=\"135\" height=\"300\" srcset=\"https:\/\/sindsaudeba.org.br\/portal\/wp-content\/uploads\/2023\/11\/WhatsApp-Image-2023-11-08-at-10.47.45-135x300.jpeg 135w, https:\/\/sindsaudeba.org.br\/portal\/wp-content\/uploads\/2023\/11\/WhatsApp-Image-2023-11-08-at-10.47.45-461x1024.jpeg 461w, https:\/\/sindsaudeba.org.br\/portal\/wp-content\/uploads\/2023\/11\/WhatsApp-Image-2023-11-08-at-10.47.45-691x1536.jpeg 691w, https:\/\/sindsaudeba.org.br\/portal\/wp-content\/uploads\/2023\/11\/WhatsApp-Image-2023-11-08-at-10.47.45-700x1556.jpeg 700w, https:\/\/sindsaudeba.org.br\/portal\/wp-content\/uploads\/2023\/11\/WhatsApp-Image-2023-11-08-at-10.47.45.jpeg 720w\" sizes=\"(max-width: 135px) 100vw, 135px\" \/>Na tarde desta ter\u00e7a feira (07\/11), a diretora de comunica\u00e7\u00e3o do Sindsa\u00fade-BA, Dart Clair Cerqueira, participou de uma reuni\u00e3o com Secret\u00e1ria da Sa\u00fade de Feira de Santana, Cristiane Campos. Estiveram presentes Cristiane Gusm\u00e3o, representante do Seeb, e Luciane, enfermeira e servidora p\u00fablica do munic\u00edpio, para tratar da implanta\u00e7\u00e3o do piso salarial da enfermagem e das condi\u00e7\u00f5es de trabalho dos profissionais de sa\u00fade que atuam no munic\u00edpio.<\/p>\n<p>Sobre as demandas tratadas, foi apresentado pelo setor de RH um parecer da PGM, o qual foi questionado pela diretora Dart sobre a gratifica\u00e7\u00e3o Geus (Gratifica\u00e7\u00e3o por Exerc\u00edcio em Unidades de Sa\u00fade), que est\u00e1 sendo somado como complemento para o pagamento do piso salarial da enfermagem. O sindicato entende que se trata de uma gratifica\u00e7\u00e3o vari\u00e1vel, que varia em porcentagem dependendo da unidade de atua\u00e7\u00e3o dos profissionais.<img loading=\"lazy\" class=\"size-medium wp-image-19132 alignright\" src=\"https:\/\/sindsaudeba.org.br\/portal\/wp-content\/uploads\/2023\/11\/WhatsApp-Image-2023-11-08-at-10.47.24-135x300.jpeg\" alt=\"\" width=\"135\" height=\"300\" srcset=\"https:\/\/sindsaudeba.org.br\/portal\/wp-content\/uploads\/2023\/11\/WhatsApp-Image-2023-11-08-at-10.47.24-135x300.jpeg 135w, https:\/\/sindsaudeba.org.br\/portal\/wp-content\/uploads\/2023\/11\/WhatsApp-Image-2023-11-08-at-10.47.24-461x1024.jpeg 461w, https:\/\/sindsaudeba.org.br\/portal\/wp-content\/uploads\/2023\/11\/WhatsApp-Image-2023-11-08-at-10.47.24-692x1536.jpeg 692w, https:\/\/sindsaudeba.org.br\/portal\/wp-content\/uploads\/2023\/11\/WhatsApp-Image-2023-11-08-at-10.47.24-700x1553.jpeg 700w, https:\/\/sindsaudeba.org.br\/portal\/wp-content\/uploads\/2023\/11\/WhatsApp-Image-2023-11-08-at-10.47.24.jpeg 721w\" sizes=\"(max-width: 135px) 100vw, 135px\" \/><\/p>\n<p>Outra demanda discutida foi em rela\u00e7\u00e3o aos profissionais de enfermagem que s\u00e3o contratados atrav\u00e9s de empresas terceirizadas, considerando que o munic\u00edpio j\u00e1 recebeu o recurso do Governo Federal e at\u00e9 o momento n\u00e3o realizou os pagamentos do piso.<\/p>\n<p>A diretora Dart solicitou, de forma emocionada, \u00e0 secret\u00e1ria Cristiane, que se empenhe na resolu\u00e7\u00e3o deste problema: &#8220;Esses trabalhadores s\u00e3o pais e m\u00e3es de fam\u00edlia, que tem constantes atrasos de sal\u00e1rios e muitas vezes n\u00e3o tem nem condi\u00e7\u00f5es de sustento, necessitando muitas vezes realizar vaquinhas entre os colegas. N\u00e3o podemos aceitar tantos desrespeitos e desvaloriza\u00e7\u00e3o desses profissionais&#8221;, desabafou.<\/p>\n<p>Tamb\u00e9m foi discutida a realiza\u00e7\u00e3o de concurso p\u00fablico, tendo em vista que o munic\u00edpio tem uma alta porcentagem de terceiriza\u00e7\u00e3o, o que traz grandes preju\u00edzos aos trabalhadores e enfraquecimento do Sistema \u00danico de Sa\u00fade &#8211; SUS, pois s\u00e3o v\u00ednculos fr\u00e1geis e que submetem os trabalhadores a uma grande precariza\u00e7\u00e3o de trabalho.<\/p>\n<p>A Secret\u00e1ria da Sa\u00fade Cristiane Campos se comprometeu em buscar uma solu\u00e7\u00e3o junto ao jur\u00eddico do munic\u00edpio para que o piso salarial seja rapidamente pago aos trabalhadores terceirizados pelas empresas contratadas pelo munic\u00edpio.<\/p>\n<p>O Sindsa\u00fade-BA ir\u00e1 realizar, atrav\u00e9s do setor jur\u00eddico da entidade, uma an\u00e1lise do parecer da PGM para que seja realizada uma contesta\u00e7\u00e3o do equ\u00edvoco que trata a GEUS \u2013 Gratifica\u00e7\u00e3o por Exerc\u00edcio em Unidades de Sa\u00fade dos servidores para a complementa\u00e7\u00e3o do piso salarial da enfermagem.<\/p>\n<p>A Geus \u00e9 vari\u00e1vel!<br \/>\nA Geus n\u00e3o \u00e9 piso!<\/p>\n","protected":false},"excerpt":{"rendered":"<p>Na tarde desta ter\u00e7a feira (07\/11), a diretora de comunica\u00e7\u00e3o do Sindsa\u00fade-BA, Dart Clair Cerqueira, participou de uma reuni\u00e3o com Secret\u00e1ria da Sa\u00fade de Feira de Santana, Cristiane Campos. Estiveram presentes Cristiane Gusm\u00e3o, representante do Seeb, e Luciane, enfermeira e servidora p\u00fablica do munic\u00edpio, para&#8230;<\/p>\n","protected":false},"author":2,"featured_media":19133,"comment_status":"open","ping_status":"open","sticky":false,"template":"","format":"standard","meta":[],"categories":[11,6],"tags":[],"amp_validity":null,"amp_enabled":true,"_links":{"self":[{"href":"https:\/\/sindsaudeba.org.br\/portal\/wp-json\/wp\/v2\/posts\/19129"}],"collection":[{"href":"https:\/\/sindsaudeba.org.br\/portal\/wp-json\/wp\/v2\/posts"}],"about":[{"href":"https:\/\/sindsaudeba.org.br\/portal\/wp-json\/wp\/v2\/types\/post"}],"author":[{"embeddable":true,"href":"https:\/\/sindsaudeba.org.br\/portal\/wp-json\/wp\/v2\/users\/2"}],"replies":[{"embeddable":true,"href":"https:\/\/sindsaudeba.org.br\/portal\/wp-json\/wp\/v2\/comments?post=19129"}],"version-history":[{"count":1,"href":"https:\/\/sindsaudeba.org.br\/portal\/wp-json\/wp\/v2\/posts\/19129\/revisions"}],"predecessor-version":[{"id":19134,"href":"https:\/\/sindsaudeba.org.br\/portal\/wp-json\/wp\/v2\/posts\/19129\/revisions\/19134"}],"wp:featuredmedia":[{"embeddable":true,"href":"https:\/\/sindsaudeba.org.br\/portal\/wp-json\/wp\/v2\/media\/19133"}],"wp:attachment":[{"href":"https:\/\/sindsaudeba.org.br\/portal\/wp-json\/wp\/v2\/media?parent=19129"}],"wp:term":[{"taxonomy":"category","embeddable":true,"href":"https:\/\/sindsaudeba.org.br\/portal\/wp-json\/wp\/v2\/categories?post=19129"},{"taxonomy":"post_tag","embeddable":true,"href":"https:\/\/sindsaudeba.org.br\/portal\/wp-json\/wp\/v2\/tags?post=19129"}],"curies":[{"name":"wp","href":"https:\/\/api.w.org\/{rel}","templated":true}]}}