{"id":19107,"date":"2023-11-03T13:53:49","date_gmt":"2023-11-03T16:53:49","guid":{"rendered":"https:\/\/sindsaudeba.org.br\/portal\/?p=19107"},"modified":"2023-11-03T13:54:37","modified_gmt":"2023-11-03T16:54:37","slug":"06-de-novembro-temos-a-manifestacao-em-frente-ao-hospital-geral-do-estado-da-bahia","status":"publish","type":"post","link":"https:\/\/sindsaudeba.org.br\/portal\/blog\/06-de-novembro-temos-a-manifestacao-em-frente-ao-hospital-geral-do-estado-da-bahia\/","title":{"rendered":"06 DE NOVEMBRO TEMOS A MANIFESTA\u00c7\u00c3O EM FRENTE AO HOSPITAL GERAL DO ESTADO DA BAHIA"},"content":{"rendered":"<p><img loading=\"lazy\" class=\"size-medium wp-image-19108 alignleft\" src=\"https:\/\/sindsaudeba.org.br\/portal\/wp-content\/uploads\/2023\/11\/WhatsApp-Image-2023-11-03-at-13.45.06-221x300.jpeg\" alt=\"\" width=\"221\" height=\"300\" srcset=\"https:\/\/sindsaudeba.org.br\/portal\/wp-content\/uploads\/2023\/11\/WhatsApp-Image-2023-11-03-at-13.45.06-221x300.jpeg 221w, https:\/\/sindsaudeba.org.br\/portal\/wp-content\/uploads\/2023\/11\/WhatsApp-Image-2023-11-03-at-13.45.06-755x1024.jpeg 755w, https:\/\/sindsaudeba.org.br\/portal\/wp-content\/uploads\/2023\/11\/WhatsApp-Image-2023-11-03-at-13.45.06-768x1042.jpeg 768w, https:\/\/sindsaudeba.org.br\/portal\/wp-content\/uploads\/2023\/11\/WhatsApp-Image-2023-11-03-at-13.45.06-700x949.jpeg 700w, https:\/\/sindsaudeba.org.br\/portal\/wp-content\/uploads\/2023\/11\/WhatsApp-Image-2023-11-03-at-13.45.06.jpeg 1089w\" sizes=\"(max-width: 221px) 100vw, 221px\" \/>Em assembleia ordin\u00e1ria, realizada na sexta-feira (20) outubro, \u00e0s 11 h, atrav\u00e9s da plataforma Zoom, com transmiss\u00e3o ao vivo no Youtube, servidores p\u00fablicos da enfermagem, Sesab e REDA, aprovaram as seguintes propostas:<\/p>\n<ol>\n<li>a) Manifesta\u00e7\u00f5es nas unidades, j\u00e1 aconteceu a 1) no dia 25\/10 (quarta-feira), \u00e0s 8h, na porta do Hospital Geral Roberto Santos \u2013em defesa do Piso da Enfermagem sem complementar com a GID;<\/li>\n<\/ol>\n<p>Agora acontece no dia 06 de novembro, \u00e0s 8horas, na porta do Hospital Geral do Estado da Bahia (HGE), com objetivo de mobilizar a todos(as), em defesa do Piso da Enfermagem sem complementar com a GID;<\/p>\n<p>Outra delibera\u00e7\u00e3o foi acompanhar a agenda do Governador do Estado, distribui\u00e7\u00e3o de panfletos sobre a mobiliza\u00e7\u00e3o dos servidores da enfermagem pelas unidades; \u00a0Agenda de mobiliza\u00e7\u00e3o nas portas das unidades de sa\u00fade; Agendamento de Audi\u00eancia P\u00fablica (ALBA) \u2013 a primeira aconteceu na \u00faltima segunda-feira (30), na Alba, defendeu a implanta\u00e7\u00e3o do Piso da Enfermagem, sem a complementa\u00e7\u00e3o da GID e que seja respeitada a paridade dos aposentados, para que tamb\u00e9m tenham direito ao Piso Nacional da Enfermagem;<\/p>\n<p><img loading=\"lazy\" class=\"size-medium wp-image-18865 alignright\" src=\"https:\/\/sindsaudeba.org.br\/portal\/wp-content\/uploads\/2023\/10\/Arte-Camisa-Temos-muito-o-que-conquistar-preta-212x300.jpg\" alt=\"\" width=\"212\" height=\"300\" srcset=\"https:\/\/sindsaudeba.org.br\/portal\/wp-content\/uploads\/2023\/10\/Arte-Camisa-Temos-muito-o-que-conquistar-preta-212x300.jpg 212w, https:\/\/sindsaudeba.org.br\/portal\/wp-content\/uploads\/2023\/10\/Arte-Camisa-Temos-muito-o-que-conquistar-preta-724x1024.jpg 724w, https:\/\/sindsaudeba.org.br\/portal\/wp-content\/uploads\/2023\/10\/Arte-Camisa-Temos-muito-o-que-conquistar-preta-768x1086.jpg 768w, https:\/\/sindsaudeba.org.br\/portal\/wp-content\/uploads\/2023\/10\/Arte-Camisa-Temos-muito-o-que-conquistar-preta-1086x1536.jpg 1086w, https:\/\/sindsaudeba.org.br\/portal\/wp-content\/uploads\/2023\/10\/Arte-Camisa-Temos-muito-o-que-conquistar-preta-1448x2048.jpg 1448w, https:\/\/sindsaudeba.org.br\/portal\/wp-content\/uploads\/2023\/10\/Arte-Camisa-Temos-muito-o-que-conquistar-preta-700x990.jpg 700w, https:\/\/sindsaudeba.org.br\/portal\/wp-content\/uploads\/2023\/10\/Arte-Camisa-Temos-muito-o-que-conquistar-preta-scaled.jpg 1810w\" sizes=\"(max-width: 212px) 100vw, 212px\" \/><\/p>\n<p>NESTA SEGUNDA-FEIRA, 06 DE NOVEMBRO TEMOS A MANIFESTA\u00c7\u00c3O EM FRENTE AO HOSPITAL GERAL DO ESTADO DA BAHIA, #HGE<\/p>\n","protected":false},"excerpt":{"rendered":"<p>Em assembleia ordin\u00e1ria, realizada na sexta-feira (20) outubro, \u00e0s 11 h, atrav\u00e9s da plataforma Zoom, com transmiss\u00e3o ao vivo no Youtube, servidores p\u00fablicos da enfermagem, Sesab e REDA, aprovaram as seguintes propostas: a) Manifesta\u00e7\u00f5es nas unidades, j\u00e1 aconteceu a 1) no dia 25\/10 (quarta-feira), \u00e0s&#8230;<\/p>\n","protected":false},"author":2,"featured_media":19108,"comment_status":"open","ping_status":"open","sticky":false,"template":"","format":"standard","meta":[],"categories":[11,6,7],"tags":[],"amp_validity":null,"amp_enabled":true,"_links":{"self":[{"href":"https:\/\/sindsaudeba.org.br\/portal\/wp-json\/wp\/v2\/posts\/19107"}],"collection":[{"href":"https:\/\/sindsaudeba.org.br\/portal\/wp-json\/wp\/v2\/posts"}],"about":[{"href":"https:\/\/sindsaudeba.org.br\/portal\/wp-json\/wp\/v2\/types\/post"}],"author":[{"embeddable":true,"href":"https:\/\/sindsaudeba.org.br\/portal\/wp-json\/wp\/v2\/users\/2"}],"replies":[{"embeddable":true,"href":"https:\/\/sindsaudeba.org.br\/portal\/wp-json\/wp\/v2\/comments?post=19107"}],"version-history":[{"count":2,"href":"https:\/\/sindsaudeba.org.br\/portal\/wp-json\/wp\/v2\/posts\/19107\/revisions"}],"predecessor-version":[{"id":19111,"href":"https:\/\/sindsaudeba.org.br\/portal\/wp-json\/wp\/v2\/posts\/19107\/revisions\/19111"}],"wp:featuredmedia":[{"embeddable":true,"href":"https:\/\/sindsaudeba.org.br\/portal\/wp-json\/wp\/v2\/media\/19108"}],"wp:attachment":[{"href":"https:\/\/sindsaudeba.org.br\/portal\/wp-json\/wp\/v2\/media?parent=19107"}],"wp:term":[{"taxonomy":"category","embeddable":true,"href":"https:\/\/sindsaudeba.org.br\/portal\/wp-json\/wp\/v2\/categories?post=19107"},{"taxonomy":"post_tag","embeddable":true,"href":"https:\/\/sindsaudeba.org.br\/portal\/wp-json\/wp\/v2\/tags?post=19107"}],"curies":[{"name":"wp","href":"https:\/\/api.w.org\/{rel}","templated":true}]}}