{"id":17616,"date":"2023-03-09T12:42:11","date_gmt":"2023-03-09T15:42:11","guid":{"rendered":"https:\/\/sindsaudeba.org.br\/portal\/?p=17616"},"modified":"2023-03-09T13:31:44","modified_gmt":"2023-03-09T16:31:44","slug":"assembleia-do-sindsaude-bahia-08-de-marco-de-2023","status":"publish","type":"post","link":"https:\/\/sindsaudeba.org.br\/portal\/blog\/assembleia-do-sindsaude-bahia-08-de-marco-de-2023\/","title":{"rendered":"Assembleia do Sindsa\u00fade Bahia, 08 de mar\u00e7o de 2023"},"content":{"rendered":"<p><img loading=\"lazy\" class=\"size-medium wp-image-17610 alignleft\" src=\"https:\/\/sindsaudeba.org.br\/portal\/wp-content\/uploads\/2023\/03\/98550a4c-c2e7-4b8b-9b08-4fe03ce6d444-300x169.jpg\" alt=\"\" width=\"300\" height=\"169\" srcset=\"https:\/\/sindsaudeba.org.br\/portal\/wp-content\/uploads\/2023\/03\/98550a4c-c2e7-4b8b-9b08-4fe03ce6d444-300x169.jpg 300w, https:\/\/sindsaudeba.org.br\/portal\/wp-content\/uploads\/2023\/03\/98550a4c-c2e7-4b8b-9b08-4fe03ce6d444-1024x576.jpg 1024w, https:\/\/sindsaudeba.org.br\/portal\/wp-content\/uploads\/2023\/03\/98550a4c-c2e7-4b8b-9b08-4fe03ce6d444-768x432.jpg 768w, https:\/\/sindsaudeba.org.br\/portal\/wp-content\/uploads\/2023\/03\/98550a4c-c2e7-4b8b-9b08-4fe03ce6d444-700x394.jpg 700w, https:\/\/sindsaudeba.org.br\/portal\/wp-content\/uploads\/2023\/03\/98550a4c-c2e7-4b8b-9b08-4fe03ce6d444-539x303.jpg 539w, https:\/\/sindsaudeba.org.br\/portal\/wp-content\/uploads\/2023\/03\/98550a4c-c2e7-4b8b-9b08-4fe03ce6d444.jpg 1366w\" sizes=\"(max-width: 300px) 100vw, 300px\" \/><\/p>\n<p>Texto completo da da Ata:<\/p>\n<p>Ata da Assembleia Geral dos Trabalhadores em Sa\u00fade do Estado da Bahia, realizada ontem 8 de mar\u00e7o em primeira chamada as 19:00 horas e segunda chamada as 19:30 foi iniciada a assembleia do SINDSAUDE P\u00daBLICO, tendo como pauta o reajuste salarial dos servidores estaduais da sa\u00fade. Como pauta secund\u00e1ria foram trazidas algumas atualiza\u00e7\u00f5es do andamento para a implanta\u00e7\u00e3o do Piso Nacional da Enfermagem pela deputada federal Alice Portugal considerando em sua fala que a press\u00e3o deve est\u00e1 sobre o MS, casa civil e presid\u00eancia da rep\u00fablica para aprova\u00e7\u00e3o da minuta da medida provis\u00f3ria, elaborada por uma comiss\u00e3o de deputados, para aplica\u00e7\u00e3o do piso com suas devidas fontes de custeio, haja vista que o STF impetrou uma liminar com efeito suspensivo da lei 14.434 que aprovou o piso nacional da enfermagem. Adiantou que a ministra da sa\u00fade, N\u00edsia Trindade, estar\u00e1 em Salvador para uma agenda da qual n\u00e3o tem conhecimento, mas sugeriu que o movimento sindical fosse ao seu encontro para solicitar agilidade no andamento da aprova\u00e7\u00e3o da MP. <img loading=\"lazy\" class=\"size-medium wp-image-17611 alignright\" src=\"https:\/\/sindsaudeba.org.br\/portal\/wp-content\/uploads\/2023\/03\/1797636d-83b5-4ce9-9d18-591ca34a2d9f-169x300.jpg\" alt=\"\" width=\"169\" height=\"300\" srcset=\"https:\/\/sindsaudeba.org.br\/portal\/wp-content\/uploads\/2023\/03\/1797636d-83b5-4ce9-9d18-591ca34a2d9f-169x300.jpg 169w, https:\/\/sindsaudeba.org.br\/portal\/wp-content\/uploads\/2023\/03\/1797636d-83b5-4ce9-9d18-591ca34a2d9f-576x1024.jpg 576w, https:\/\/sindsaudeba.org.br\/portal\/wp-content\/uploads\/2023\/03\/1797636d-83b5-4ce9-9d18-591ca34a2d9f-768x1365.jpg 768w, https:\/\/sindsaudeba.org.br\/portal\/wp-content\/uploads\/2023\/03\/1797636d-83b5-4ce9-9d18-591ca34a2d9f-864x1536.jpg 864w, https:\/\/sindsaudeba.org.br\/portal\/wp-content\/uploads\/2023\/03\/1797636d-83b5-4ce9-9d18-591ca34a2d9f-700x1244.jpg 700w, https:\/\/sindsaudeba.org.br\/portal\/wp-content\/uploads\/2023\/03\/1797636d-83b5-4ce9-9d18-591ca34a2d9f.jpg 900w\" sizes=\"(max-width: 169px) 100vw, 169px\" \/> Ivanilda e L\u00facia Duque trouxeram a import\u00e2ncia de organizar uma caravana para Bras\u00edlia com os trabalhadores da enfermagem. L\u00facia Duque avisa que esta agenda j\u00e1 est\u00e1 confirmada em Bras\u00edlia para o dia 27\/03, quando ocorrer\u00e1 tamb\u00e9m a marcha dos prefeitos. Voltando a pauta principal, Ivanilda trouxe esclarecimentos \u00e0 categoria sobre a pauta sindical j\u00e1 entregue ao governador Jer\u00f4nimo Rodrigues constando os anseios da categoria da sa\u00fade e solicitando uma reuni\u00e3o, entretanto este ainda n\u00e3o teria dado retorno.\u00a0Como a data base para o funcionalismo p\u00fablico \u00e9 em janeiro, precisar\u00edamos nos unir num ato de mobiliza\u00e7\u00e3o na governadoria solicitando reajuste e aten\u00e7\u00e3o ao PCCV e todas as vantagens previstas, como adicional de insalubridade, progress\u00e3o, promo\u00e7\u00e3o, al\u00e9m da retifica\u00e7\u00e3o do decreto referente \u00e0s di\u00e1rias para os deslocamentos em servi\u00e7o, quanto o per\u00edodo de afastamento para se ter direito, o n\u00e3o pagamento em regi\u00e3o metropolitana e ao reajuste da tabela. Foi posto em vota\u00e7\u00e3o quanto a data do ato ser dia 05\/04 (quarta-feira) em frete a governadoria no CAB a partir das 8 h, tendo voto favor\u00e1vel da assembleia. Foi franqueada a fala e algumas pessoas presentes a utilizaram e fizeram suas coloca\u00e7\u00f5es e sugest\u00f5es. Sem mais nada a tratar, encerrou-se a assembleia \u00e0s 20:30 Hs.<\/p>\n<p>&nbsp;<\/p>\n<p>&nbsp;<\/p>\n<p>&nbsp;<\/p>\n<p><img loading=\"lazy\" class=\"alignnone wp-image-17626\" src=\"https:\/\/sindsaudeba.org.br\/portal\/wp-content\/uploads\/2023\/03\/12e61750-2818-49f3-9d41-61bef68216d7-1-212x300.jpg\" alt=\"\" width=\"271\" height=\"383\" srcset=\"https:\/\/sindsaudeba.org.br\/portal\/wp-content\/uploads\/2023\/03\/12e61750-2818-49f3-9d41-61bef68216d7-1-212x300.jpg 212w, https:\/\/sindsaudeba.org.br\/portal\/wp-content\/uploads\/2023\/03\/12e61750-2818-49f3-9d41-61bef68216d7-1-724x1024.jpg 724w, https:\/\/sindsaudeba.org.br\/portal\/wp-content\/uploads\/2023\/03\/12e61750-2818-49f3-9d41-61bef68216d7-1-768x1086.jpg 768w, https:\/\/sindsaudeba.org.br\/portal\/wp-content\/uploads\/2023\/03\/12e61750-2818-49f3-9d41-61bef68216d7-1-1086x1536.jpg 1086w, https:\/\/sindsaudeba.org.br\/portal\/wp-content\/uploads\/2023\/03\/12e61750-2818-49f3-9d41-61bef68216d7-1-700x990.jpg 700w, https:\/\/sindsaudeba.org.br\/portal\/wp-content\/uploads\/2023\/03\/12e61750-2818-49f3-9d41-61bef68216d7-1.jpg 1131w\" sizes=\"(max-width: 271px) 100vw, 271px\" \/><\/p>\n","protected":false},"excerpt":{"rendered":"<p>Texto completo da da Ata: Ata da Assembleia Geral dos Trabalhadores em Sa\u00fade do Estado da Bahia, realizada ontem 8 de mar\u00e7o em primeira chamada as 19:00 horas e segunda chamada as 19:30 foi iniciada a assembleia do SINDSAUDE P\u00daBLICO, tendo como pauta o reajuste&#8230;<\/p>\n","protected":false},"author":2,"featured_media":17610,"comment_status":"open","ping_status":"open","sticky":false,"template":"","format":"standard","meta":[],"categories":[11,6,7],"tags":[262],"amp_validity":null,"amp_enabled":true,"_links":{"self":[{"href":"https:\/\/sindsaudeba.org.br\/portal\/wp-json\/wp\/v2\/posts\/17616"}],"collection":[{"href":"https:\/\/sindsaudeba.org.br\/portal\/wp-json\/wp\/v2\/posts"}],"about":[{"href":"https:\/\/sindsaudeba.org.br\/portal\/wp-json\/wp\/v2\/types\/post"}],"author":[{"embeddable":true,"href":"https:\/\/sindsaudeba.org.br\/portal\/wp-json\/wp\/v2\/users\/2"}],"replies":[{"embeddable":true,"href":"https:\/\/sindsaudeba.org.br\/portal\/wp-json\/wp\/v2\/comments?post=17616"}],"version-history":[{"count":2,"href":"https:\/\/sindsaudeba.org.br\/portal\/wp-json\/wp\/v2\/posts\/17616\/revisions"}],"predecessor-version":[{"id":17627,"href":"https:\/\/sindsaudeba.org.br\/portal\/wp-json\/wp\/v2\/posts\/17616\/revisions\/17627"}],"wp:featuredmedia":[{"embeddable":true,"href":"https:\/\/sindsaudeba.org.br\/portal\/wp-json\/wp\/v2\/media\/17610"}],"wp:attachment":[{"href":"https:\/\/sindsaudeba.org.br\/portal\/wp-json\/wp\/v2\/media?parent=17616"}],"wp:term":[{"taxonomy":"category","embeddable":true,"href":"https:\/\/sindsaudeba.org.br\/portal\/wp-json\/wp\/v2\/categories?post=17616"},{"taxonomy":"post_tag","embeddable":true,"href":"https:\/\/sindsaudeba.org.br\/portal\/wp-json\/wp\/v2\/tags?post=17616"}],"curies":[{"name":"wp","href":"https:\/\/api.w.org\/{rel}","templated":true}]}}