{"id":17602,"date":"2023-03-07T17:01:10","date_gmt":"2023-03-07T20:01:10","guid":{"rendered":"https:\/\/sindsaudeba.org.br\/portal\/?p=17602"},"modified":"2023-03-07T17:01:27","modified_gmt":"2023-03-07T20:01:27","slug":"8-de-marco-caminhada-saira-da-lapinha","status":"publish","type":"post","link":"https:\/\/sindsaudeba.org.br\/portal\/blog\/8-de-marco-caminhada-saira-da-lapinha\/","title":{"rendered":"8 de Mar\u00e7o \u2013 Caminhada sair\u00e1 da Lapinha"},"content":{"rendered":"<p><img loading=\"lazy\" class=\"size-medium wp-image-17603 alignleft\" src=\"https:\/\/sindsaudeba.org.br\/portal\/wp-content\/uploads\/2023\/03\/b27d1fad-b9f2-4296-87a4-44b8c5adc5c6-298x300.jpg\" alt=\"\" width=\"298\" height=\"300\" srcset=\"https:\/\/sindsaudeba.org.br\/portal\/wp-content\/uploads\/2023\/03\/b27d1fad-b9f2-4296-87a4-44b8c5adc5c6-298x300.jpg 298w, https:\/\/sindsaudeba.org.br\/portal\/wp-content\/uploads\/2023\/03\/b27d1fad-b9f2-4296-87a4-44b8c5adc5c6-1018x1024.jpg 1018w, https:\/\/sindsaudeba.org.br\/portal\/wp-content\/uploads\/2023\/03\/b27d1fad-b9f2-4296-87a4-44b8c5adc5c6-150x150.jpg 150w, https:\/\/sindsaudeba.org.br\/portal\/wp-content\/uploads\/2023\/03\/b27d1fad-b9f2-4296-87a4-44b8c5adc5c6-768x772.jpg 768w, https:\/\/sindsaudeba.org.br\/portal\/wp-content\/uploads\/2023\/03\/b27d1fad-b9f2-4296-87a4-44b8c5adc5c6-700x704.jpg 700w, https:\/\/sindsaudeba.org.br\/portal\/wp-content\/uploads\/2023\/03\/b27d1fad-b9f2-4296-87a4-44b8c5adc5c6.jpg 1081w\" sizes=\"(max-width: 298px) 100vw, 298px\" \/><img loading=\"lazy\" class=\"size-medium wp-image-17604 alignright\" src=\"https:\/\/sindsaudeba.org.br\/portal\/wp-content\/uploads\/2023\/03\/d0e2ab0b-f109-4a69-924e-fe7eb9c2f5a0-300x99.jpg\" alt=\"\" width=\"300\" height=\"99\" srcset=\"https:\/\/sindsaudeba.org.br\/portal\/wp-content\/uploads\/2023\/03\/d0e2ab0b-f109-4a69-924e-fe7eb9c2f5a0-300x99.jpg 300w, https:\/\/sindsaudeba.org.br\/portal\/wp-content\/uploads\/2023\/03\/d0e2ab0b-f109-4a69-924e-fe7eb9c2f5a0-1024x340.jpg 1024w, https:\/\/sindsaudeba.org.br\/portal\/wp-content\/uploads\/2023\/03\/d0e2ab0b-f109-4a69-924e-fe7eb9c2f5a0-768x255.jpg 768w, https:\/\/sindsaudeba.org.br\/portal\/wp-content\/uploads\/2023\/03\/d0e2ab0b-f109-4a69-924e-fe7eb9c2f5a0-700x232.jpg 700w, https:\/\/sindsaudeba.org.br\/portal\/wp-content\/uploads\/2023\/03\/d0e2ab0b-f109-4a69-924e-fe7eb9c2f5a0.jpg 1508w\" sizes=\"(max-width: 300px) 100vw, 300px\" \/><\/p>\n<p>. &#8220;Sal\u00e1rio igual para trabalho igual&#8221; ser\u00e1 a palavra de ordem da CTB Nacional, das dire\u00e7\u00f5es estaduais e sindicatos filiados para marcar o 8 de Mar\u00e7o, Dia Internacional da Mulher, amanh\u00e3, quarta-feira. Manifesta\u00e7\u00f5es ser\u00e3o realizadas nas principais cidades brasileiras. Em Salvador, a caminhada ser\u00e1 \u00e0s 15 horas, saindo do bairro da Lapinha, at\u00e9 o Pelourinho. Para presidente Ivanilda Brito \u201cnesta importante atividade, n\u00f3s do Sindsa\u00fade Ba e CTBBa, vamos marcar presen\u00e7a\u201d.<\/p>\n<p>&#8220;Al\u00e9m da atividade em Salvador, \u00e9 importante garantir atos nas cidades do interior, h\u00e1 mobiliza\u00e7\u00e3o de diversas entidades por toda a Bahia e ajudar\u00e1 a construir grandes manifesta\u00e7\u00f5es&#8221;, pontua a secret\u00e1ria da Mulher da CTB, Flora Lassance.<\/p>\n<p>A presidente do SindsaudeBa e diretora da CTBBa, Ivanilda Brito destaca a import\u00e2ncia do primeiro 8 de Mar\u00e7o sob o governo do campo democr\u00e1tico e popular. \u201cMostrar \u00e0 popula\u00e7\u00e3o que \u00e0s mulheres tem um papel importante na sociedade e queremos buscar esta valoriza\u00e7\u00e3o, ainda mais, e tamb\u00e9m uma conscientiza\u00e7\u00e3o da luta de combate e preven\u00e7\u00e3o a todas as formas de viol\u00eancia contra a mulher\u201d.<\/p>\n<p>\u201c8 de Mar\u00e7o \u2014 uma data para refor\u00e7armos a import\u00e2ncia de respeitar a mulher na sua diversidade e pluralidade, n\u00f3s do servi\u00e7o p\u00fablico sempre sofremos preconceito e somos excel\u00eancia no que fazemos. Valorizar as mulheres servidoras p\u00fablicas, isso que o governo tem que fazer e a sociedade\u201d, pontuou Ivanilda que convidou a todos(as) servidores(as) p\u00fablicas do judici\u00e1rio a marcarem presen\u00e7a no dia 8 de mar\u00e7o, \u00e0s 13h, local: Largo da Lapinha (pr\u00f3ximo \u00e0 casa da Cabloca)<\/p>\n","protected":false},"excerpt":{"rendered":"<p>. &#8220;Sal\u00e1rio igual para trabalho igual&#8221; ser\u00e1 a palavra de ordem da CTB Nacional, das dire\u00e7\u00f5es estaduais e sindicatos filiados para marcar o 8 de Mar\u00e7o, Dia Internacional da Mulher, amanh\u00e3, quarta-feira. Manifesta\u00e7\u00f5es ser\u00e3o realizadas nas principais cidades brasileiras. Em Salvador, a caminhada ser\u00e1 \u00e0s&#8230;<\/p>\n","protected":false},"author":2,"featured_media":17604,"comment_status":"open","ping_status":"open","sticky":false,"template":"","format":"standard","meta":[],"categories":[11,6,7],"tags":[260,513],"amp_validity":null,"amp_enabled":true,"_links":{"self":[{"href":"https:\/\/sindsaudeba.org.br\/portal\/wp-json\/wp\/v2\/posts\/17602"}],"collection":[{"href":"https:\/\/sindsaudeba.org.br\/portal\/wp-json\/wp\/v2\/posts"}],"about":[{"href":"https:\/\/sindsaudeba.org.br\/portal\/wp-json\/wp\/v2\/types\/post"}],"author":[{"embeddable":true,"href":"https:\/\/sindsaudeba.org.br\/portal\/wp-json\/wp\/v2\/users\/2"}],"replies":[{"embeddable":true,"href":"https:\/\/sindsaudeba.org.br\/portal\/wp-json\/wp\/v2\/comments?post=17602"}],"version-history":[{"count":2,"href":"https:\/\/sindsaudeba.org.br\/portal\/wp-json\/wp\/v2\/posts\/17602\/revisions"}],"predecessor-version":[{"id":17607,"href":"https:\/\/sindsaudeba.org.br\/portal\/wp-json\/wp\/v2\/posts\/17602\/revisions\/17607"}],"wp:featuredmedia":[{"embeddable":true,"href":"https:\/\/sindsaudeba.org.br\/portal\/wp-json\/wp\/v2\/media\/17604"}],"wp:attachment":[{"href":"https:\/\/sindsaudeba.org.br\/portal\/wp-json\/wp\/v2\/media?parent=17602"}],"wp:term":[{"taxonomy":"category","embeddable":true,"href":"https:\/\/sindsaudeba.org.br\/portal\/wp-json\/wp\/v2\/categories?post=17602"},{"taxonomy":"post_tag","embeddable":true,"href":"https:\/\/sindsaudeba.org.br\/portal\/wp-json\/wp\/v2\/tags?post=17602"}],"curies":[{"name":"wp","href":"https:\/\/api.w.org\/{rel}","templated":true}]}}