{"id":17598,"date":"2023-03-07T10:06:28","date_gmt":"2023-03-07T13:06:28","guid":{"rendered":"https:\/\/sindsaudeba.org.br\/portal\/?p=17598"},"modified":"2023-03-07T15:16:25","modified_gmt":"2023-03-07T18:16:25","slug":"sindsaude-participa-da-apresentacao-do-centro-de-anemia-falsiforme","status":"publish","type":"post","link":"https:\/\/sindsaudeba.org.br\/portal\/blog\/sindsaude-participa-da-apresentacao-do-centro-de-anemia-falsiforme\/","title":{"rendered":"Sindsa\u00fade participa da apresenta\u00e7\u00e3o do Centro de Anemia Falsiforme"},"content":{"rendered":"<p><img loading=\"lazy\" class=\"size-medium wp-image-17599 alignleft\" src=\"https:\/\/sindsaudeba.org.br\/portal\/wp-content\/uploads\/2023\/03\/04d7bd82-c98b-4b8a-bc7b-d807f06b2743-300x169.jpg\" alt=\"\" width=\"300\" height=\"169\" srcset=\"https:\/\/sindsaudeba.org.br\/portal\/wp-content\/uploads\/2023\/03\/04d7bd82-c98b-4b8a-bc7b-d807f06b2743-300x169.jpg 300w, https:\/\/sindsaudeba.org.br\/portal\/wp-content\/uploads\/2023\/03\/04d7bd82-c98b-4b8a-bc7b-d807f06b2743-1024x576.jpg 1024w, https:\/\/sindsaudeba.org.br\/portal\/wp-content\/uploads\/2023\/03\/04d7bd82-c98b-4b8a-bc7b-d807f06b2743-768x432.jpg 768w, https:\/\/sindsaudeba.org.br\/portal\/wp-content\/uploads\/2023\/03\/04d7bd82-c98b-4b8a-bc7b-d807f06b2743-700x394.jpg 700w, https:\/\/sindsaudeba.org.br\/portal\/wp-content\/uploads\/2023\/03\/04d7bd82-c98b-4b8a-bc7b-d807f06b2743-539x303.jpg 539w, https:\/\/sindsaudeba.org.br\/portal\/wp-content\/uploads\/2023\/03\/04d7bd82-c98b-4b8a-bc7b-d807f06b2743.jpg 1156w\" sizes=\"(max-width: 300px) 100vw, 300px\" \/>A diretora de Assuntos Jur\u00eddicos, Joana Evangelista, representou ontem o Sindsa\u00fade Bahia, no evento, nessa segunda-feira (06.03), realizado pela Sesab, que apresentou o Centro Estadual de Refer\u00eancia \u00e0s Pessoas com Doen\u00e7a Falciforme, que est\u00e1s prestes a ser inaugurado, para representantes de entidades de diversas regi\u00f5es do estado que representam familiares e pessoas com doen\u00e7a falciforme. O encontro aconteceu no audit\u00f3rio da Secretaria da Sa\u00fade do Estado, contando com participa\u00e7\u00f5es por videoconfer\u00eancia.<\/p>\n<p>A unidade vai funcionar, em Salvador, e vai ofertar atendimento ambulatorial multidisciplinar com hematologista, ortopedista, hepatologista, neurologista, oftalmologista, nutricionista, psic\u00f3logo, odontologia, fisioterapeuta, assistente social, assist\u00eancia farmac\u00eautica; doppler transcraniano, que \u00e9 fundamental para diagn\u00f3stico precoce de altera\u00e7\u00f5es de vasos cerebrais que est\u00e3o relacionadas com o desenvolvimento de AVC, al\u00e9m da realiza\u00e7\u00e3o de exames hematol\u00f3gicos, bioqu\u00edmicos e ag\u00eancia Transfusional.<\/p>\n<p>A Doen\u00e7a Falciforme \u00e9 uma das condi\u00e7\u00f5es gen\u00e9ticas e heredit\u00e1rias mais comuns no mundo e \u00e9 mais prevalente na popula\u00e7\u00e3o negra, apesar de n\u00e3o ser exclusiva. S\u00f3 na Bahia, estima-se que 30 mil pessoas possuam a condi\u00e7\u00e3o, que provoca anemia cr\u00f4nica e epis\u00f3dios frequentes de dor severa, decorrentes da m\u00e1 circula\u00e7\u00e3o sangu\u00ednea.<\/p>\n<p>Fonte: Sesab<\/p>\n","protected":false},"excerpt":{"rendered":"<p>A diretora de Assuntos Jur\u00eddicos, Joana Evangelista, representou ontem o Sindsa\u00fade Bahia, no evento, nessa segunda-feira (06.03), realizado pela Sesab, que apresentou o Centro Estadual de Refer\u00eancia \u00e0s Pessoas com Doen\u00e7a Falciforme, que est\u00e1s prestes a ser inaugurado, para representantes de entidades de diversas regi\u00f5es&#8230;<\/p>\n","protected":false},"author":2,"featured_media":17599,"comment_status":"open","ping_status":"open","sticky":false,"template":"","format":"standard","meta":[],"categories":[11,6,7],"tags":[],"amp_validity":null,"amp_enabled":true,"_links":{"self":[{"href":"https:\/\/sindsaudeba.org.br\/portal\/wp-json\/wp\/v2\/posts\/17598"}],"collection":[{"href":"https:\/\/sindsaudeba.org.br\/portal\/wp-json\/wp\/v2\/posts"}],"about":[{"href":"https:\/\/sindsaudeba.org.br\/portal\/wp-json\/wp\/v2\/types\/post"}],"author":[{"embeddable":true,"href":"https:\/\/sindsaudeba.org.br\/portal\/wp-json\/wp\/v2\/users\/2"}],"replies":[{"embeddable":true,"href":"https:\/\/sindsaudeba.org.br\/portal\/wp-json\/wp\/v2\/comments?post=17598"}],"version-history":[{"count":1,"href":"https:\/\/sindsaudeba.org.br\/portal\/wp-json\/wp\/v2\/posts\/17598\/revisions"}],"predecessor-version":[{"id":17600,"href":"https:\/\/sindsaudeba.org.br\/portal\/wp-json\/wp\/v2\/posts\/17598\/revisions\/17600"}],"wp:featuredmedia":[{"embeddable":true,"href":"https:\/\/sindsaudeba.org.br\/portal\/wp-json\/wp\/v2\/media\/17599"}],"wp:attachment":[{"href":"https:\/\/sindsaudeba.org.br\/portal\/wp-json\/wp\/v2\/media?parent=17598"}],"wp:term":[{"taxonomy":"category","embeddable":true,"href":"https:\/\/sindsaudeba.org.br\/portal\/wp-json\/wp\/v2\/categories?post=17598"},{"taxonomy":"post_tag","embeddable":true,"href":"https:\/\/sindsaudeba.org.br\/portal\/wp-json\/wp\/v2\/tags?post=17598"}],"curies":[{"name":"wp","href":"https:\/\/api.w.org\/{rel}","templated":true}]}}