{"id":17582,"date":"2023-03-02T09:52:23","date_gmt":"2023-03-02T12:52:23","guid":{"rendered":"https:\/\/sindsaudeba.org.br\/portal\/?p=17582"},"modified":"2023-03-02T09:56:57","modified_gmt":"2023-03-02T12:56:57","slug":"buscando-melhorias-para-a-categoria-sindsaude-ba-realiza-assembleia-com-trabalhadores-as-da-policlinica-em-ribeira-do-pombal","status":"publish","type":"post","link":"https:\/\/sindsaudeba.org.br\/portal\/blog\/buscando-melhorias-para-a-categoria-sindsaude-ba-realiza-assembleia-com-trabalhadores-as-da-policlinica-em-ribeira-do-pombal\/","title":{"rendered":"Buscando melhorias para a categoria, Sindsa\u00fade Ba realiza assembleia com trabalhadores (as) da Policl\u00ednica, em Ribeira do Pombal."},"content":{"rendered":"<p><img loading=\"lazy\" class=\"size-medium wp-image-17584 alignleft\" src=\"https:\/\/sindsaudeba.org.br\/portal\/wp-content\/uploads\/2023\/03\/5ac338f8-5946-4ffc-acd3-437294ef8b3d-300x169.jpg\" alt=\"\" width=\"300\" height=\"169\" srcset=\"https:\/\/sindsaudeba.org.br\/portal\/wp-content\/uploads\/2023\/03\/5ac338f8-5946-4ffc-acd3-437294ef8b3d-300x169.jpg 300w, https:\/\/sindsaudeba.org.br\/portal\/wp-content\/uploads\/2023\/03\/5ac338f8-5946-4ffc-acd3-437294ef8b3d-1024x577.jpg 1024w, https:\/\/sindsaudeba.org.br\/portal\/wp-content\/uploads\/2023\/03\/5ac338f8-5946-4ffc-acd3-437294ef8b3d-768x432.jpg 768w, https:\/\/sindsaudeba.org.br\/portal\/wp-content\/uploads\/2023\/03\/5ac338f8-5946-4ffc-acd3-437294ef8b3d-700x394.jpg 700w, https:\/\/sindsaudeba.org.br\/portal\/wp-content\/uploads\/2023\/03\/5ac338f8-5946-4ffc-acd3-437294ef8b3d-539x303.jpg 539w, https:\/\/sindsaudeba.org.br\/portal\/wp-content\/uploads\/2023\/03\/5ac338f8-5946-4ffc-acd3-437294ef8b3d.jpg 1156w\" sizes=\"(max-width: 300px) 100vw, 300px\" \/><img loading=\"lazy\" class=\"size-medium wp-image-17585 alignright\" src=\"https:\/\/sindsaudeba.org.br\/portal\/wp-content\/uploads\/2023\/03\/10f02471-dd33-45ba-a30d-87ae7c7db64f-300x169.jpg\" alt=\"\" width=\"300\" height=\"169\" srcset=\"https:\/\/sindsaudeba.org.br\/portal\/wp-content\/uploads\/2023\/03\/10f02471-dd33-45ba-a30d-87ae7c7db64f-300x169.jpg 300w, https:\/\/sindsaudeba.org.br\/portal\/wp-content\/uploads\/2023\/03\/10f02471-dd33-45ba-a30d-87ae7c7db64f-1024x577.jpg 1024w, https:\/\/sindsaudeba.org.br\/portal\/wp-content\/uploads\/2023\/03\/10f02471-dd33-45ba-a30d-87ae7c7db64f-768x432.jpg 768w, https:\/\/sindsaudeba.org.br\/portal\/wp-content\/uploads\/2023\/03\/10f02471-dd33-45ba-a30d-87ae7c7db64f-700x394.jpg 700w, https:\/\/sindsaudeba.org.br\/portal\/wp-content\/uploads\/2023\/03\/10f02471-dd33-45ba-a30d-87ae7c7db64f-539x303.jpg 539w, https:\/\/sindsaudeba.org.br\/portal\/wp-content\/uploads\/2023\/03\/10f02471-dd33-45ba-a30d-87ae7c7db64f.jpg 1156w\" sizes=\"(max-width: 300px) 100vw, 300px\" \/><\/p>\n<p>A presidente do Sindsa\u00fade Bahia, Ivanilda Brito, juntamente com os diretores Claudio Moreira, Dart Clair Cerqueira, Joana Evangelista e o advogado Jean Oliveira, participou de uma assembleia, na tarde desta ter\u00e7a-feira, 28 de fevereiro, com os trabalhadores (as) da Policl\u00ednica Regional de Ribeira do Pombal. O objetivo do encontro foi de formalizar que os mesmos passassem a serem representados pelo sindicato. A ades\u00e3o foi aprovada por todos os presentes.<\/p>\n<p>A fun\u00e7\u00e3o do sindicato \u00e9 proteger os direitos dos trabalhadores e trabalhadoras, realizar negocia\u00e7\u00f5es por reajustes salariais e representar os seus filiados judicialmente. Os deveres da entidade s\u00e3o colaborar com os poderes p\u00fablicos no desenvolvimento da solidariedade social, ofertar servi\u00e7os de assist\u00eancia jur\u00eddica em quest\u00f5es trabalhistas, promover reuni\u00f5es e manter di\u00e1logos com os gestores para que venham gerar melhores condi\u00e7\u00f5es de trabalho.<\/p>\n<p>\u201cO sindicato \u00e9 a associa\u00e7\u00e3o com uni\u00e3o dos trabalhadores que se organizam diante de uma entidade, para lutar por seus direitos trabalhistas, por melhores condi\u00e7\u00f5es de trabalho e que tem como um de seus objetivos principais, defender os interesses dos profissionais filiados\u201d, pontuou a presidente do Sindsa\u00fade Ba, Ivanilda Brito, que acrescentou \u201clembremos que nenhum poder p\u00fablico ou entidade acorda e diz \u2018eu amo trabalhador da sa\u00fade\u2019.\u201d.<\/p>\n<p>&#8211; \u00c9 importante essa unidade e \u00e9 preciso que todos entendam, n\u00e3o \u00e9 f\u00e1cil a luta, n\u00e3o \u00e9 uma liga\u00e7\u00e3o e um encontro que se resolvem as coisas. Todas as conquistas que hoje, n\u00f3s trabalhadores temos, foram atrav\u00e9s de muita luta, nada foi sorrindo. Ent\u00e3o, nada ser\u00e1 f\u00e1cil e que ningu\u00e9m desista da unidade, somente atrav\u00e9s dela vamos conseguir grandes vit\u00f3rias &#8211; concluiu Ivanilda.<\/p>\n<p>O Sindsa\u00fade Ba, al\u00e9m do atendimento presencial e online, oferece servi\u00e7os para todos os filiados como o Sindsa\u00fade CUIDA (atendimento com Psic\u00f3loga, Nutricionista e Fisioterapeuta), Projeto Servidor Empreendedor (orienta\u00e7\u00e3o de marketing de produtos da economia criativa), orienta\u00e7\u00e3o em Comunica\u00e7\u00e3o (redes sociais e sites para servidores e trabalhadores), Advogados e RH.<\/p>\n<p><img loading=\"lazy\" class=\"size-medium wp-image-17583 alignleft\" src=\"https:\/\/sindsaudeba.org.br\/portal\/wp-content\/uploads\/2023\/03\/2c94173c-c02c-4345-8a18-d157d61a8fb1-222x300.jpg\" alt=\"\" width=\"222\" height=\"300\" srcset=\"https:\/\/sindsaudeba.org.br\/portal\/wp-content\/uploads\/2023\/03\/2c94173c-c02c-4345-8a18-d157d61a8fb1-222x300.jpg 222w, https:\/\/sindsaudeba.org.br\/portal\/wp-content\/uploads\/2023\/03\/2c94173c-c02c-4345-8a18-d157d61a8fb1-759x1024.jpg 759w, https:\/\/sindsaudeba.org.br\/portal\/wp-content\/uploads\/2023\/03\/2c94173c-c02c-4345-8a18-d157d61a8fb1-768x1036.jpg 768w, https:\/\/sindsaudeba.org.br\/portal\/wp-content\/uploads\/2023\/03\/2c94173c-c02c-4345-8a18-d157d61a8fb1-700x944.jpg 700w, https:\/\/sindsaudeba.org.br\/portal\/wp-content\/uploads\/2023\/03\/2c94173c-c02c-4345-8a18-d157d61a8fb1.jpg 864w\" sizes=\"(max-width: 222px) 100vw, 222px\" \/><\/p>\n<p>Ap\u00f3s a assembleia aprovar a representa\u00e7\u00e3o, os pr\u00f3ximos passos s\u00e3o burocr\u00e1ticos de filia\u00e7\u00e3o e representa\u00e7\u00e3o. Um grupo de Whatsapp dos filiados foi criado para d\u00favidas e orienta\u00e7\u00f5es.<\/p>\n","protected":false},"excerpt":{"rendered":"<p>A presidente do Sindsa\u00fade Bahia, Ivanilda Brito, juntamente com os diretores Claudio Moreira, Dart Clair Cerqueira, Joana Evangelista e o advogado Jean Oliveira, participou de uma assembleia, na tarde desta ter\u00e7a-feira, 28 de fevereiro, com os trabalhadores (as) da Policl\u00ednica Regional de Ribeira do Pombal&#8230;.<\/p>\n","protected":false},"author":2,"featured_media":17585,"comment_status":"open","ping_status":"open","sticky":false,"template":"","format":"standard","meta":[],"categories":[11,6,7],"tags":[260,517,514,513],"amp_validity":null,"amp_enabled":true,"_links":{"self":[{"href":"https:\/\/sindsaudeba.org.br\/portal\/wp-json\/wp\/v2\/posts\/17582"}],"collection":[{"href":"https:\/\/sindsaudeba.org.br\/portal\/wp-json\/wp\/v2\/posts"}],"about":[{"href":"https:\/\/sindsaudeba.org.br\/portal\/wp-json\/wp\/v2\/types\/post"}],"author":[{"embeddable":true,"href":"https:\/\/sindsaudeba.org.br\/portal\/wp-json\/wp\/v2\/users\/2"}],"replies":[{"embeddable":true,"href":"https:\/\/sindsaudeba.org.br\/portal\/wp-json\/wp\/v2\/comments?post=17582"}],"version-history":[{"count":1,"href":"https:\/\/sindsaudeba.org.br\/portal\/wp-json\/wp\/v2\/posts\/17582\/revisions"}],"predecessor-version":[{"id":17586,"href":"https:\/\/sindsaudeba.org.br\/portal\/wp-json\/wp\/v2\/posts\/17582\/revisions\/17586"}],"wp:featuredmedia":[{"embeddable":true,"href":"https:\/\/sindsaudeba.org.br\/portal\/wp-json\/wp\/v2\/media\/17585"}],"wp:attachment":[{"href":"https:\/\/sindsaudeba.org.br\/portal\/wp-json\/wp\/v2\/media?parent=17582"}],"wp:term":[{"taxonomy":"category","embeddable":true,"href":"https:\/\/sindsaudeba.org.br\/portal\/wp-json\/wp\/v2\/categories?post=17582"},{"taxonomy":"post_tag","embeddable":true,"href":"https:\/\/sindsaudeba.org.br\/portal\/wp-json\/wp\/v2\/tags?post=17582"}],"curies":[{"name":"wp","href":"https:\/\/api.w.org\/{rel}","templated":true}]}}