{"id":17578,"date":"2023-03-02T08:59:45","date_gmt":"2023-03-02T11:59:45","guid":{"rendered":"https:\/\/sindsaudeba.org.br\/portal\/?p=17578"},"modified":"2023-03-02T09:49:13","modified_gmt":"2023-03-02T12:49:13","slug":"profissionais-da-saude-sao-fundamentais-para-as-campanhas-de-saude-publica-na-bahia-e-pelo-brasil","status":"publish","type":"post","link":"https:\/\/sindsaudeba.org.br\/portal\/blog\/profissionais-da-saude-sao-fundamentais-para-as-campanhas-de-saude-publica-na-bahia-e-pelo-brasil\/","title":{"rendered":"Profissionais da sa\u00fade s\u00e3o fundamentais para as campanhas de Sa\u00fade P\u00fablica na Bahia e pelo Brasil"},"content":{"rendered":"<p>Nesta segunda-feira (27), o Minist\u00e9rio da Sa\u00fade (MS) lan\u00e7ou o Movimento Nacional pela Vacina\u00e7\u00e3o. O evento de lan\u00e7amento da campanha aconteceu na Unidade B\u00e1sica de Sa\u00fade n\u00ba 01 do Guar\u00e1, no Distrito Federal, e contou com a participa\u00e7\u00e3o do Presidente Lula, do seu vice, Geraldo Alckmim, e da Ministra da Sa\u00fade, N\u00edsia Trindade. Com a mensagem \u201cVacina \u00e9 vida. Vacina \u00e9 para todos\u201d, o movimento inaugura, principalmente, a inclus\u00e3o da vacina bivalente contra a COVID-19 no Calend\u00e1rio Nacional de Vacina\u00e7\u00e3o, al\u00e9m de abranger outros imunizantes e incentivar a atualiza\u00e7\u00e3o do quadro vacinal pela popula\u00e7\u00e3o.<\/p>\n<p>&nbsp;<\/p>\n<p>Anunciada desde o final de 2022 e uma das prioridades do governo federal para reconstruir o Sistema \u00danico de Sa\u00fade (SUS), a campanha tem o objetivo de ampliar as taxas de cobertura vacinal que est\u00e3o em queda desde o ano de 2015. O Brasil j\u00e1 foi refer\u00eancia mundial em imuniza\u00e7\u00e3o, mas ap\u00f3s apresentar sucessivas redu\u00e7\u00f5es na cobertura vacinal de crian\u00e7as e adolescentes, \u00e9 um dos pa\u00edses com maior risco para volta da poliomielite, segundo a Organiza\u00e7\u00e3o Mundial de Sa\u00fade (OMS).<\/p>\n<p>&nbsp;<\/p>\n<p>\u201cReconhecer que estes s\u00e3o passos imprescind\u00edveis para a retomada do SUS e a recomposi\u00e7\u00e3o do Pa\u00eds enquanto refer\u00eancia mundial em imuniza\u00e7\u00e3o \u00e9 essencial, mas n\u00e3o permite tardar em apontar que s\u00e3o medidas iniciais, que mostram o trajeto em dire\u00e7\u00e3o a outras decis\u00f5es substanciais para a reconstru\u00e7\u00e3o do sistema de sa\u00fade brasileiro e da recupera\u00e7\u00e3o da sa\u00fade da popula\u00e7\u00e3o. Mas falta a valoriza\u00e7\u00e3o dos servidores p\u00fablicos da sa\u00fade, que ganham p\u00e9ssimo e falta valoriza\u00e7\u00e3o do administrativo e da enfermagem.\u201d, pontuou a presidente Ivanilda Brito do Sindsa\u00fade Bahia.<\/p>\n<p>&nbsp;<\/p>\n<p>Aproveitando a boa fase do Governo Federal e grandes sonhos do por um Brasil melhor para todos. Falta tamb\u00e9m a revoga\u00e7\u00e3o da EC 95, que Lula tratou como aberra\u00e7\u00e3o em v\u00e1rios discursos pelo pa\u00eds.<\/p>\n<p>&nbsp;<\/p>\n<p>Olhando para a maior categoria do segmento de sa\u00fade do pa\u00eds, \u00e9 um compromisso importante e de grande urg\u00eancia para o Governo Federal (Presidente Lula), Estadual (Jer\u00f4nimo Rodrigues) e os 517 munic\u00edpios baianos.\u00a0 Enfermeiros, t\u00e9cnicos e auxiliares aguardam a edi\u00e7\u00e3o da Medida Provis\u00f3ria que garante o repasse das fontes de custeio para estados e munic\u00edpios pagarem o piso salarial, conquistado pela mobiliza\u00e7\u00e3o unificada e hist\u00f3rica da categoria, previsto na Lei do Piso Salarial da Enfermagem (Lei 14.434\/2022) e nas Emendas Constitucionais 124 e 127 \u2013 as quais disp\u00f5em sobre fundos p\u00fablicos de aproximadamente R$ 30 bilh\u00f5es para aporte \u00e0 Uni\u00e3o e aos estados e munic\u00edpios.<\/p>\n<p>&nbsp;<\/p>\n<p>\u00c9 a Enfermagem que coordena, organiza e executa o Programa Nacional de Imuniza\u00e7\u00f5es &#8211; PNI, portanto, levantar a bandeira da vacina\u00e7\u00e3o precisa, inevitavelmente, ser um compromisso com a categoria com maior n\u00famero de mortes durante a pandemia e segue como linha de frente do cuidado, sendo a mais impactada pelas p\u00e9ssimas condi\u00e7\u00f5es de trabalho, pelas m\u00faltiplas jornadas e pelos sal\u00e1rios miser\u00e1veis pagos pelos patr\u00f5es.<\/p>\n<p>&nbsp;<\/p>\n<p>\u201cEssa luta \u00e9 de todos e todas, somos a maior categoria da \u00e1rea de sa\u00fade e cuidamos com muito comprometimento com a sa\u00fade da popula\u00e7\u00e3o. Estamos exaustos pelo excesso de carga hor\u00e1ria, pela precariza\u00e7\u00e3o e v\u00ednculos trabalhistas fr\u00e1geis com a constante terceiriza\u00e7\u00e3o, estamos passando grandes dificuldades financeiras pela falta de reajuste dos nossos sal\u00e1rios. N\u00e3o queremos aplausos, s\u00f3 queremos nosso direito reconhecido com o cumprimento da lei do piso salarial da enfermagem, vamos continuar a exercer um trabalho digno, de refer\u00eancia que j\u00e1 somos, mas com a valoriza\u00e7\u00e3o salarial que tanto merecemos!&#8221; desabafou a diretora Dart Clair (enfermeira) , que luta pelo Piso Nacional da Enfermagem junto com os colegas da \u00e1rea.<\/p>\n<p>&nbsp;<\/p>\n<p>O Brasil n\u00e3o pode mais esperar para reaver o brio de ter a maior pol\u00edtica de sa\u00fade do mundo, que \u00e9 majoritariamente executada pela maior categoria de sa\u00fade do pa\u00eds. Portanto, a Enfermagem tamb\u00e9m n\u00e3o pode mais esperar. Vacina \u00e9 vida, vacina \u00e9 para todos e depende da Enfermagem!<\/p>\n<p>&nbsp;<\/p>\n<p>Enfermagem valorizada, popula\u00e7\u00e3o vacinada, SUS fortalecido! Slogan da campanha da CNTS.<\/p>\n<p>&nbsp;<\/p>\n","protected":false},"excerpt":{"rendered":"<p>Nesta segunda-feira (27), o Minist\u00e9rio da Sa\u00fade (MS) lan\u00e7ou o Movimento Nacional pela Vacina\u00e7\u00e3o. O evento de lan\u00e7amento da campanha aconteceu na Unidade B\u00e1sica de Sa\u00fade n\u00ba 01 do Guar\u00e1, no Distrito Federal, e contou com a participa\u00e7\u00e3o do Presidente Lula, do seu vice, Geraldo&#8230;<\/p>\n","protected":false},"author":2,"featured_media":17579,"comment_status":"open","ping_status":"open","sticky":false,"template":"","format":"standard","meta":[],"categories":[11,6,7],"tags":[260,517,522],"amp_validity":null,"amp_enabled":true,"_links":{"self":[{"href":"https:\/\/sindsaudeba.org.br\/portal\/wp-json\/wp\/v2\/posts\/17578"}],"collection":[{"href":"https:\/\/sindsaudeba.org.br\/portal\/wp-json\/wp\/v2\/posts"}],"about":[{"href":"https:\/\/sindsaudeba.org.br\/portal\/wp-json\/wp\/v2\/types\/post"}],"author":[{"embeddable":true,"href":"https:\/\/sindsaudeba.org.br\/portal\/wp-json\/wp\/v2\/users\/2"}],"replies":[{"embeddable":true,"href":"https:\/\/sindsaudeba.org.br\/portal\/wp-json\/wp\/v2\/comments?post=17578"}],"version-history":[{"count":1,"href":"https:\/\/sindsaudeba.org.br\/portal\/wp-json\/wp\/v2\/posts\/17578\/revisions"}],"predecessor-version":[{"id":17580,"href":"https:\/\/sindsaudeba.org.br\/portal\/wp-json\/wp\/v2\/posts\/17578\/revisions\/17580"}],"wp:featuredmedia":[{"embeddable":true,"href":"https:\/\/sindsaudeba.org.br\/portal\/wp-json\/wp\/v2\/media\/17579"}],"wp:attachment":[{"href":"https:\/\/sindsaudeba.org.br\/portal\/wp-json\/wp\/v2\/media?parent=17578"}],"wp:term":[{"taxonomy":"category","embeddable":true,"href":"https:\/\/sindsaudeba.org.br\/portal\/wp-json\/wp\/v2\/categories?post=17578"},{"taxonomy":"post_tag","embeddable":true,"href":"https:\/\/sindsaudeba.org.br\/portal\/wp-json\/wp\/v2\/tags?post=17578"}],"curies":[{"name":"wp","href":"https:\/\/api.w.org\/{rel}","templated":true}]}}