{"id":17570,"date":"2023-02-15T22:09:15","date_gmt":"2023-02-16T01:09:15","guid":{"rendered":"https:\/\/sindsaudeba.org.br\/portal\/?p=17570"},"modified":"2023-02-15T22:11:39","modified_gmt":"2023-02-16T01:11:39","slug":"atos-por-todo-o-estado-mostram-a-forca-da-enfermagem-pela-bahia","status":"publish","type":"post","link":"https:\/\/sindsaudeba.org.br\/portal\/blog\/atos-por-todo-o-estado-mostram-a-forca-da-enfermagem-pela-bahia\/","title":{"rendered":"Atos por todo o estado mostram a for\u00e7a da Enfermagem pela Bahia"},"content":{"rendered":"<p>Trabalhadores e trabalhadoras da Enfermagem realizaram protestos em diversas cidades do pa\u00eds ontem, 14 de fevereiro. O dia de luta come\u00e7ou \u00e0s 7h, com ato virtual pelo #PisoSalarialdaEnfermagem e #PisoSalarialJ\u00e1 em destaque no Twitter. Pelas cidades, as concentra\u00e7\u00f5es eram em pontos importantes e j\u00e1 tradicionais de grandes mobiliza\u00e7\u00f5es.<\/p>\n<p>Em Salvador, v\u00e1rias faixas e bandeiras pedindo \u201cPaguem o Piso\u201d e \u201cRespeito \u00e0 Enfermagem\u201d iam se somando aos gritos de enfermeiros e enfermeiras \u00e0 frente do Shopping da Bahia (antigo Iguatemi). Aos poucos uma multid\u00e3o se formou e a mobiliza\u00e7\u00e3o ganhou corpo de ato e ganhou as ruas, mostrando a for\u00e7a da enfermagem na capital baiana.<\/p>\n<p><img loading=\"lazy\" class=\"size-medium wp-image-17573 alignleft\" src=\"https:\/\/sindsaudeba.org.br\/portal\/wp-content\/uploads\/2023\/02\/67d68a8e-0c75-4b77-bebd-1ddfb4fa1f33-225x300.jpg\" alt=\"\" width=\"225\" height=\"300\" srcset=\"https:\/\/sindsaudeba.org.br\/portal\/wp-content\/uploads\/2023\/02\/67d68a8e-0c75-4b77-bebd-1ddfb4fa1f33-225x300.jpg 225w, https:\/\/sindsaudeba.org.br\/portal\/wp-content\/uploads\/2023\/02\/67d68a8e-0c75-4b77-bebd-1ddfb4fa1f33-768x1024.jpg 768w, https:\/\/sindsaudeba.org.br\/portal\/wp-content\/uploads\/2023\/02\/67d68a8e-0c75-4b77-bebd-1ddfb4fa1f33-600x800.jpg 600w, https:\/\/sindsaudeba.org.br\/portal\/wp-content\/uploads\/2023\/02\/67d68a8e-0c75-4b77-bebd-1ddfb4fa1f33-700x933.jpg 700w, https:\/\/sindsaudeba.org.br\/portal\/wp-content\/uploads\/2023\/02\/67d68a8e-0c75-4b77-bebd-1ddfb4fa1f33.jpg 780w\" sizes=\"(max-width: 225px) 100vw, 225px\" \/><img loading=\"lazy\" class=\"size-medium wp-image-17571 alignright\" src=\"https:\/\/sindsaudeba.org.br\/portal\/wp-content\/uploads\/2023\/02\/9bbc41ba-3e30-4ed3-9a6b-dcf7c7c67e4d-300x169.jpg\" alt=\"\" width=\"300\" height=\"169\" srcset=\"https:\/\/sindsaudeba.org.br\/portal\/wp-content\/uploads\/2023\/02\/9bbc41ba-3e30-4ed3-9a6b-dcf7c7c67e4d-300x169.jpg 300w, https:\/\/sindsaudeba.org.br\/portal\/wp-content\/uploads\/2023\/02\/9bbc41ba-3e30-4ed3-9a6b-dcf7c7c67e4d-1024x577.jpg 1024w, https:\/\/sindsaudeba.org.br\/portal\/wp-content\/uploads\/2023\/02\/9bbc41ba-3e30-4ed3-9a6b-dcf7c7c67e4d-768x432.jpg 768w, https:\/\/sindsaudeba.org.br\/portal\/wp-content\/uploads\/2023\/02\/9bbc41ba-3e30-4ed3-9a6b-dcf7c7c67e4d-1536x865.jpg 1536w, https:\/\/sindsaudeba.org.br\/portal\/wp-content\/uploads\/2023\/02\/9bbc41ba-3e30-4ed3-9a6b-dcf7c7c67e4d-700x394.jpg 700w, https:\/\/sindsaudeba.org.br\/portal\/wp-content\/uploads\/2023\/02\/9bbc41ba-3e30-4ed3-9a6b-dcf7c7c67e4d-539x303.jpg 539w, https:\/\/sindsaudeba.org.br\/portal\/wp-content\/uploads\/2023\/02\/9bbc41ba-3e30-4ed3-9a6b-dcf7c7c67e4d.jpg 1600w\" sizes=\"(max-width: 300px) 100vw, 300px\" \/>Os cartazes e faixas empunhados pelos trabalhadores se juntavam \u00e0 faixa do Sindsa\u00fade Bahia, que representa bem a luta pelo direito ao Piso Nacional da Enfermagem \u201cN\u00e3o queremos aplausos, queremos nossos direitos. Paguem o Piso Nacional da Enfermagem\u201d.<\/p>\n<p>Ivanilda Brito, presidente do Sindsa\u00fade Bahia, reafirmou a luta pelo Piso Nacional da Enfermagem. \u201cN\u00e3o podemos nos acovardar, essa luta tem 30 anos, entra governo e sai governo e n\u00e3o conseguimos aplicar o Piso Nacional da Enfermagem. Agora temos que continuar a unir for\u00e7as, aposentados, ativos e a sociedade, pois, a luta \u00e9 da fam\u00edlia, n\u00e3o s\u00f3 do pai e da m\u00e3e que s\u00e3o da \u00e1rea da sa\u00fade\u201d, pontuou, emocionada, a presidente Ivanilda Brito.<\/p>\n<p>No per\u00edodo da manh\u00e3, na cidade de Feira de Santana, a manifesta\u00e7\u00e3o se concentrou em frente \u00e0 Prefeitura Municipal e seguiu em caminhada at\u00e9 o Hospital EMEC (particular). Durante os percursos, gritos de apoio da popula\u00e7\u00e3o foram registrados. \u201cEssa luta n\u00e3o \u00e9 do profissional. \u00c9 da fam\u00edlia toda, pois, cuidamos dos pacientes e da nossa fam\u00edlia, muito das vezes exaustos\u201d, comentou Dart Clair, diretora do Sindsa\u00fadeBa (Comunica\u00e7\u00e3o).<\/p>\n<p>Na regi\u00e3o de Ubaitaba e Itabuna, os profissionais sa\u00edram pelas ruas principais e pararam no centro comercial pedindo apoio \u00e0 popula\u00e7\u00e3o e aos vereadores, para que votem o Piso Nacional da Enfermagem na cidade. \u201cEssa luta \u00e9 antiga, mas precisamos unir for\u00e7as e chamar a sociedade para nos apoiar. A sa\u00fade \u00e9 importante n\u00e3o s\u00f3 para pol\u00edtica, mas para toda a sociedade!\u201d, comentou a diretora Sandra Ribeiro\u00a0(Ubaitaba).<\/p>\n<p>Nas cidades de Jequi\u00e9 e Vit\u00f3ria da Conquista a manifesta\u00e7\u00e3o mobilizou quase todos na cidade. \u201cEstamos felizes ao ver um grupo consider\u00e1vel de trabalhadores da enfermagem, isso prova o quanto estamos amadurecendo na luta coletiva, saindo do Whatsapp, e somente assim, nas ruas, unindo todos, que vamos chamar aten\u00e7\u00e3o dos governos nas tr\u00eas esferas (Federal, Estadual e Municipal). Eles precisam valorizar a enfermagem\u201d, pontuou o diretor Fabricio Santana\u00a0(Vit\u00f3ria da Conquista).<\/p>\n<p>\u201cNo Brasil, a morte dos profissionais de enfermagem, devido a Covid-19, foi muito alta porque eles est\u00e3o muito expostos. Eles fazem o cuidado dos pacientes, \u00e9 um contato mais intenso e duradouro. O Sindsa\u00fadeBa luta por melhores condi\u00e7\u00f5es de trabalho para t\u00e9cnicos, administrativos, enfermeiros e enfermeiras, come\u00e7ando pelo respeito ao servidor p\u00fablico, realiza\u00e7\u00e3o novos concursos p\u00fablicos para sa\u00fade e reajuste salarial, que tem sido muito precarizado com o processo de desmonte do SUS e de mercantiliza\u00e7\u00e3o da sa\u00fade; e quando vamos para esfera da terceiriza\u00e7\u00e3o, \u00e9 assustador, a luta tem que ser por melhores sal\u00e1rios, que, em sua maioria, t\u00eam sido muito abaixo\u00a0das necessidades b\u00e1sicas da profiss\u00e3o; por uma carga hor\u00e1ria que n\u00e3o fragilize esses profissionais; e a garantia do acesso aos \u00a0EPIs e outros pontos importantes\u201d, defendeu Ivanilda Brito, presidente do Sindsa\u00fadeBa.<\/p>\n<p><strong><img loading=\"lazy\" class=\"size-medium wp-image-17574 alignleft\" src=\"https:\/\/sindsaudeba.org.br\/portal\/wp-content\/uploads\/2023\/02\/419661c9-eaa4-47b4-91d5-27727a76374f-300x139.jpg\" alt=\"\" width=\"300\" height=\"139\" srcset=\"https:\/\/sindsaudeba.org.br\/portal\/wp-content\/uploads\/2023\/02\/419661c9-eaa4-47b4-91d5-27727a76374f-300x139.jpg 300w, https:\/\/sindsaudeba.org.br\/portal\/wp-content\/uploads\/2023\/02\/419661c9-eaa4-47b4-91d5-27727a76374f-1024x473.jpg 1024w, https:\/\/sindsaudeba.org.br\/portal\/wp-content\/uploads\/2023\/02\/419661c9-eaa4-47b4-91d5-27727a76374f-768x355.jpg 768w, https:\/\/sindsaudeba.org.br\/portal\/wp-content\/uploads\/2023\/02\/419661c9-eaa4-47b4-91d5-27727a76374f-700x323.jpg 700w, https:\/\/sindsaudeba.org.br\/portal\/wp-content\/uploads\/2023\/02\/419661c9-eaa4-47b4-91d5-27727a76374f.jpg 1156w\" sizes=\"(max-width: 300px) 100vw, 300px\" \/><img loading=\"lazy\" class=\"size-medium wp-image-17572 alignright\" src=\"https:\/\/sindsaudeba.org.br\/portal\/wp-content\/uploads\/2023\/02\/29b86fd6-464d-4ae3-a080-c01eb0435a44-300x138.jpg\" alt=\"\" width=\"300\" height=\"138\" srcset=\"https:\/\/sindsaudeba.org.br\/portal\/wp-content\/uploads\/2023\/02\/29b86fd6-464d-4ae3-a080-c01eb0435a44-300x138.jpg 300w, https:\/\/sindsaudeba.org.br\/portal\/wp-content\/uploads\/2023\/02\/29b86fd6-464d-4ae3-a080-c01eb0435a44-1024x472.jpg 1024w, https:\/\/sindsaudeba.org.br\/portal\/wp-content\/uploads\/2023\/02\/29b86fd6-464d-4ae3-a080-c01eb0435a44-768x354.jpg 768w, https:\/\/sindsaudeba.org.br\/portal\/wp-content\/uploads\/2023\/02\/29b86fd6-464d-4ae3-a080-c01eb0435a44-1536x708.jpg 1536w, https:\/\/sindsaudeba.org.br\/portal\/wp-content\/uploads\/2023\/02\/29b86fd6-464d-4ae3-a080-c01eb0435a44-700x323.jpg 700w, https:\/\/sindsaudeba.org.br\/portal\/wp-content\/uploads\/2023\/02\/29b86fd6-464d-4ae3-a080-c01eb0435a44.jpg 1600w\" sizes=\"(max-width: 300px) 100vw, 300px\" \/>Cidade que tiveram atos:<\/strong><\/p>\n<p>&nbsp;<\/p>\n<p>ITABUNA<\/p>\n<p>SEABRA<\/p>\n<p>UBAITABA<\/p>\n<p>IRECE<\/p>\n<p>BARRA DO MENDES<\/p>\n<p>SALVADOR<\/p>\n<p>FEIRA DE SANTANA<\/p>\n<p>JEQUIE<\/p>\n<p>VIT\u00d3RIA DA CONQUISTA<\/p>\n<p>CENTRAL<\/p>\n<p>GUANAMBI<\/p>\n<p>CARINHANHA<\/p>\n<p>RIACHO DE SANTANA<\/p>\n<p>IGAPOR\u00c3<\/p>\n<p>CAETIT\u00c9<\/p>\n<p>PALMA DE MONTE ALTO<\/p>\n<p>SEBASTI\u00c3O LARANJEIRA<\/p>\n<p>MALHADA<\/p>\n<p>MATINA<\/p>\n<p>SANTO AMARO<\/p>\n<p>&nbsp;<\/p>\n","protected":false},"excerpt":{"rendered":"<p>Trabalhadores e trabalhadoras da Enfermagem realizaram protestos em diversas cidades do pa\u00eds ontem, 14 de fevereiro. O dia de luta come\u00e7ou \u00e0s 7h, com ato virtual pelo #PisoSalarialdaEnfermagem e #PisoSalarialJ\u00e1 em destaque no Twitter. Pelas cidades, as concentra\u00e7\u00f5es eram em pontos importantes e j\u00e1 tradicionais&#8230;<\/p>\n","protected":false},"author":2,"featured_media":17575,"comment_status":"open","ping_status":"open","sticky":false,"template":"","format":"standard","meta":[],"categories":[11,5,6,1],"tags":[260,517,514,522],"amp_validity":null,"amp_enabled":true,"_links":{"self":[{"href":"https:\/\/sindsaudeba.org.br\/portal\/wp-json\/wp\/v2\/posts\/17570"}],"collection":[{"href":"https:\/\/sindsaudeba.org.br\/portal\/wp-json\/wp\/v2\/posts"}],"about":[{"href":"https:\/\/sindsaudeba.org.br\/portal\/wp-json\/wp\/v2\/types\/post"}],"author":[{"embeddable":true,"href":"https:\/\/sindsaudeba.org.br\/portal\/wp-json\/wp\/v2\/users\/2"}],"replies":[{"embeddable":true,"href":"https:\/\/sindsaudeba.org.br\/portal\/wp-json\/wp\/v2\/comments?post=17570"}],"version-history":[{"count":1,"href":"https:\/\/sindsaudeba.org.br\/portal\/wp-json\/wp\/v2\/posts\/17570\/revisions"}],"predecessor-version":[{"id":17576,"href":"https:\/\/sindsaudeba.org.br\/portal\/wp-json\/wp\/v2\/posts\/17570\/revisions\/17576"}],"wp:featuredmedia":[{"embeddable":true,"href":"https:\/\/sindsaudeba.org.br\/portal\/wp-json\/wp\/v2\/media\/17575"}],"wp:attachment":[{"href":"https:\/\/sindsaudeba.org.br\/portal\/wp-json\/wp\/v2\/media?parent=17570"}],"wp:term":[{"taxonomy":"category","embeddable":true,"href":"https:\/\/sindsaudeba.org.br\/portal\/wp-json\/wp\/v2\/categories?post=17570"},{"taxonomy":"post_tag","embeddable":true,"href":"https:\/\/sindsaudeba.org.br\/portal\/wp-json\/wp\/v2\/tags?post=17570"}],"curies":[{"name":"wp","href":"https:\/\/api.w.org\/{rel}","templated":true}]}}