{"id":17525,"date":"2023-02-08T15:46:01","date_gmt":"2023-02-08T18:46:01","guid":{"rendered":"https:\/\/sindsaudeba.org.br\/portal\/?p=17525"},"modified":"2023-02-08T16:08:59","modified_gmt":"2023-02-08T19:08:59","slug":"mobilizacao-e-encontro-pela-sesab","status":"publish","type":"post","link":"https:\/\/sindsaudeba.org.br\/portal\/blog\/mobilizacao-e-encontro-pela-sesab\/","title":{"rendered":"Mobiliza\u00e7\u00e3o e encontro pela SESAB"},"content":{"rendered":"<p><img loading=\"lazy\" class=\"size-medium wp-image-17526 alignleft\" src=\"https:\/\/sindsaudeba.org.br\/portal\/wp-content\/uploads\/2023\/02\/WhatsApp-Image-2023-02-08-at-14.50.15-300x225.jpeg\" alt=\"\" width=\"300\" height=\"225\" srcset=\"https:\/\/sindsaudeba.org.br\/portal\/wp-content\/uploads\/2023\/02\/WhatsApp-Image-2023-02-08-at-14.50.15-300x225.jpeg 300w, https:\/\/sindsaudeba.org.br\/portal\/wp-content\/uploads\/2023\/02\/WhatsApp-Image-2023-02-08-at-14.50.15-1024x768.jpeg 1024w, https:\/\/sindsaudeba.org.br\/portal\/wp-content\/uploads\/2023\/02\/WhatsApp-Image-2023-02-08-at-14.50.15-768x576.jpeg 768w, https:\/\/sindsaudeba.org.br\/portal\/wp-content\/uploads\/2023\/02\/WhatsApp-Image-2023-02-08-at-14.50.15-1536x1152.jpeg 1536w, https:\/\/sindsaudeba.org.br\/portal\/wp-content\/uploads\/2023\/02\/WhatsApp-Image-2023-02-08-at-14.50.15-800x600.jpeg 800w, https:\/\/sindsaudeba.org.br\/portal\/wp-content\/uploads\/2023\/02\/WhatsApp-Image-2023-02-08-at-14.50.15-700x525.jpeg 700w, https:\/\/sindsaudeba.org.br\/portal\/wp-content\/uploads\/2023\/02\/WhatsApp-Image-2023-02-08-at-14.50.15.jpeg 1600w\" sizes=\"(max-width: 300px) 100vw, 300px\" \/><br \/>\nA presidente Ivanilda Brito nesta tarde de ter\u00e7a-feira, 08 de fevereiro, em reuni\u00e3o com servidores na SESAB e visita ao Conselho Estadual de Sa\u00fade (CES) aproveitou para distribuir os calend\u00e1rios 2023 do sindicato. Durante todo o dia, a presidente esteve em reuni\u00f5es, encontros com o objetivo de mobilizar a\u00e7\u00f5es para que a Medida Provis\u00f3ria da enfermagem tenha forma de mobiliza\u00e7\u00e3o para ato dia 14 de fevereiro, al\u00e9m de defender os direitos dos administrativos da sesab que lutam por aumento digno junto com todos os servidores p\u00fablicos do Estado da Bahia.<br \/>\nENFERMAGEM CHEGOU A HORA DE UNI\u00c3O<br \/>\nSalvador e RMS todos juntos dias 14 de fevereiro na capital e em diversas cidade do interior da Bahia.<br \/>\nVamos juntos lutar pelo no PISO SALARIAL!<br \/>\n#sindsaudebaCuida<br \/>\n#servidorespublicosba<br \/>\n#sindsaudeBa<br \/>\n#vamosjuntoscontruirnossahistoria<br \/>\n#juntossomosmaisfortes<br \/>\n#servidorpublicoadministrativo<br \/>\n#servidorespublicos<\/p>\n","protected":false},"excerpt":{"rendered":"<p>A presidente Ivanilda Brito nesta tarde de ter\u00e7a-feira, 08 de fevereiro, em reuni\u00e3o com servidores na SESAB e visita ao Conselho Estadual de Sa\u00fade (CES) aproveitou para distribuir os calend\u00e1rios 2023 do sindicato. Durante todo o dia, a presidente esteve em reuni\u00f5es, encontros com o&#8230;<\/p>\n","protected":false},"author":2,"featured_media":17526,"comment_status":"open","ping_status":"open","sticky":false,"template":"","format":"standard","meta":[],"categories":[11,6,7],"tags":[],"amp_validity":null,"amp_enabled":true,"_links":{"self":[{"href":"https:\/\/sindsaudeba.org.br\/portal\/wp-json\/wp\/v2\/posts\/17525"}],"collection":[{"href":"https:\/\/sindsaudeba.org.br\/portal\/wp-json\/wp\/v2\/posts"}],"about":[{"href":"https:\/\/sindsaudeba.org.br\/portal\/wp-json\/wp\/v2\/types\/post"}],"author":[{"embeddable":true,"href":"https:\/\/sindsaudeba.org.br\/portal\/wp-json\/wp\/v2\/users\/2"}],"replies":[{"embeddable":true,"href":"https:\/\/sindsaudeba.org.br\/portal\/wp-json\/wp\/v2\/comments?post=17525"}],"version-history":[{"count":1,"href":"https:\/\/sindsaudeba.org.br\/portal\/wp-json\/wp\/v2\/posts\/17525\/revisions"}],"predecessor-version":[{"id":17527,"href":"https:\/\/sindsaudeba.org.br\/portal\/wp-json\/wp\/v2\/posts\/17525\/revisions\/17527"}],"wp:featuredmedia":[{"embeddable":true,"href":"https:\/\/sindsaudeba.org.br\/portal\/wp-json\/wp\/v2\/media\/17526"}],"wp:attachment":[{"href":"https:\/\/sindsaudeba.org.br\/portal\/wp-json\/wp\/v2\/media?parent=17525"}],"wp:term":[{"taxonomy":"category","embeddable":true,"href":"https:\/\/sindsaudeba.org.br\/portal\/wp-json\/wp\/v2\/categories?post=17525"},{"taxonomy":"post_tag","embeddable":true,"href":"https:\/\/sindsaudeba.org.br\/portal\/wp-json\/wp\/v2\/tags?post=17525"}],"curies":[{"name":"wp","href":"https:\/\/api.w.org\/{rel}","templated":true}]}}