{"id":17521,"date":"2023-02-08T15:38:57","date_gmt":"2023-02-08T18:38:57","guid":{"rendered":"https:\/\/sindsaudeba.org.br\/portal\/?p=17521"},"modified":"2023-02-08T15:38:57","modified_gmt":"2023-02-08T18:38:57","slug":"video-direto-de-brasilia-pisonacionaldaenfermagem","status":"publish","type":"post","link":"https:\/\/sindsaudeba.org.br\/portal\/blog\/video-direto-de-brasilia-pisonacionaldaenfermagem\/","title":{"rendered":"V\u00eddeo direto de Bras\u00edlia #PisoNacionaldaEnfermagem"},"content":{"rendered":"<p>&nbsp;<\/p>\n<p><img loading=\"lazy\" class=\"size-medium wp-image-17522 alignleft\" src=\"https:\/\/sindsaudeba.org.br\/portal\/wp-content\/uploads\/2023\/02\/WhatsApp-Image-2023-02-08-at-15.35.46-300x274.jpeg\" alt=\"\" width=\"300\" height=\"274\" srcset=\"https:\/\/sindsaudeba.org.br\/portal\/wp-content\/uploads\/2023\/02\/WhatsApp-Image-2023-02-08-at-15.35.46-300x274.jpeg 300w, https:\/\/sindsaudeba.org.br\/portal\/wp-content\/uploads\/2023\/02\/WhatsApp-Image-2023-02-08-at-15.35.46.jpeg 453w\" sizes=\"(max-width: 300px) 100vw, 300px\" \/><\/p>\n<p>A diretora do Sindsa\u00fade Bahia, Dart Clair Cerqueira, est\u00e1 em Bras\u00edlia, onde participa de diversos encontros e reuni\u00f5es, com o objetivo de mobilizar a\u00e7\u00f5es para que a Medida Provis\u00f3ria, que garante o pagamento do Piso Salarial da Enfermagem, seja publicada o mais r\u00e1pido poss\u00edvel.<br \/>\nENFERMAGEM CHEGOU A HORA DE UNI\u00c3O<br \/>\nSalvador e RMS todos juntos dias 14 de fevereiro na capital e em diversas cidade do interior da Bahia.<br \/>\nVamos juntos lutar pelo no PISO SALARIAL!<br \/>\n#sindsaudebaCuida<br \/>\n#servidorespublicosba<br \/>\n#sindsaudeBa<br \/>\n#vamosjuntoscontruirnossahistoria<br \/>\n#juntossomosmaisfortes<br \/>\n#servidorpublicoadministrativo<br \/>\n#servidorespublicos<br \/>\nVamos juntos lutar pelo no PISO SALARIAL!<\/p>\n<p>&nbsp;<\/p>\n<p>Assista ao v\u00eddeo:<\/p>\n<p><iframe title=\"diretora de Comunica\u00e7\u00e3o do Sindsa\u00fade Bahia, Dart Clair Cerqueira, est\u00e1 em Bras\u00edlia\" width=\"1060\" height=\"596\" src=\"https:\/\/www.youtube.com\/embed\/X_PsoI3v1I0?feature=oembed\" frameborder=\"0\" allow=\"accelerometer; autoplay; clipboard-write; encrypted-media; gyroscope; picture-in-picture; web-share\" allowfullscreen><\/iframe><\/p>\n<p>&nbsp;<\/p>\n","protected":false},"excerpt":{"rendered":"<p>&nbsp; A diretora do Sindsa\u00fade Bahia, Dart Clair Cerqueira, est\u00e1 em Bras\u00edlia, onde participa de diversos encontros e reuni\u00f5es, com o objetivo de mobilizar a\u00e7\u00f5es para que a Medida Provis\u00f3ria, que garante o pagamento do Piso Salarial da Enfermagem, seja publicada o mais r\u00e1pido poss\u00edvel&#8230;.<\/p>\n","protected":false},"author":2,"featured_media":17522,"comment_status":"open","ping_status":"open","sticky":false,"template":"","format":"standard","meta":[],"categories":[11,6,7],"tags":[262],"amp_validity":null,"amp_enabled":true,"_links":{"self":[{"href":"https:\/\/sindsaudeba.org.br\/portal\/wp-json\/wp\/v2\/posts\/17521"}],"collection":[{"href":"https:\/\/sindsaudeba.org.br\/portal\/wp-json\/wp\/v2\/posts"}],"about":[{"href":"https:\/\/sindsaudeba.org.br\/portal\/wp-json\/wp\/v2\/types\/post"}],"author":[{"embeddable":true,"href":"https:\/\/sindsaudeba.org.br\/portal\/wp-json\/wp\/v2\/users\/2"}],"replies":[{"embeddable":true,"href":"https:\/\/sindsaudeba.org.br\/portal\/wp-json\/wp\/v2\/comments?post=17521"}],"version-history":[{"count":1,"href":"https:\/\/sindsaudeba.org.br\/portal\/wp-json\/wp\/v2\/posts\/17521\/revisions"}],"predecessor-version":[{"id":17523,"href":"https:\/\/sindsaudeba.org.br\/portal\/wp-json\/wp\/v2\/posts\/17521\/revisions\/17523"}],"wp:featuredmedia":[{"embeddable":true,"href":"https:\/\/sindsaudeba.org.br\/portal\/wp-json\/wp\/v2\/media\/17522"}],"wp:attachment":[{"href":"https:\/\/sindsaudeba.org.br\/portal\/wp-json\/wp\/v2\/media?parent=17521"}],"wp:term":[{"taxonomy":"category","embeddable":true,"href":"https:\/\/sindsaudeba.org.br\/portal\/wp-json\/wp\/v2\/categories?post=17521"},{"taxonomy":"post_tag","embeddable":true,"href":"https:\/\/sindsaudeba.org.br\/portal\/wp-json\/wp\/v2\/tags?post=17521"}],"curies":[{"name":"wp","href":"https:\/\/api.w.org\/{rel}","templated":true}]}}