{"id":17515,"date":"2023-02-01T13:49:21","date_gmt":"2023-02-01T16:49:21","guid":{"rendered":"https:\/\/sindsaudeba.org.br\/portal\/?p=17515"},"modified":"2023-02-01T15:24:46","modified_gmt":"2023-02-01T18:24:46","slug":"forum-nacional-da-enfermagem-composto-pela-cnts-fne-cntss-cofen-aben-anaten-confetam-e-eneenf-convocar-a-categoria-e-esclarecer","status":"publish","type":"post","link":"https:\/\/sindsaudeba.org.br\/portal\/blog\/forum-nacional-da-enfermagem-composto-pela-cnts-fne-cntss-cofen-aben-anaten-confetam-e-eneenf-convocar-a-categoria-e-esclarecer\/","title":{"rendered":"F\u00f3rum Nacional da Enfermagem, composto pela CNTS, FNE, CNTSS, Cofen, ABEn, ANATEN, Confetam e ENEENF, CONVOCAR A CATEGORIA E ESCLARECER"},"content":{"rendered":"<p><img loading=\"lazy\" class=\"size-medium wp-image-17517 alignleft\" src=\"https:\/\/sindsaudeba.org.br\/portal\/wp-content\/uploads\/2023\/02\/WhatsApp-Image-2023-02-01-at-11.10.23-225x300.jpeg\" alt=\"\" width=\"225\" height=\"300\" srcset=\"https:\/\/sindsaudeba.org.br\/portal\/wp-content\/uploads\/2023\/02\/WhatsApp-Image-2023-02-01-at-11.10.23-225x300.jpeg 225w, https:\/\/sindsaudeba.org.br\/portal\/wp-content\/uploads\/2023\/02\/WhatsApp-Image-2023-02-01-at-11.10.23-768x1024.jpeg 768w, https:\/\/sindsaudeba.org.br\/portal\/wp-content\/uploads\/2023\/02\/WhatsApp-Image-2023-02-01-at-11.10.23-1152x1536.jpeg 1152w, https:\/\/sindsaudeba.org.br\/portal\/wp-content\/uploads\/2023\/02\/WhatsApp-Image-2023-02-01-at-11.10.23-600x800.jpeg 600w, https:\/\/sindsaudeba.org.br\/portal\/wp-content\/uploads\/2023\/02\/WhatsApp-Image-2023-02-01-at-11.10.23-700x934.jpeg 700w, https:\/\/sindsaudeba.org.br\/portal\/wp-content\/uploads\/2023\/02\/WhatsApp-Image-2023-02-01-at-11.10.23.jpeg 1199w\" sizes=\"(max-width: 225px) 100vw, 225px\" \/><img loading=\"lazy\" class=\"size-medium wp-image-17518 alignright\" src=\"https:\/\/sindsaudeba.org.br\/portal\/wp-content\/uploads\/2023\/02\/WhatsApp-Image-2023-02-01-at-11.39.47-1-296x300.jpeg\" alt=\"\" width=\"296\" height=\"300\" srcset=\"https:\/\/sindsaudeba.org.br\/portal\/wp-content\/uploads\/2023\/02\/WhatsApp-Image-2023-02-01-at-11.39.47-1-296x300.jpeg 296w, https:\/\/sindsaudeba.org.br\/portal\/wp-content\/uploads\/2023\/02\/WhatsApp-Image-2023-02-01-at-11.39.47-1-1011x1024.jpeg 1011w, https:\/\/sindsaudeba.org.br\/portal\/wp-content\/uploads\/2023\/02\/WhatsApp-Image-2023-02-01-at-11.39.47-1-768x778.jpeg 768w, https:\/\/sindsaudeba.org.br\/portal\/wp-content\/uploads\/2023\/02\/WhatsApp-Image-2023-02-01-at-11.39.47-1-700x709.jpeg 700w, https:\/\/sindsaudeba.org.br\/portal\/wp-content\/uploads\/2023\/02\/WhatsApp-Image-2023-02-01-at-11.39.47-1.jpeg 1066w\" sizes=\"(max-width: 296px) 100vw, 296px\" \/>O F\u00f3rum Nacional da Enfermagem, composto pela CNTS, FNE, CNTSS, Cofen, ABEn, ANATEN, Confetam e ENEENF, em defesa da implementa\u00e7\u00e3o do piso salarial da categoria, vem CONVOCAR A CATEGORIA E ESCLARECER:<\/p>\n<p>As entidades que comp\u00f5em o F\u00f3rum definiram, na \u00faltima segunda-feira, 30, o calend\u00e1rio de indicativo de paralisa\u00e7\u00e3o nacional conjunta e da constru\u00e7\u00e3o da greve geral unificada da Enfermagem. O movimento demostra toda a insatisfa\u00e7\u00e3o da categoria diante dos impasses, empecilhos e morosidade do governo federal, do Supremo Tribunal Federal e das entidades privadas lucrativas da sa\u00fade em pagar o piso aos trabalhadores.<\/p>\n<p>A Enfermagem \u00e9 base de sustenta\u00e7\u00e3o do Sistema de Sa\u00fade, sem a qual n\u00e3o \u00e9 poss\u00edvel prestar uma assist\u00eancia qualificada e segura, que precisa de reconhecimento e valoriza\u00e7\u00e3o, que s\u00f3 ser\u00e1 poss\u00edvel com a efetiva\u00e7\u00e3o do Piso Salarial no contracheque do trabalhador.<\/p>\n<p>14 de fevereiro \u2013 Mobiliza\u00e7\u00e3o\/Paralisa\u00e7\u00e3o Nacional:<\/p>\n<p>As entidades sindicais representativas do F\u00f3rum definiram mobiliza\u00e7\u00e3o nacional no pr\u00f3ximo dia 14 de fevereiro no Distrito Federal e nos Estados, com indicativo de paralisa\u00e7\u00e3o nacional, respeitando as normas vigentes. Em Bras\u00edlia, o ato acontecer\u00e1 em frente ao Minist\u00e9rio da Sa\u00fade, a partir de 10h. Quem aderir ao movimento, use branco ou roupas da Enfermagem. Nos estados, as entidades sindicais locais v\u00e3o definir os hor\u00e1rios e os locais dos atos.<\/p>\n<p>10 de mar\u00e7o \u2013 Greve Nacional da Enfermagem<\/p>\n<p>O calend\u00e1rio do F\u00f3rum inclui, ainda, indicativo de greve nacional da Enfermagem, caso n\u00e3o sejam tomadas as medidas para viabilizar o Piso da categoria.<\/p>\n<p>\u270aEnfermagem, venha somar conosco. Participe desta luta! PISO SALARIAL J\u00c1! \u270a<\/p>\n","protected":false},"excerpt":{"rendered":"<p>O F\u00f3rum Nacional da Enfermagem, composto pela CNTS, FNE, CNTSS, Cofen, ABEn, ANATEN, Confetam e ENEENF, em defesa da implementa\u00e7\u00e3o do piso salarial da categoria, vem CONVOCAR A CATEGORIA E ESCLARECER: As entidades que comp\u00f5em o F\u00f3rum definiram, na \u00faltima segunda-feira, 30, o calend\u00e1rio de&#8230;<\/p>\n","protected":false},"author":2,"featured_media":17516,"comment_status":"open","ping_status":"open","sticky":false,"template":"","format":"standard","meta":[],"categories":[11,6,7],"tags":[260],"amp_validity":null,"amp_enabled":true,"_links":{"self":[{"href":"https:\/\/sindsaudeba.org.br\/portal\/wp-json\/wp\/v2\/posts\/17515"}],"collection":[{"href":"https:\/\/sindsaudeba.org.br\/portal\/wp-json\/wp\/v2\/posts"}],"about":[{"href":"https:\/\/sindsaudeba.org.br\/portal\/wp-json\/wp\/v2\/types\/post"}],"author":[{"embeddable":true,"href":"https:\/\/sindsaudeba.org.br\/portal\/wp-json\/wp\/v2\/users\/2"}],"replies":[{"embeddable":true,"href":"https:\/\/sindsaudeba.org.br\/portal\/wp-json\/wp\/v2\/comments?post=17515"}],"version-history":[{"count":1,"href":"https:\/\/sindsaudeba.org.br\/portal\/wp-json\/wp\/v2\/posts\/17515\/revisions"}],"predecessor-version":[{"id":17519,"href":"https:\/\/sindsaudeba.org.br\/portal\/wp-json\/wp\/v2\/posts\/17515\/revisions\/17519"}],"wp:featuredmedia":[{"embeddable":true,"href":"https:\/\/sindsaudeba.org.br\/portal\/wp-json\/wp\/v2\/media\/17516"}],"wp:attachment":[{"href":"https:\/\/sindsaudeba.org.br\/portal\/wp-json\/wp\/v2\/media?parent=17515"}],"wp:term":[{"taxonomy":"category","embeddable":true,"href":"https:\/\/sindsaudeba.org.br\/portal\/wp-json\/wp\/v2\/categories?post=17515"},{"taxonomy":"post_tag","embeddable":true,"href":"https:\/\/sindsaudeba.org.br\/portal\/wp-json\/wp\/v2\/tags?post=17515"}],"curies":[{"name":"wp","href":"https:\/\/api.w.org\/{rel}","templated":true}]}}