{"id":17509,"date":"2023-01-31T22:48:08","date_gmt":"2023-02-01T01:48:08","guid":{"rendered":"https:\/\/sindsaudeba.org.br\/portal\/?p=17509"},"modified":"2023-01-31T23:04:10","modified_gmt":"2023-02-01T02:04:10","slug":"presidente-do-sindsaude-ba-ivanilda-brito-participou-da-reuniao-ampliada","status":"publish","type":"post","link":"https:\/\/sindsaudeba.org.br\/portal\/blog\/presidente-do-sindsaude-ba-ivanilda-brito-participou-da-reuniao-ampliada\/","title":{"rendered":"Sindsa\u00fade Ba participa da Reuni\u00e3o Ampliada Rumo a 11\u00aa Confer\u00eancia Estadual de Sa\u00fade da Bahia"},"content":{"rendered":"<p>Nesta ter\u00e7a-feira, 31 de janeiro, a presidente do Sindsa\u00fade Ba, Ivanilda Brito participou da Reuni\u00e3o Ampliada Rumo a 11\u00aa Confer\u00eancia Estadual de Sa\u00fade da Bahia e da 17\u00aa Confer\u00eancia Nacional da Sa\u00fade, o Conselho Estadual de Sa\u00fade da Bahia convidou os Movimentos Sociais, Conselheiras\/os Municipais, Trabalhadoras\/es, Prestadoras\/es e Gestoras\/es dos Servi\u00e7os da Sa\u00fade, para participar da Reuni\u00e3o que teve o tema \u201cDefender o SUS, a vida e a Democracia\u201d. O encontro foi mediado pelo presidente do CES, Marcos Sampaio, e a palestra realizada pelo Sanitarista, Diretor do Instituto de Sa\u00fade Coletiva da UFBA, Luis Eug\u00eanio de Souza. Tamb\u00e9m marcaram presen\u00e7a, o presidente do Conselho Nacional de Sa\u00fade, Fernando Pigatto, e a presidente do COSEMS, Stela Souza. A presidente do sindicato reafirmou seu compromisso na defesa dos direitos dos servidores p\u00fablicos da sa\u00fade, na fala do piso, da regula\u00e7\u00e3o, da import\u00e2ncia da confer\u00eancia e do concurso p\u00fablico.<br \/>\n#Sesab #ServidorP\u00fablico #Bahia #sa\u00fade<\/p>\n<p><img loading=\"lazy\" class=\"alignnone size-medium wp-image-17510\" src=\"https:\/\/sindsaudeba.org.br\/portal\/wp-content\/uploads\/2023\/01\/WhatsApp-Image-2023-01-31-at-21.54.15-1-300x225.jpeg\" alt=\"\" width=\"300\" height=\"225\" srcset=\"https:\/\/sindsaudeba.org.br\/portal\/wp-content\/uploads\/2023\/01\/WhatsApp-Image-2023-01-31-at-21.54.15-1-300x225.jpeg 300w, https:\/\/sindsaudeba.org.br\/portal\/wp-content\/uploads\/2023\/01\/WhatsApp-Image-2023-01-31-at-21.54.15-1-1024x768.jpeg 1024w, https:\/\/sindsaudeba.org.br\/portal\/wp-content\/uploads\/2023\/01\/WhatsApp-Image-2023-01-31-at-21.54.15-1-768x576.jpeg 768w, https:\/\/sindsaudeba.org.br\/portal\/wp-content\/uploads\/2023\/01\/WhatsApp-Image-2023-01-31-at-21.54.15-1-1536x1152.jpeg 1536w, https:\/\/sindsaudeba.org.br\/portal\/wp-content\/uploads\/2023\/01\/WhatsApp-Image-2023-01-31-at-21.54.15-1-800x600.jpeg 800w, https:\/\/sindsaudeba.org.br\/portal\/wp-content\/uploads\/2023\/01\/WhatsApp-Image-2023-01-31-at-21.54.15-1-700x525.jpeg 700w, https:\/\/sindsaudeba.org.br\/portal\/wp-content\/uploads\/2023\/01\/WhatsApp-Image-2023-01-31-at-21.54.15-1.jpeg 1600w\" sizes=\"(max-width: 300px) 100vw, 300px\" \/><img loading=\"lazy\" class=\"alignnone size-medium wp-image-17511\" src=\"https:\/\/sindsaudeba.org.br\/portal\/wp-content\/uploads\/2023\/01\/WhatsApp-Image-2023-01-31-at-21.54.15-300x225.jpeg\" alt=\"\" width=\"300\" height=\"225\" srcset=\"https:\/\/sindsaudeba.org.br\/portal\/wp-content\/uploads\/2023\/01\/WhatsApp-Image-2023-01-31-at-21.54.15-300x225.jpeg 300w, https:\/\/sindsaudeba.org.br\/portal\/wp-content\/uploads\/2023\/01\/WhatsApp-Image-2023-01-31-at-21.54.15-1024x768.jpeg 1024w, https:\/\/sindsaudeba.org.br\/portal\/wp-content\/uploads\/2023\/01\/WhatsApp-Image-2023-01-31-at-21.54.15-768x576.jpeg 768w, https:\/\/sindsaudeba.org.br\/portal\/wp-content\/uploads\/2023\/01\/WhatsApp-Image-2023-01-31-at-21.54.15-1536x1152.jpeg 1536w, https:\/\/sindsaudeba.org.br\/portal\/wp-content\/uploads\/2023\/01\/WhatsApp-Image-2023-01-31-at-21.54.15-800x600.jpeg 800w, https:\/\/sindsaudeba.org.br\/portal\/wp-content\/uploads\/2023\/01\/WhatsApp-Image-2023-01-31-at-21.54.15-700x525.jpeg 700w, https:\/\/sindsaudeba.org.br\/portal\/wp-content\/uploads\/2023\/01\/WhatsApp-Image-2023-01-31-at-21.54.15.jpeg 1600w\" sizes=\"(max-width: 300px) 100vw, 300px\" \/><\/p>\n","protected":false},"excerpt":{"rendered":"<p>Nesta ter\u00e7a-feira, 31 de janeiro, a presidente do Sindsa\u00fade Ba, Ivanilda Brito participou da Reuni\u00e3o Ampliada Rumo a 11\u00aa Confer\u00eancia Estadual de Sa\u00fade da Bahia e da 17\u00aa Confer\u00eancia Nacional da Sa\u00fade, o Conselho Estadual de Sa\u00fade da Bahia convidou os Movimentos Sociais, Conselheiras\/os Municipais,&#8230;<\/p>\n","protected":false},"author":2,"featured_media":17510,"comment_status":"open","ping_status":"open","sticky":false,"template":"","format":"standard","meta":[],"categories":[11,6,7],"tags":[262],"amp_validity":null,"amp_enabled":true,"_links":{"self":[{"href":"https:\/\/sindsaudeba.org.br\/portal\/wp-json\/wp\/v2\/posts\/17509"}],"collection":[{"href":"https:\/\/sindsaudeba.org.br\/portal\/wp-json\/wp\/v2\/posts"}],"about":[{"href":"https:\/\/sindsaudeba.org.br\/portal\/wp-json\/wp\/v2\/types\/post"}],"author":[{"embeddable":true,"href":"https:\/\/sindsaudeba.org.br\/portal\/wp-json\/wp\/v2\/users\/2"}],"replies":[{"embeddable":true,"href":"https:\/\/sindsaudeba.org.br\/portal\/wp-json\/wp\/v2\/comments?post=17509"}],"version-history":[{"count":2,"href":"https:\/\/sindsaudeba.org.br\/portal\/wp-json\/wp\/v2\/posts\/17509\/revisions"}],"predecessor-version":[{"id":17514,"href":"https:\/\/sindsaudeba.org.br\/portal\/wp-json\/wp\/v2\/posts\/17509\/revisions\/17514"}],"wp:featuredmedia":[{"embeddable":true,"href":"https:\/\/sindsaudeba.org.br\/portal\/wp-json\/wp\/v2\/media\/17510"}],"wp:attachment":[{"href":"https:\/\/sindsaudeba.org.br\/portal\/wp-json\/wp\/v2\/media?parent=17509"}],"wp:term":[{"taxonomy":"category","embeddable":true,"href":"https:\/\/sindsaudeba.org.br\/portal\/wp-json\/wp\/v2\/categories?post=17509"},{"taxonomy":"post_tag","embeddable":true,"href":"https:\/\/sindsaudeba.org.br\/portal\/wp-json\/wp\/v2\/tags?post=17509"}],"curies":[{"name":"wp","href":"https:\/\/api.w.org\/{rel}","templated":true}]}}