{"id":17505,"date":"2023-01-31T22:29:13","date_gmt":"2023-02-01T01:29:13","guid":{"rendered":"https:\/\/sindsaudeba.org.br\/portal\/?p=17505"},"modified":"2023-01-31T22:45:58","modified_gmt":"2023-02-01T01:45:58","slug":"chega-de-enrolacao","status":"publish","type":"post","link":"https:\/\/sindsaudeba.org.br\/portal\/blog\/chega-de-enrolacao\/","title":{"rendered":"Chega de enrola\u00e7\u00e3o!"},"content":{"rendered":"<p>A reuni\u00e3o desta segunda-feira, 30, do Secret\u00e1rio Executivo do Minist\u00e9rio da Sa\u00fade, Swedenberger Barbosa e os representantes do @forumnacionalenf terminou sem os avan\u00e7os significativos esperados pela categoria. Por esta raz\u00e3o, o F\u00f3rum deu um ultimato ao governo federal, ao Supremo Tribunal Federal e as entidades privadas convocando paralisa\u00e7\u00e3o nacional para o pr\u00f3ximo dia 14 de fevereiro e, caso a situa\u00e7\u00e3o n\u00e3o seja solucionada at\u00e9 o dia 10 de mar\u00e7o, a categoria vai declarar greve geral. \u201cEsse tempo permite que o governo encontre os meios legais para destravar o pagamento do piso. O pr\u00f3prio presidente Lula foi claro ao afirmar que os trabalhadores devem fazer press\u00e3o sobre o governo para dar celeridade \u00e0 aprova\u00e7\u00e3o das mat\u00e9rias. E vai ter press\u00e3o, pois a Enfermagem n\u00e3o aguenta mais esperar. Nesta pandemia, muitos morreram esperando. Chega de enrola\u00e7\u00e3o!\u201d, afirmou a coordenadora do F\u00f3rum, L\u00edbia Bellusci.<\/p>\n<p>Na reuni\u00e3o, o \u00fanico avan\u00e7o foi que a minuta da Medida Provis\u00f3ria deve ser conclu\u00edda nesta semana. As Medidas Provis\u00f3rias s\u00e3o normas com for\u00e7a de lei editadas pelo Presidente da Rep\u00fablica em situa\u00e7\u00f5es de relev\u00e2ncia e urg\u00eancia. Nesta ter\u00e7a-feira, 31, \u00e0s 9h, haver\u00e1 reuni\u00e3o do Grupo de Trabalho para redigir a MP que vai destravar o pagamento do piso. O GT \u00e9 composto pelo presidente da CNTS, Valdirlei Castagna, pela representante da CNTSS e coordenadora do F\u00f3rum, L\u00edbia Bellusci, pelos parlamentares Alice Portugal e Mauro Benevides Filho, pelo secret\u00e1rio de Aten\u00e7\u00e3o Prim\u00e1ria \u00e0 Sa\u00fade, N\u00e9sio Fernandes e pela Secretaria de Gest\u00e3o do Trabalho e da Educa\u00e7\u00e3o na Sa\u00fade, Isabela Cardoso.<\/p>\n<p>\u201cEsperamos que o governo e o STF apresentem uma solu\u00e7\u00e3o para este impasse. As entidades articularam, participaram de in\u00fameras reuni\u00f5es e apresentaram todos os dados necess\u00e1rios. N\u00e3o h\u00e1 mais motivo para tanta espera. O terrorismo e o lobby das empresas lucrativas de sa\u00fade n\u00e3o podem ficar acima dos direitos dos profissionais e de uma medida que \u00e9 constitucional\u201d, ressaltou o presidente da CNTS, Valdirlei Castagna.<\/p>\n","protected":false},"excerpt":{"rendered":"<p>A reuni\u00e3o desta segunda-feira, 30, do Secret\u00e1rio Executivo do Minist\u00e9rio da Sa\u00fade, Swedenberger Barbosa e os representantes do @forumnacionalenf terminou sem os avan\u00e7os significativos esperados pela categoria. Por esta raz\u00e3o, o F\u00f3rum deu um ultimato ao governo federal, ao Supremo Tribunal Federal e as entidades&#8230;<\/p>\n","protected":false},"author":2,"featured_media":17506,"comment_status":"open","ping_status":"open","sticky":false,"template":"","format":"standard","meta":[],"categories":[11,6,7],"tags":[260],"amp_validity":null,"amp_enabled":true,"_links":{"self":[{"href":"https:\/\/sindsaudeba.org.br\/portal\/wp-json\/wp\/v2\/posts\/17505"}],"collection":[{"href":"https:\/\/sindsaudeba.org.br\/portal\/wp-json\/wp\/v2\/posts"}],"about":[{"href":"https:\/\/sindsaudeba.org.br\/portal\/wp-json\/wp\/v2\/types\/post"}],"author":[{"embeddable":true,"href":"https:\/\/sindsaudeba.org.br\/portal\/wp-json\/wp\/v2\/users\/2"}],"replies":[{"embeddable":true,"href":"https:\/\/sindsaudeba.org.br\/portal\/wp-json\/wp\/v2\/comments?post=17505"}],"version-history":[{"count":1,"href":"https:\/\/sindsaudeba.org.br\/portal\/wp-json\/wp\/v2\/posts\/17505\/revisions"}],"predecessor-version":[{"id":17507,"href":"https:\/\/sindsaudeba.org.br\/portal\/wp-json\/wp\/v2\/posts\/17505\/revisions\/17507"}],"wp:featuredmedia":[{"embeddable":true,"href":"https:\/\/sindsaudeba.org.br\/portal\/wp-json\/wp\/v2\/media\/17506"}],"wp:attachment":[{"href":"https:\/\/sindsaudeba.org.br\/portal\/wp-json\/wp\/v2\/media?parent=17505"}],"wp:term":[{"taxonomy":"category","embeddable":true,"href":"https:\/\/sindsaudeba.org.br\/portal\/wp-json\/wp\/v2\/categories?post=17505"},{"taxonomy":"post_tag","embeddable":true,"href":"https:\/\/sindsaudeba.org.br\/portal\/wp-json\/wp\/v2\/tags?post=17505"}],"curies":[{"name":"wp","href":"https:\/\/api.w.org\/{rel}","templated":true}]}}