{"id":17498,"date":"2023-01-30T16:11:52","date_gmt":"2023-01-30T19:11:52","guid":{"rendered":"https:\/\/sindsaudeba.org.br\/portal\/?p=17498"},"modified":"2023-01-30T17:17:05","modified_gmt":"2023-01-30T20:17:05","slug":"aulas-de-danca-retorna-com-forca-total-e-projeto-pretende-realizar-on-line-para-todos-do-interior-acompanhar","status":"publish","type":"post","link":"https:\/\/sindsaudeba.org.br\/portal\/blog\/aulas-de-danca-retorna-com-forca-total-e-projeto-pretende-realizar-on-line-para-todos-do-interior-acompanhar\/","title":{"rendered":"Aulas de Dan\u00e7a retorna com for\u00e7a total e projeto pretende realizar on-line para todos do interior acompanhar."},"content":{"rendered":"<p><img loading=\"lazy\" class=\"size-medium wp-image-17499 alignleft\" src=\"https:\/\/sindsaudeba.org.br\/portal\/wp-content\/uploads\/2023\/01\/WhatsApp-Image-2023-01-26-at-17.45.21-300x225.jpeg\" alt=\"\" width=\"300\" height=\"225\" srcset=\"https:\/\/sindsaudeba.org.br\/portal\/wp-content\/uploads\/2023\/01\/WhatsApp-Image-2023-01-26-at-17.45.21-300x225.jpeg 300w, https:\/\/sindsaudeba.org.br\/portal\/wp-content\/uploads\/2023\/01\/WhatsApp-Image-2023-01-26-at-17.45.21-1024x768.jpeg 1024w, https:\/\/sindsaudeba.org.br\/portal\/wp-content\/uploads\/2023\/01\/WhatsApp-Image-2023-01-26-at-17.45.21-768x576.jpeg 768w, https:\/\/sindsaudeba.org.br\/portal\/wp-content\/uploads\/2023\/01\/WhatsApp-Image-2023-01-26-at-17.45.21-800x600.jpeg 800w, https:\/\/sindsaudeba.org.br\/portal\/wp-content\/uploads\/2023\/01\/WhatsApp-Image-2023-01-26-at-17.45.21-700x525.jpeg 700w, https:\/\/sindsaudeba.org.br\/portal\/wp-content\/uploads\/2023\/01\/WhatsApp-Image-2023-01-26-at-17.45.21.jpeg 1280w\" sizes=\"(max-width: 300px) 100vw, 300px\" \/><img loading=\"lazy\" class=\"size-medium wp-image-17501 alignleft\" src=\"https:\/\/sindsaudeba.org.br\/portal\/wp-content\/uploads\/2023\/01\/67540594-2b43-4dee-ba39-1971d736bda3-300x225.jpg\" alt=\"\" width=\"300\" height=\"225\" srcset=\"https:\/\/sindsaudeba.org.br\/portal\/wp-content\/uploads\/2023\/01\/67540594-2b43-4dee-ba39-1971d736bda3-300x225.jpg 300w, https:\/\/sindsaudeba.org.br\/portal\/wp-content\/uploads\/2023\/01\/67540594-2b43-4dee-ba39-1971d736bda3-1024x768.jpg 1024w, https:\/\/sindsaudeba.org.br\/portal\/wp-content\/uploads\/2023\/01\/67540594-2b43-4dee-ba39-1971d736bda3-768x576.jpg 768w, https:\/\/sindsaudeba.org.br\/portal\/wp-content\/uploads\/2023\/01\/67540594-2b43-4dee-ba39-1971d736bda3-800x600.jpg 800w, https:\/\/sindsaudeba.org.br\/portal\/wp-content\/uploads\/2023\/01\/67540594-2b43-4dee-ba39-1971d736bda3-700x525.jpg 700w, https:\/\/sindsaudeba.org.br\/portal\/wp-content\/uploads\/2023\/01\/67540594-2b43-4dee-ba39-1971d736bda3.jpg 1152w\" sizes=\"(max-width: 300px) 100vw, 300px\" \/><\/p>\n<p>O projeto Sindsa\u00fade Ba CUIDA com as aulas de dan\u00e7as, com professor Molejo, juntos tem objetivo de oferecer aulas de dan\u00e7a de sal\u00e3o para todas as idades servidores p\u00fablicos aposentados e ativos (e seus dependentes), por\u00e9m atendemos as prioridades a terceira idade (melhor idade), todas as quintas-feiras, \u00e0s 14horas., no audit\u00f3rio do CECAP (cedido em parceria pelo Sinpojud).<\/p>\n<p>De acordo com professor Molejo, os estilos propostos s\u00e3o: boleto, samba, gafieira, forr\u00f3, valsa e o cha-cha-cha, entre outros que s\u00e3o incorporados de acordo a intera\u00e7\u00e3o da turma.<\/p>\n<p>Para a presidente Ivanilda Brito, esse projeto \u00e9 um bra\u00e7o da luta por qualidade de vida. \u201cAl\u00e9m da luta pelos nossos direitos, como reajuste justo, concurso p\u00fablico para sa\u00fade, suspens\u00e3o dos descontos do Funprev, n\u00f3s precisamos pensar na qualidade de vida dos colegas servidores(as) por toda a Bahia, esse recurso ao vivo, pelo instagram, j\u00e1 \u00e9 primeiro passo\u201d, pontua a presidente Ivanilda.<\/p>\n","protected":false},"excerpt":{"rendered":"<p>O projeto Sindsa\u00fade Ba CUIDA com as aulas de dan\u00e7as, com professor Molejo, juntos tem objetivo de oferecer aulas de dan\u00e7a de sal\u00e3o para todas as idades servidores p\u00fablicos aposentados e ativos (e seus dependentes), por\u00e9m atendemos as prioridades a terceira idade (melhor idade), todas&#8230;<\/p>\n","protected":false},"author":2,"featured_media":17500,"comment_status":"open","ping_status":"open","sticky":false,"template":"","format":"standard","meta":[],"categories":[11,6,7],"tags":[260],"amp_validity":null,"amp_enabled":true,"_links":{"self":[{"href":"https:\/\/sindsaudeba.org.br\/portal\/wp-json\/wp\/v2\/posts\/17498"}],"collection":[{"href":"https:\/\/sindsaudeba.org.br\/portal\/wp-json\/wp\/v2\/posts"}],"about":[{"href":"https:\/\/sindsaudeba.org.br\/portal\/wp-json\/wp\/v2\/types\/post"}],"author":[{"embeddable":true,"href":"https:\/\/sindsaudeba.org.br\/portal\/wp-json\/wp\/v2\/users\/2"}],"replies":[{"embeddable":true,"href":"https:\/\/sindsaudeba.org.br\/portal\/wp-json\/wp\/v2\/comments?post=17498"}],"version-history":[{"count":1,"href":"https:\/\/sindsaudeba.org.br\/portal\/wp-json\/wp\/v2\/posts\/17498\/revisions"}],"predecessor-version":[{"id":17503,"href":"https:\/\/sindsaudeba.org.br\/portal\/wp-json\/wp\/v2\/posts\/17498\/revisions\/17503"}],"wp:featuredmedia":[{"embeddable":true,"href":"https:\/\/sindsaudeba.org.br\/portal\/wp-json\/wp\/v2\/media\/17500"}],"wp:attachment":[{"href":"https:\/\/sindsaudeba.org.br\/portal\/wp-json\/wp\/v2\/media?parent=17498"}],"wp:term":[{"taxonomy":"category","embeddable":true,"href":"https:\/\/sindsaudeba.org.br\/portal\/wp-json\/wp\/v2\/categories?post=17498"},{"taxonomy":"post_tag","embeddable":true,"href":"https:\/\/sindsaudeba.org.br\/portal\/wp-json\/wp\/v2\/tags?post=17498"}],"curies":[{"name":"wp","href":"https:\/\/api.w.org\/{rel}","templated":true}]}}