{"id":17490,"date":"2023-01-26T12:37:06","date_gmt":"2023-01-26T15:37:06","guid":{"rendered":"https:\/\/sindsaudeba.org.br\/portal\/?p=17490"},"modified":"2023-01-26T12:56:52","modified_gmt":"2023-01-26T15:56:52","slug":"11a-conferencia-estadual-de-saude-da-bahia-e-da-17a-conferencia-nacional-da-saude","status":"publish","type":"post","link":"https:\/\/sindsaudeba.org.br\/portal\/blog\/11a-conferencia-estadual-de-saude-da-bahia-e-da-17a-conferencia-nacional-da-saude\/","title":{"rendered":"11\u00aa Confer\u00eancia Estadual de Sa\u00fade da Bahia e da 17\u00aa Confer\u00eancia Nacional da Sa\u00fade"},"content":{"rendered":"<p>Em virtude da proximidade da 11\u00aa Confer\u00eancia Estadual de Sa\u00fade da Bahia e da 17\u00aa Confer\u00eancia Nacional da Sa\u00fade, o Conselho Estadual de Sa\u00fade da Bahia convida os Movimentos Sociais, Conselheiras\/os Municipais, Trabalhadoras\/es, Prestadoras\/es e Gestoras\/es dos Servi\u00e7os da Sa\u00fade, para participar da Reuni\u00e3o Ampliada Rumo 11\u00aa Confer\u00eancia Estadual de Sa\u00fade da Bahia.<\/p>\n<p>A reuni\u00e3o tem como tema \u201cDefender o SUS, a vida e a Democracia\u201d, e acontecer\u00e1 na ter\u00e7a-feira, 31 de janeiro, \u00e0s 14h, da ser\u00e1 na modalidade h\u00edbrida.<\/p>\n<p>O encontro ser\u00e1 mediado pelo presidente do CES, Marcos Sampaio, e a palestra realizada pelo Sanitarista, Diretor do Instituto de Sa\u00fade Coletiva da UFBA, Luis Eug\u00eanio de Souza.<br \/>\nTamb\u00e9m estar\u00e3o presentes, o presidente do Conselho Nacional de Sa\u00fade, Fernando Pigatto, e a presidente do COSEMS, Stela Souza.<\/p>\n<p>Participe atrav\u00e9s do link: https:\/\/conasems-br.zoom.us\/j\/89133728223<\/p>\n","protected":false},"excerpt":{"rendered":"<p>Em virtude da proximidade da 11\u00aa Confer\u00eancia Estadual de Sa\u00fade da Bahia e da 17\u00aa Confer\u00eancia Nacional da Sa\u00fade, o Conselho Estadual de Sa\u00fade da Bahia convida os Movimentos Sociais, Conselheiras\/os Municipais, Trabalhadoras\/es, Prestadoras\/es e Gestoras\/es dos Servi\u00e7os da Sa\u00fade, para participar da Reuni\u00e3o Ampliada&#8230;<\/p>\n","protected":false},"author":2,"featured_media":17491,"comment_status":"open","ping_status":"open","sticky":false,"template":"","format":"standard","meta":[],"categories":[11,6,7],"tags":[262],"amp_validity":null,"amp_enabled":true,"_links":{"self":[{"href":"https:\/\/sindsaudeba.org.br\/portal\/wp-json\/wp\/v2\/posts\/17490"}],"collection":[{"href":"https:\/\/sindsaudeba.org.br\/portal\/wp-json\/wp\/v2\/posts"}],"about":[{"href":"https:\/\/sindsaudeba.org.br\/portal\/wp-json\/wp\/v2\/types\/post"}],"author":[{"embeddable":true,"href":"https:\/\/sindsaudeba.org.br\/portal\/wp-json\/wp\/v2\/users\/2"}],"replies":[{"embeddable":true,"href":"https:\/\/sindsaudeba.org.br\/portal\/wp-json\/wp\/v2\/comments?post=17490"}],"version-history":[{"count":1,"href":"https:\/\/sindsaudeba.org.br\/portal\/wp-json\/wp\/v2\/posts\/17490\/revisions"}],"predecessor-version":[{"id":17492,"href":"https:\/\/sindsaudeba.org.br\/portal\/wp-json\/wp\/v2\/posts\/17490\/revisions\/17492"}],"wp:featuredmedia":[{"embeddable":true,"href":"https:\/\/sindsaudeba.org.br\/portal\/wp-json\/wp\/v2\/media\/17491"}],"wp:attachment":[{"href":"https:\/\/sindsaudeba.org.br\/portal\/wp-json\/wp\/v2\/media?parent=17490"}],"wp:term":[{"taxonomy":"category","embeddable":true,"href":"https:\/\/sindsaudeba.org.br\/portal\/wp-json\/wp\/v2\/categories?post=17490"},{"taxonomy":"post_tag","embeddable":true,"href":"https:\/\/sindsaudeba.org.br\/portal\/wp-json\/wp\/v2\/tags?post=17490"}],"curies":[{"name":"wp","href":"https:\/\/api.w.org\/{rel}","templated":true}]}}