{"id":17484,"date":"2023-01-25T13:59:11","date_gmt":"2023-01-25T16:59:11","guid":{"rendered":"https:\/\/sindsaudeba.org.br\/portal\/?p=17484"},"modified":"2023-01-25T13:59:11","modified_gmt":"2023-01-25T16:59:11","slug":"sindsaude-ba-participa-do-forum-social-mundial-fsm-2023","status":"publish","type":"post","link":"https:\/\/sindsaudeba.org.br\/portal\/blog\/sindsaude-ba-participa-do-forum-social-mundial-fsm-2023\/","title":{"rendered":"Sindsa\u00fade Ba participa do F\u00f3rum Social Mundial (FSM) 2023"},"content":{"rendered":"<p><img loading=\"lazy\" class=\"size-medium wp-image-17487 alignleft\" src=\"https:\/\/sindsaudeba.org.br\/portal\/wp-content\/uploads\/2023\/01\/b6b2d267-2179-4c4e-a8fe-704e62306117-300x169.jpg\" alt=\"\" width=\"300\" height=\"169\" srcset=\"https:\/\/sindsaudeba.org.br\/portal\/wp-content\/uploads\/2023\/01\/b6b2d267-2179-4c4e-a8fe-704e62306117-300x169.jpg 300w, https:\/\/sindsaudeba.org.br\/portal\/wp-content\/uploads\/2023\/01\/b6b2d267-2179-4c4e-a8fe-704e62306117-1024x577.jpg 1024w, https:\/\/sindsaudeba.org.br\/portal\/wp-content\/uploads\/2023\/01\/b6b2d267-2179-4c4e-a8fe-704e62306117-768x432.jpg 768w, https:\/\/sindsaudeba.org.br\/portal\/wp-content\/uploads\/2023\/01\/b6b2d267-2179-4c4e-a8fe-704e62306117-700x394.jpg 700w, https:\/\/sindsaudeba.org.br\/portal\/wp-content\/uploads\/2023\/01\/b6b2d267-2179-4c4e-a8fe-704e62306117-539x303.jpg 539w, https:\/\/sindsaudeba.org.br\/portal\/wp-content\/uploads\/2023\/01\/b6b2d267-2179-4c4e-a8fe-704e62306117.jpg 1156w\" sizes=\"(max-width: 300px) 100vw, 300px\" \/><\/p>\n<p>O Sindsa\u00fade Ba marca presen\u00e7a com a presidente Ivanilda Brito e a diretora de Comunica\u00e7\u00e3o, Dart Clair, no F\u00f3rum Social Mundial (FSM) 2023, que acontece em Porto Alegre, entre os dias 23 e 28 de janeiro de 2023, ocupando a Assembleia Legislativa do Rio Grande do Sul como principal palco das atividades.<\/p>\n<p>&nbsp;<\/p>\n<p>O Sindsa\u00fade Ba e Conselho Nacional de Sa\u00fade (CNS) participaram do evento com uma s\u00e9rie de atividades que discutir\u00e3o do atual momento da participa\u00e7\u00e3o social \u00e0 agenda de Objetivos do Desenvolvimento Sustent\u00e1vel (ODS).<\/p>\n<p>&nbsp;<\/p>\n<p>Nesta manh\u00e3, 25 de janeiro, aconteceu a 338\u00aa Reuni\u00e3o Ordin\u00e1ria do CNS no Plen\u00e1rio Ana Terra (Plenarinho), na C\u00e2mara de Vereadores de Porto Alegre. J\u00e1 no dia 26\/01, das 9h \u00e0s 16H, a Reuni\u00e3o Ordin\u00e1ria (RO) acontece na sala Jo\u00e3o Neves da Fontoura, na Assembleia Legislativa do estado.<img loading=\"lazy\" class=\"size-medium wp-image-17486 alignright\" src=\"https:\/\/sindsaudeba.org.br\/portal\/wp-content\/uploads\/2023\/01\/23dcb45e-7485-4721-9027-1dd37d9f2392-300x225.jpg\" alt=\"\" width=\"300\" height=\"225\" srcset=\"https:\/\/sindsaudeba.org.br\/portal\/wp-content\/uploads\/2023\/01\/23dcb45e-7485-4721-9027-1dd37d9f2392-300x225.jpg 300w, https:\/\/sindsaudeba.org.br\/portal\/wp-content\/uploads\/2023\/01\/23dcb45e-7485-4721-9027-1dd37d9f2392-768x576.jpg 768w, https:\/\/sindsaudeba.org.br\/portal\/wp-content\/uploads\/2023\/01\/23dcb45e-7485-4721-9027-1dd37d9f2392-800x600.jpg 800w, https:\/\/sindsaudeba.org.br\/portal\/wp-content\/uploads\/2023\/01\/23dcb45e-7485-4721-9027-1dd37d9f2392-700x525.jpg 700w, https:\/\/sindsaudeba.org.br\/portal\/wp-content\/uploads\/2023\/01\/23dcb45e-7485-4721-9027-1dd37d9f2392.jpg 1024w\" sizes=\"(max-width: 300px) 100vw, 300px\" \/><\/p>\n<p>Tamb\u00e9m comp\u00f5e a programa\u00e7\u00e3o do FSM, semin\u00e1rio internacional que abordar\u00e1 temas como direito a Educa\u00e7\u00e3o, Sa\u00fade e Cultura, Democracia Participativa e Controle Social.<\/p>\n<p>Com o tema \u201cDemocracia, direitos dos povos e do planeta \u2014 Outro mundo \u00e9 poss\u00edvel\u201d, o F\u00f3rum Social Mundial (FSM) chega a mais uma edi\u00e7\u00e3o na cidade de Porto Alegre, em 2023, ap\u00f3s a vit\u00f3ria do Presidente Lula.<\/p>\n<p>Para a diretora de comunica\u00e7\u00e3o, Dart Clair, \u201co F\u00f3rum \u00e9 um importante espa\u00e7o de discuss\u00e3o de iniciativas e estrat\u00e9gias que se oponham \u00e0 agenda neoliberal e desigualdades sociais, fazendo um contraponto aos debates do F\u00f3rum Econ\u00f4mico Mundial. Algumas das pautas que estamos defendendo \u00e9 o fortalecimento do SUS, do Piso Nacional da Enfermagem e o fortalecimento dos estados com Concursos P\u00fablicos\u201d, pontuou Dart.<\/p>\n<p>A presidente Ivanilda Brito, tamb\u00e9m representando a CTBBa, afirma \u201c(\u2026) estamos em um novo clima no Brasil e no mundo. N\u00f3s sempre participamos dos debates ativamente das edi\u00e7\u00f5es do FSM e das Confer\u00eancias Nacional e Estaduais pontuando sobre a defesa dos servidores p\u00fablicos, do SUS, um Planserv forte, novos concursos p\u00fablicos e respeito. Isso nos d\u00e1, uma nova perspectiva para a sa\u00fade em bem-estar social, frente \u00e0s perdas dos direitos que todos n\u00f3s tivemos. Viva a Democracia! \u201d, disse a presidente Ivanilda Brito.<\/p>\n","protected":false},"excerpt":{"rendered":"<p>O Sindsa\u00fade Ba marca presen\u00e7a com a presidente Ivanilda Brito e a diretora de Comunica\u00e7\u00e3o, Dart Clair, no F\u00f3rum Social Mundial (FSM) 2023, que acontece em Porto Alegre, entre os dias 23 e 28 de janeiro de 2023, ocupando a Assembleia Legislativa do Rio Grande&#8230;<\/p>\n","protected":false},"author":2,"featured_media":17486,"comment_status":"open","ping_status":"open","sticky":false,"template":"","format":"standard","meta":[],"categories":[11,6,7],"tags":[262],"amp_validity":null,"amp_enabled":true,"_links":{"self":[{"href":"https:\/\/sindsaudeba.org.br\/portal\/wp-json\/wp\/v2\/posts\/17484"}],"collection":[{"href":"https:\/\/sindsaudeba.org.br\/portal\/wp-json\/wp\/v2\/posts"}],"about":[{"href":"https:\/\/sindsaudeba.org.br\/portal\/wp-json\/wp\/v2\/types\/post"}],"author":[{"embeddable":true,"href":"https:\/\/sindsaudeba.org.br\/portal\/wp-json\/wp\/v2\/users\/2"}],"replies":[{"embeddable":true,"href":"https:\/\/sindsaudeba.org.br\/portal\/wp-json\/wp\/v2\/comments?post=17484"}],"version-history":[{"count":1,"href":"https:\/\/sindsaudeba.org.br\/portal\/wp-json\/wp\/v2\/posts\/17484\/revisions"}],"predecessor-version":[{"id":17488,"href":"https:\/\/sindsaudeba.org.br\/portal\/wp-json\/wp\/v2\/posts\/17484\/revisions\/17488"}],"wp:featuredmedia":[{"embeddable":true,"href":"https:\/\/sindsaudeba.org.br\/portal\/wp-json\/wp\/v2\/media\/17486"}],"wp:attachment":[{"href":"https:\/\/sindsaudeba.org.br\/portal\/wp-json\/wp\/v2\/media?parent=17484"}],"wp:term":[{"taxonomy":"category","embeddable":true,"href":"https:\/\/sindsaudeba.org.br\/portal\/wp-json\/wp\/v2\/categories?post=17484"},{"taxonomy":"post_tag","embeddable":true,"href":"https:\/\/sindsaudeba.org.br\/portal\/wp-json\/wp\/v2\/tags?post=17484"}],"curies":[{"name":"wp","href":"https:\/\/api.w.org\/{rel}","templated":true}]}}