{"id":17478,"date":"2023-01-25T13:11:00","date_gmt":"2023-01-25T16:11:00","guid":{"rendered":"https:\/\/sindsaudeba.org.br\/portal\/?p=17478"},"modified":"2023-01-25T13:11:00","modified_gmt":"2023-01-25T16:11:00","slug":"4o-encontro-nacional-de-comunicacao-vai-debater-formacao-de-rede-da-ctb","status":"publish","type":"post","link":"https:\/\/sindsaudeba.org.br\/portal\/blog\/4o-encontro-nacional-de-comunicacao-vai-debater-formacao-de-rede-da-ctb\/","title":{"rendered":"4\u00ba Encontro Nacional de Comunica\u00e7\u00e3o vai debater forma\u00e7\u00e3o de rede da CTB"},"content":{"rendered":"<p><img loading=\"lazy\" class=\"size-medium wp-image-17479 alignleft\" src=\"https:\/\/sindsaudeba.org.br\/portal\/wp-content\/uploads\/2023\/01\/cefc0db2-fe13-4c16-9382-c133c346ba9d-169x300.jpg\" alt=\"\" width=\"169\" height=\"300\" srcset=\"https:\/\/sindsaudeba.org.br\/portal\/wp-content\/uploads\/2023\/01\/cefc0db2-fe13-4c16-9382-c133c346ba9d-169x300.jpg 169w, https:\/\/sindsaudeba.org.br\/portal\/wp-content\/uploads\/2023\/01\/cefc0db2-fe13-4c16-9382-c133c346ba9d-576x1024.jpg 576w, https:\/\/sindsaudeba.org.br\/portal\/wp-content\/uploads\/2023\/01\/cefc0db2-fe13-4c16-9382-c133c346ba9d-700x1244.jpg 700w, https:\/\/sindsaudeba.org.br\/portal\/wp-content\/uploads\/2023\/01\/cefc0db2-fe13-4c16-9382-c133c346ba9d.jpg 720w\" sizes=\"(max-width: 169px) 100vw, 169px\" \/>O 4\u00ba Encontro Nacional de Comunica\u00e7\u00e3o da Central dos Trabalhadores e Trabalhadoras do Brasil (CTB) ser\u00e1 realizado entre os dias 24 e 26 de mar\u00e7o, no Hotel Portobello, em Ondina, na orla de Salvador.<\/p>\n<p>O evento contar\u00e1 com a participa\u00e7\u00e3o de dirigentes da entidade e de seus sindicatos filiados, bem como de outras institui\u00e7\u00f5es. Entre os palestrantes est\u00e3o o comunicador Gustavo Alves e os coordenadores do Centro de Estudos da M\u00eddia Alternativa Bar\u00e3o de Itarar\u00e9, Altamiro Borges e Renata Mielli.<\/p>\n<p>A atual conjuntura pol\u00edtica, as perspectivas da comunica\u00e7\u00e3o com o novo governo Lula, os desafios da comunica\u00e7\u00e3o sindical e o uso dos algoritmos e das redes sociais para se somar \u00e0 luta s\u00e3o alguns dos temas a serem debatidos.<\/p>\n<p>Al\u00e9m disso, a CTB apresentar\u00e1 aos seus filiados a proposta da cria\u00e7\u00e3o de uma rede de comunica\u00e7\u00e3o pr\u00f3pria, que tem como objetivo fortalecer e dar mais visibilidade \u00e0s pautas das institui\u00e7\u00f5es.<\/p>\n<p>&#8220;Para n\u00f3s, da CTB, \u00e9 essencial a participa\u00e7\u00e3o dos dirigentes que atuam na comunica\u00e7\u00e3o nesse encontro da Bahia, porque a gente vai conseguir, finalmente, estruturar a nossa rede de comunica\u00e7\u00e3o interna e externa. Essa nova conjuntura pol\u00edtica e a sociedade mais acirrada exigem de n\u00f3s desafios cada vez maiores no processo de comunica\u00e7\u00e3o e um deles \u00e9 que atuemos em conjunto. Precisamos ter uma comunica\u00e7\u00e3o colaborativa no movimento sindical que consiga atingir n\u00e3o s\u00f3 nossas bases, mas tamb\u00e9m a popula\u00e7\u00e3o brasileira&#8221;, enfatizou o secret\u00e1rio nacional de Comunica\u00e7\u00e3o da CTB, Anderson Guahy.<\/p>\n<p>As inscri\u00e7\u00f5es para o encontro j\u00e1 est\u00e3o abertas e podem ser feitas neste link.<\/p>\n<p>https:\/\/docs.google.com\/forms\/d\/1D8N7-TaaF_xdBJCgrZaAr9UVO0jasTLPAo5qpxd58D4\/edit<\/p>\n<p>V\u00eddeo da Campanha do Encontro de Comunica\u00e7\u00e3o<\/p>\n<p><iframe title=\"4 Encontro Nacional de Comunica\u00e7\u00e3o da Ctb\" width=\"1060\" height=\"596\" src=\"https:\/\/www.youtube.com\/embed\/ucFYtsUvOyo?feature=oembed\" frameborder=\"0\" allow=\"accelerometer; autoplay; clipboard-write; encrypted-media; gyroscope; picture-in-picture; web-share\" allowfullscreen><\/iframe><\/p>\n","protected":false},"excerpt":{"rendered":"<p>O 4\u00ba Encontro Nacional de Comunica\u00e7\u00e3o da Central dos Trabalhadores e Trabalhadoras do Brasil (CTB) ser\u00e1 realizado entre os dias 24 e 26 de mar\u00e7o, no Hotel Portobello, em Ondina, na orla de Salvador. O evento contar\u00e1 com a participa\u00e7\u00e3o de dirigentes da entidade e&#8230;<\/p>\n","protected":false},"author":2,"featured_media":17480,"comment_status":"open","ping_status":"open","sticky":false,"template":"","format":"standard","meta":[],"categories":[11,6,7],"tags":[260],"amp_validity":null,"amp_enabled":true,"_links":{"self":[{"href":"https:\/\/sindsaudeba.org.br\/portal\/wp-json\/wp\/v2\/posts\/17478"}],"collection":[{"href":"https:\/\/sindsaudeba.org.br\/portal\/wp-json\/wp\/v2\/posts"}],"about":[{"href":"https:\/\/sindsaudeba.org.br\/portal\/wp-json\/wp\/v2\/types\/post"}],"author":[{"embeddable":true,"href":"https:\/\/sindsaudeba.org.br\/portal\/wp-json\/wp\/v2\/users\/2"}],"replies":[{"embeddable":true,"href":"https:\/\/sindsaudeba.org.br\/portal\/wp-json\/wp\/v2\/comments?post=17478"}],"version-history":[{"count":1,"href":"https:\/\/sindsaudeba.org.br\/portal\/wp-json\/wp\/v2\/posts\/17478\/revisions"}],"predecessor-version":[{"id":17481,"href":"https:\/\/sindsaudeba.org.br\/portal\/wp-json\/wp\/v2\/posts\/17478\/revisions\/17481"}],"wp:featuredmedia":[{"embeddable":true,"href":"https:\/\/sindsaudeba.org.br\/portal\/wp-json\/wp\/v2\/media\/17480"}],"wp:attachment":[{"href":"https:\/\/sindsaudeba.org.br\/portal\/wp-json\/wp\/v2\/media?parent=17478"}],"wp:term":[{"taxonomy":"category","embeddable":true,"href":"https:\/\/sindsaudeba.org.br\/portal\/wp-json\/wp\/v2\/categories?post=17478"},{"taxonomy":"post_tag","embeddable":true,"href":"https:\/\/sindsaudeba.org.br\/portal\/wp-json\/wp\/v2\/tags?post=17478"}],"curies":[{"name":"wp","href":"https:\/\/api.w.org\/{rel}","templated":true}]}}