{"id":17473,"date":"2023-01-24T11:12:47","date_gmt":"2023-01-24T14:12:47","guid":{"rendered":"https:\/\/sindsaudeba.org.br\/portal\/?p=17473"},"modified":"2023-01-24T11:30:45","modified_gmt":"2023-01-24T14:30:45","slug":"sindsaude-bahia-e-superh-se-reunem-para-tratar-da-realocacao-de-servidoras-da-central-estadual-de-regulacao","status":"publish","type":"post","link":"https:\/\/sindsaudeba.org.br\/portal\/blog\/sindsaude-bahia-e-superh-se-reunem-para-tratar-da-realocacao-de-servidoras-da-central-estadual-de-regulacao\/","title":{"rendered":"Sindsa\u00fade Bahia e Superh se re\u00fanem para tratar da Realoca\u00e7\u00e3o de Servidoras da Central Estadual de Regula\u00e7\u00e3o"},"content":{"rendered":"<p><img loading=\"lazy\" class=\"size-medium wp-image-17474 alignleft\" src=\"https:\/\/sindsaudeba.org.br\/portal\/wp-content\/uploads\/2023\/01\/WhatsApp-Image-2023-01-24-at-10.45.03-300x138.jpeg\" alt=\"\" width=\"300\" height=\"138\" srcset=\"https:\/\/sindsaudeba.org.br\/portal\/wp-content\/uploads\/2023\/01\/WhatsApp-Image-2023-01-24-at-10.45.03-300x138.jpeg 300w, https:\/\/sindsaudeba.org.br\/portal\/wp-content\/uploads\/2023\/01\/WhatsApp-Image-2023-01-24-at-10.45.03-1024x472.jpeg 1024w, https:\/\/sindsaudeba.org.br\/portal\/wp-content\/uploads\/2023\/01\/WhatsApp-Image-2023-01-24-at-10.45.03-768x354.jpeg 768w, https:\/\/sindsaudeba.org.br\/portal\/wp-content\/uploads\/2023\/01\/WhatsApp-Image-2023-01-24-at-10.45.03-700x323.jpeg 700w, https:\/\/sindsaudeba.org.br\/portal\/wp-content\/uploads\/2023\/01\/WhatsApp-Image-2023-01-24-at-10.45.03.jpeg 1280w\" sizes=\"(max-width: 300px) 100vw, 300px\" \/>Nesta segunda-feira, 23 de janeiro, a presidente Ivanilda Brito e o diretor Dijalma Rossi estiveram na SESAB, em reuni\u00e3o com a superintendente Jana\u00edna Peralta e a diretora de RH Andrea Paula Sampaio para discutir as demandas apresentadas por um grupo de trabalhadoras oriundas do extinto setor de transporte da Central Estadual de Regula\u00e7\u00e3o (Pau Mi\u00fado).<\/p>\n<p>Com a extin\u00e7\u00e3o do setor, algumas trabalhadoras foram designadas para unidades hospitalares que n\u00e3o tem setores compat\u00edveis com suas atribui\u00e7\u00f5es e experi\u00eancia, e buscaram o Sindsa\u00fade Bahia para intermediar o di\u00e1logo para que pudessem permanecer em atividades similares \u00e0s que exerciam, al\u00e9m de outras demandas, como libera\u00e7\u00e3o de licen\u00e7a pr\u00eamio.<\/p>\n<p>O resultado do encontro foi positivo, com compromisso da gest\u00e3o para que as trabalhadoras sejam alocadas nas unidades para as quais requerem remo\u00e7\u00e3o. O Sindsa\u00fade Bahia v\u00ea como positiva a continuidade do di\u00e1logo amistoso com a Sesab, e vislumbra a imediata solu\u00e7\u00e3o da situa\u00e7\u00e3o.<\/p>\n","protected":false},"excerpt":{"rendered":"<p>Nesta segunda-feira, 23 de janeiro, a presidente Ivanilda Brito e o diretor Dijalma Rossi estiveram na SESAB, em reuni\u00e3o com a superintendente Jana\u00edna Peralta e a diretora de RH Andrea Paula Sampaio para discutir as demandas apresentadas por um grupo de trabalhadoras oriundas do extinto&#8230;<\/p>\n","protected":false},"author":2,"featured_media":17474,"comment_status":"open","ping_status":"open","sticky":false,"template":"","format":"standard","meta":[],"categories":[11,6,7],"tags":[260],"amp_validity":null,"amp_enabled":true,"_links":{"self":[{"href":"https:\/\/sindsaudeba.org.br\/portal\/wp-json\/wp\/v2\/posts\/17473"}],"collection":[{"href":"https:\/\/sindsaudeba.org.br\/portal\/wp-json\/wp\/v2\/posts"}],"about":[{"href":"https:\/\/sindsaudeba.org.br\/portal\/wp-json\/wp\/v2\/types\/post"}],"author":[{"embeddable":true,"href":"https:\/\/sindsaudeba.org.br\/portal\/wp-json\/wp\/v2\/users\/2"}],"replies":[{"embeddable":true,"href":"https:\/\/sindsaudeba.org.br\/portal\/wp-json\/wp\/v2\/comments?post=17473"}],"version-history":[{"count":2,"href":"https:\/\/sindsaudeba.org.br\/portal\/wp-json\/wp\/v2\/posts\/17473\/revisions"}],"predecessor-version":[{"id":17477,"href":"https:\/\/sindsaudeba.org.br\/portal\/wp-json\/wp\/v2\/posts\/17473\/revisions\/17477"}],"wp:featuredmedia":[{"embeddable":true,"href":"https:\/\/sindsaudeba.org.br\/portal\/wp-json\/wp\/v2\/media\/17474"}],"wp:attachment":[{"href":"https:\/\/sindsaudeba.org.br\/portal\/wp-json\/wp\/v2\/media?parent=17473"}],"wp:term":[{"taxonomy":"category","embeddable":true,"href":"https:\/\/sindsaudeba.org.br\/portal\/wp-json\/wp\/v2\/categories?post=17473"},{"taxonomy":"post_tag","embeddable":true,"href":"https:\/\/sindsaudeba.org.br\/portal\/wp-json\/wp\/v2\/tags?post=17473"}],"curies":[{"name":"wp","href":"https:\/\/api.w.org\/{rel}","templated":true}]}}