{"id":17418,"date":"2023-01-13T15:00:14","date_gmt":"2023-01-13T18:00:14","guid":{"rendered":"https:\/\/sindsaudeba.org.br\/portal\/?p=17418"},"modified":"2023-01-13T15:00:14","modified_gmt":"2023-01-13T18:00:14","slug":"sindsaude-bahia-segue-tradicao-na-lavagem-do-bonfim","status":"publish","type":"post","link":"https:\/\/sindsaudeba.org.br\/portal\/blog\/sindsaude-bahia-segue-tradicao-na-lavagem-do-bonfim\/","title":{"rendered":"Sindsa\u00fade Bahia segue tradi\u00e7\u00e3o na Lavagem do Bonfim"},"content":{"rendered":"<p><img loading=\"lazy\" class=\"size-medium wp-image-17419 alignright\" src=\"https:\/\/sindsaudeba.org.br\/portal\/wp-content\/uploads\/2023\/01\/lav-2023-2-300x225.jpg\" alt=\"\" width=\"300\" height=\"225\" srcset=\"https:\/\/sindsaudeba.org.br\/portal\/wp-content\/uploads\/2023\/01\/lav-2023-2-300x225.jpg 300w, https:\/\/sindsaudeba.org.br\/portal\/wp-content\/uploads\/2023\/01\/lav-2023-2-1024x768.jpg 1024w, https:\/\/sindsaudeba.org.br\/portal\/wp-content\/uploads\/2023\/01\/lav-2023-2-768x576.jpg 768w, https:\/\/sindsaudeba.org.br\/portal\/wp-content\/uploads\/2023\/01\/lav-2023-2-1536x1152.jpg 1536w, https:\/\/sindsaudeba.org.br\/portal\/wp-content\/uploads\/2023\/01\/lav-2023-2-800x600.jpg 800w, https:\/\/sindsaudeba.org.br\/portal\/wp-content\/uploads\/2023\/01\/lav-2023-2-700x525.jpg 700w, https:\/\/sindsaudeba.org.br\/portal\/wp-content\/uploads\/2023\/01\/lav-2023-2.jpg 1600w\" sizes=\"(max-width: 300px) 100vw, 300px\" \/><img loading=\"lazy\" class=\"size-medium wp-image-17420 alignleft\" src=\"https:\/\/sindsaudeba.org.br\/portal\/wp-content\/uploads\/2023\/01\/lav-2023-300x169.jpg\" alt=\"\" width=\"300\" height=\"169\" srcset=\"https:\/\/sindsaudeba.org.br\/portal\/wp-content\/uploads\/2023\/01\/lav-2023-300x169.jpg 300w, https:\/\/sindsaudeba.org.br\/portal\/wp-content\/uploads\/2023\/01\/lav-2023-1024x577.jpg 1024w, https:\/\/sindsaudeba.org.br\/portal\/wp-content\/uploads\/2023\/01\/lav-2023-768x433.jpg 768w, https:\/\/sindsaudeba.org.br\/portal\/wp-content\/uploads\/2023\/01\/lav-2023-1536x866.jpg 1536w, https:\/\/sindsaudeba.org.br\/portal\/wp-content\/uploads\/2023\/01\/lav-2023-700x395.jpg 700w, https:\/\/sindsaudeba.org.br\/portal\/wp-content\/uploads\/2023\/01\/lav-2023-539x303.jpg 539w, https:\/\/sindsaudeba.org.br\/portal\/wp-content\/uploads\/2023\/01\/lav-2023.jpg 1600w\" sizes=\"(max-width: 300px) 100vw, 300px\" \/><\/p>\n<p>A Lavagem do Bonfim retornou forte e o Sindsa\u00fade Bahia estava l\u00e1, presente, levando as reivindica\u00e7\u00f5es dos servidores em sa\u00fade. Ap\u00f3s dois anos sem acontecer, em virtude das limita\u00e7\u00f5es impostas pela pandemia da Covid-19, a Lavagem do Bonfim enfim aconteceu nesta quinta-feira, 12 de janeiro de 2023 com muito Ax\u00e9.<\/p>\n<p>O Sindicato dos Trabalhadores em Sa\u00fade do Estado da Bahia &#8211; Sindsa\u00fade Bahia, filiado \u00e0 Central dos Trabalhadores e Trabalhadoras do Brasil (CTB) e \u00e0 Confedera\u00e7\u00e3o Nacional dos Trabalhadores na Sa\u00fade (CNTS), ao lado de outras entidades sindicais com APLB-Sindicato, Sinpojud, Sindpoc, Sinspeb, SINTEST, ADUNEB, ADUSC, ADUSB, ANDES, ADUFS e F\u00d3RUM DAS ADs, al\u00e9m das Centrais que comp\u00f5em cada entidade sindical, a CTB, a CSPCONLUTAS, UGT, FOR\u00c7A SINDICAL, e juntos aproveitamos o momento para levar \u00e0s ruas as pautas de reivindica\u00e7\u00f5es e cobrar do Governo do Estado agenda urgente para discutir o reajuste e a\u00e7\u00f5es que venham melhorar a qualidade de vida e trabalho de todos servidores da Sa\u00fade e demais categoria representadas.<\/p>\n<p>As pautas priorit\u00e1rias s\u00e3o Concurso P\u00fablico, Implanta\u00e7\u00e3o do Piso Nacional da Enfermagem, Planserv interiorizado e retorno do aporte de dois milh\u00f5es retirados no governo anterior, pagamento do PCS (Sinpojud), fortalecimento do SUS sem terceiriza\u00e7\u00e3o, PAGAMENTO DA URV, revis\u00e3o do PCCV \u2013 Plano de Cargos, Carreiras e Vencimentos, rever a lei que cobra o FUNPREV dos aposentados, entre outras pautas.<\/p>\n<p><img loading=\"lazy\" class=\"size-medium wp-image-17421 alignleft\" src=\"https:\/\/sindsaudeba.org.br\/portal\/wp-content\/uploads\/2023\/01\/lav-2023-1-225x300.jpg\" alt=\"\" width=\"225\" height=\"300\" srcset=\"https:\/\/sindsaudeba.org.br\/portal\/wp-content\/uploads\/2023\/01\/lav-2023-1-225x300.jpg 225w, https:\/\/sindsaudeba.org.br\/portal\/wp-content\/uploads\/2023\/01\/lav-2023-1-767x1024.jpg 767w, https:\/\/sindsaudeba.org.br\/portal\/wp-content\/uploads\/2023\/01\/lav-2023-1-768x1025.jpg 768w, https:\/\/sindsaudeba.org.br\/portal\/wp-content\/uploads\/2023\/01\/lav-2023-1-600x800.jpg 600w, https:\/\/sindsaudeba.org.br\/portal\/wp-content\/uploads\/2023\/01\/lav-2023-1-700x934.jpg 700w, https:\/\/sindsaudeba.org.br\/portal\/wp-content\/uploads\/2023\/01\/lav-2023-1.jpg 959w\" sizes=\"(max-width: 225px) 100vw, 225px\" \/>\u00c9 tradi\u00e7\u00e3o os sindicatos irem \u00e0s ruas nesta caminhada de F\u00e9 em a\u00e7\u00e3o unificada, tendo \u00a0por objetivo buscar respostas do governador para discutir nossas pautas na mesa central de negocia\u00e7\u00e3o permanente.<\/p>\n<p>O Movimento Unificado se concentrou na Pra\u00e7a da Inglaterra, no Com\u00e9rcio, e de l\u00e1 seguiu o cortejo at\u00e9 o alto da Colina Sagrada do Senhor do Bonfim. Estiveram presentes na caminhada, al\u00e9m da presidente Ivanilda Brito, e a vice-presidente Tereza Deir\u00f3 do Sindsa\u00fade Bahia, os diretores Maria Leonor, Dijalma Rossi, Celeste Ros\u00e1rio, Dart Clair (Feira de Santana), Joana Evangelista, Adriana Rabelo, Edson Leite, Libiene Lopes, Elza Caroline (Jequi\u00e9), Cl\u00e1udio Marcio (Paulo Afonso), Emanuela Valois (Feira de Santana), Diala Magalh\u00e3es (Ilh\u00e9us), Martha Bispo, Fabr\u00edcio Santana (Vit\u00f3ria da Conquista) e Sandra Ribeiro (Ubaitaba), al\u00e9m de servidores da ativa e tamb\u00e9m aposentados, que foram \u00e0 celebra\u00e7\u00e3o para agradecer e tamb\u00e9m reivindicar.<\/p>\n<p>\u201c\u00c9 muito bom estarmos de volta \u00e0 Lavagem do Bonfim! H\u00e1 muito tempo a Lavagem se tornou o palco de atos pol\u00edticos, levando as pautas dos servidores p\u00fablicos para reivindicar resultados ao gestor estadual. Ent\u00e3o, se torna uma forma de apresentar a todas as categorias o lan\u00e7amento da campanha salarial com pautas priorit\u00e1rias e, este ano, fortemente UNIFICADA com 12 sindicatos! O Sindsa\u00fade agradece ao Senhor do Bonfim e aos representantes de todas as entidades que, juntos, caminhamos at\u00e9 a Colina Sagrada em defesa dos direitos dos trabalhadores e trabalhadoras do servi\u00e7o p\u00fablico. N\u00e3o ficaremos alheios \u00e0s necessidades dos servidores em Sa\u00fade e demais categorias\u201d, explicou Ivanilda Brito, presidente do Sindsa\u00fade Bahia.<\/p>\n<p>#juntossomosmaisfortes, #vamosjuntosconstruirnossahistoria!<\/p>\n<p>&nbsp;<\/p>\n","protected":false},"excerpt":{"rendered":"<p>A Lavagem do Bonfim retornou forte e o Sindsa\u00fade Bahia estava l\u00e1, presente, levando as reivindica\u00e7\u00f5es dos servidores em sa\u00fade. Ap\u00f3s dois anos sem acontecer, em virtude das limita\u00e7\u00f5es impostas pela pandemia da Covid-19, a Lavagem do Bonfim enfim aconteceu nesta quinta-feira, 12 de janeiro&#8230;<\/p>\n","protected":false},"author":2,"featured_media":17420,"comment_status":"open","ping_status":"open","sticky":false,"template":"","format":"standard","meta":[],"categories":[11,6,7],"tags":[],"amp_validity":null,"amp_enabled":true,"_links":{"self":[{"href":"https:\/\/sindsaudeba.org.br\/portal\/wp-json\/wp\/v2\/posts\/17418"}],"collection":[{"href":"https:\/\/sindsaudeba.org.br\/portal\/wp-json\/wp\/v2\/posts"}],"about":[{"href":"https:\/\/sindsaudeba.org.br\/portal\/wp-json\/wp\/v2\/types\/post"}],"author":[{"embeddable":true,"href":"https:\/\/sindsaudeba.org.br\/portal\/wp-json\/wp\/v2\/users\/2"}],"replies":[{"embeddable":true,"href":"https:\/\/sindsaudeba.org.br\/portal\/wp-json\/wp\/v2\/comments?post=17418"}],"version-history":[{"count":1,"href":"https:\/\/sindsaudeba.org.br\/portal\/wp-json\/wp\/v2\/posts\/17418\/revisions"}],"predecessor-version":[{"id":17422,"href":"https:\/\/sindsaudeba.org.br\/portal\/wp-json\/wp\/v2\/posts\/17418\/revisions\/17422"}],"wp:featuredmedia":[{"embeddable":true,"href":"https:\/\/sindsaudeba.org.br\/portal\/wp-json\/wp\/v2\/media\/17420"}],"wp:attachment":[{"href":"https:\/\/sindsaudeba.org.br\/portal\/wp-json\/wp\/v2\/media?parent=17418"}],"wp:term":[{"taxonomy":"category","embeddable":true,"href":"https:\/\/sindsaudeba.org.br\/portal\/wp-json\/wp\/v2\/categories?post=17418"},{"taxonomy":"post_tag","embeddable":true,"href":"https:\/\/sindsaudeba.org.br\/portal\/wp-json\/wp\/v2\/tags?post=17418"}],"curies":[{"name":"wp","href":"https:\/\/api.w.org\/{rel}","templated":true}]}}