{"id":17412,"date":"2023-01-11T17:39:52","date_gmt":"2023-01-11T20:39:52","guid":{"rendered":"https:\/\/sindsaudeba.org.br\/portal\/?p=17412"},"modified":"2023-01-11T17:59:46","modified_gmt":"2023-01-11T20:59:46","slug":"sindsaude-ba-protocolou-pauta-de-reivindicacoes-do-funcionalismo-publico-estadual","status":"publish","type":"post","link":"https:\/\/sindsaudeba.org.br\/portal\/blog\/sindsaude-ba-protocolou-pauta-de-reivindicacoes-do-funcionalismo-publico-estadual\/","title":{"rendered":"Sindsa\u00fade Ba protocolou  pauta de reivindica\u00e7\u00f5es do funcionalismo p\u00fablico estadual."},"content":{"rendered":"<p><img loading=\"lazy\" class=\"size-medium wp-image-17413 alignleft\" src=\"https:\/\/sindsaudeba.org.br\/portal\/wp-content\/uploads\/2023\/01\/pauta-2023-1-225x300.jpeg\" alt=\"\" width=\"225\" height=\"300\" srcset=\"https:\/\/sindsaudeba.org.br\/portal\/wp-content\/uploads\/2023\/01\/pauta-2023-1-225x300.jpeg 225w, https:\/\/sindsaudeba.org.br\/portal\/wp-content\/uploads\/2023\/01\/pauta-2023-1-768x1024.jpeg 768w, https:\/\/sindsaudeba.org.br\/portal\/wp-content\/uploads\/2023\/01\/pauta-2023-1-1152x1536.jpeg 1152w, https:\/\/sindsaudeba.org.br\/portal\/wp-content\/uploads\/2023\/01\/pauta-2023-1-600x800.jpeg 600w, https:\/\/sindsaudeba.org.br\/portal\/wp-content\/uploads\/2023\/01\/pauta-2023-1-700x933.jpeg 700w, https:\/\/sindsaudeba.org.br\/portal\/wp-content\/uploads\/2023\/01\/pauta-2023-1.jpeg 1200w\" sizes=\"(max-width: 225px) 100vw, 225px\" \/><img loading=\"lazy\" class=\"size-medium wp-image-17414 alignleft\" src=\"https:\/\/sindsaudeba.org.br\/portal\/wp-content\/uploads\/2023\/01\/pauta-2023-225x300.jpeg\" alt=\"\" width=\"225\" height=\"300\" srcset=\"https:\/\/sindsaudeba.org.br\/portal\/wp-content\/uploads\/2023\/01\/pauta-2023-225x300.jpeg 225w, https:\/\/sindsaudeba.org.br\/portal\/wp-content\/uploads\/2023\/01\/pauta-2023-768x1024.jpeg 768w, https:\/\/sindsaudeba.org.br\/portal\/wp-content\/uploads\/2023\/01\/pauta-2023-1152x1536.jpeg 1152w, https:\/\/sindsaudeba.org.br\/portal\/wp-content\/uploads\/2023\/01\/pauta-2023-600x800.jpeg 600w, https:\/\/sindsaudeba.org.br\/portal\/wp-content\/uploads\/2023\/01\/pauta-2023-700x933.jpeg 700w, https:\/\/sindsaudeba.org.br\/portal\/wp-content\/uploads\/2023\/01\/pauta-2023.jpeg 1200w\" sizes=\"(max-width: 225px) 100vw, 225px\" \/>Dando in\u00edcio \u00e0 Campanha de Luta de 2023, o Sindicato dos Trabalhadores em Sa\u00fade do Estado da Bahia (Sindsa\u00fade Bahia), filiado \u00e0 Central dos Trabalhadores e Trabalhadoras do Brasil (CTB) e a Confedera\u00e7\u00e3o Nacional dos Trabalhadores na Sa\u00fade (CNTS), protocolou nesta quarta-feira, 11 de janeiro, a pauta de reivindica\u00e7\u00f5es do funcionalismo p\u00fablico estadual.<br \/>\nO documento foi protocolado na governadoria, do Governo do Estado da Bahia, com a participa\u00e7\u00e3o de outras entidades sindicais defensoras dos servidores p\u00fablicos estaduais. Amanh\u00e3, 12 de janeiro, na tradicional Lavagem do Bonfim, o Sindsa\u00fade Ba e outras entidades v\u00e3o participar e levantar as pautas de luta de 2023. A frente estar\u00e1 o reajuste salarial do governador da Bahia 48,5%, com o #EuTamb\u00e9mQuero, Concurso P\u00fablico e Planserv Forte, s\u00e3o algumas das pautas.<\/p>\n<p>&nbsp;<\/p>\n<p>Leia a solicita\u00e7\u00e3o na \u00edntegra.<\/p>\n<p>&nbsp;<\/p>\n<p>Salvador, 11 de janeiro de 2023.<\/p>\n<p>&nbsp;<\/p>\n<p>Excelent\u00edssimo Senhor<\/p>\n<p>Jer\u00f4nimo Rodrigues Souza<\/p>\n<ol>\n<li>Governador do Estado da Bahia<\/li>\n<\/ol>\n<p>&nbsp;<\/p>\n<p>Prezado Governador<\/p>\n<p>&nbsp;<\/p>\n<p>Ref.: Agendamento de reuni\u00e3o<\/p>\n<p>&nbsp;<\/p>\n<p>Cumprimentando &#8211; o cordialmente a V. Exa, as entidades sindicais reunidas APLB, Sindsaudeba, Sintestba, Sindpoc, Aduneb, Sinspeb, F\u00f3rum dos T\u00e9cnicos das Ueba e Sinspeb, vem mui respeitosamente solicitar agendamento de reuni\u00e3o para discutirmos os seguintes temas:<\/p>\n<p>Reajuste n\u00e3o linear;<\/p>\n<p>Fixar data Base dos servidores p\u00fablicos;<\/p>\n<p>Piso nacional da enfermagem;<\/p>\n<p>Mesa de negocia\u00e7\u00e3o permanente;<\/p>\n<p>Pagamento da URV;<\/p>\n<p>Atualiza\u00e7\u00e3o do aux\u00edlio refei\u00e7\u00e3o;<\/p>\n<p>Atualiza\u00e7\u00e3o da Diaria;<\/p>\n<p>Fortalecimento do Planserv principalmente interior;<\/p>\n<p>Reajuste da CET dos cargos comissionados;<\/p>\n<p>Revis\u00e3o da situa\u00e7\u00e3o\u00a0 dos n\u00e3o-enquadrados PCCV;<\/p>\n<p>Reativa\u00e7\u00e3o do plano habitacional dos servidores p\u00fablicos;<\/p>\n<p>Realiza\u00e7\u00e3o de CONCURSO PUBLICO;<\/p>\n<p>Cria\u00e7\u00e3o do Conselho Estadual de Di\u00e1logo com as entidades sindicais.<\/p>\n<p>&nbsp;<\/p>\n<p>Atenciosamente,<\/p>\n<table>\n<tbody>\n<tr>\n<td width=\"83\"><\/td>\n<\/tr>\n<tr>\n<td><\/td>\n<td><\/td>\n<\/tr>\n<\/tbody>\n<\/table>\n<p>&nbsp;<\/p>\n","protected":false},"excerpt":{"rendered":"<p>Dando in\u00edcio \u00e0 Campanha de Luta de 2023, o Sindicato dos Trabalhadores em Sa\u00fade do Estado da Bahia (Sindsa\u00fade Bahia), filiado \u00e0 Central dos Trabalhadores e Trabalhadoras do Brasil (CTB) e a Confedera\u00e7\u00e3o Nacional dos Trabalhadores na Sa\u00fade (CNTS), protocolou nesta quarta-feira, 11 de janeiro,&#8230;<\/p>\n","protected":false},"author":2,"featured_media":17413,"comment_status":"open","ping_status":"open","sticky":false,"template":"","format":"standard","meta":[],"categories":[11,6,7],"tags":[],"amp_validity":null,"amp_enabled":true,"_links":{"self":[{"href":"https:\/\/sindsaudeba.org.br\/portal\/wp-json\/wp\/v2\/posts\/17412"}],"collection":[{"href":"https:\/\/sindsaudeba.org.br\/portal\/wp-json\/wp\/v2\/posts"}],"about":[{"href":"https:\/\/sindsaudeba.org.br\/portal\/wp-json\/wp\/v2\/types\/post"}],"author":[{"embeddable":true,"href":"https:\/\/sindsaudeba.org.br\/portal\/wp-json\/wp\/v2\/users\/2"}],"replies":[{"embeddable":true,"href":"https:\/\/sindsaudeba.org.br\/portal\/wp-json\/wp\/v2\/comments?post=17412"}],"version-history":[{"count":2,"href":"https:\/\/sindsaudeba.org.br\/portal\/wp-json\/wp\/v2\/posts\/17412\/revisions"}],"predecessor-version":[{"id":17417,"href":"https:\/\/sindsaudeba.org.br\/portal\/wp-json\/wp\/v2\/posts\/17412\/revisions\/17417"}],"wp:featuredmedia":[{"embeddable":true,"href":"https:\/\/sindsaudeba.org.br\/portal\/wp-json\/wp\/v2\/media\/17413"}],"wp:attachment":[{"href":"https:\/\/sindsaudeba.org.br\/portal\/wp-json\/wp\/v2\/media?parent=17412"}],"wp:term":[{"taxonomy":"category","embeddable":true,"href":"https:\/\/sindsaudeba.org.br\/portal\/wp-json\/wp\/v2\/categories?post=17412"},{"taxonomy":"post_tag","embeddable":true,"href":"https:\/\/sindsaudeba.org.br\/portal\/wp-json\/wp\/v2\/tags?post=17412"}],"curies":[{"name":"wp","href":"https:\/\/api.w.org\/{rel}","templated":true}]}}