{"id":17407,"date":"2023-01-11T17:08:49","date_gmt":"2023-01-11T20:08:49","guid":{"rendered":"https:\/\/sindsaudeba.org.br\/portal\/?p=17407"},"modified":"2023-01-11T17:10:40","modified_gmt":"2023-01-11T20:10:40","slug":"democracia-paz-respeito-e-defesa-do-piso-nacional-da-enfermagem-foram-pautas-em-defesa-do-brasil","status":"publish","type":"post","link":"https:\/\/sindsaudeba.org.br\/portal\/blog\/democracia-paz-respeito-e-defesa-do-piso-nacional-da-enfermagem-foram-pautas-em-defesa-do-brasil\/","title":{"rendered":"Democracia, Paz, Respeito e defesa do Piso Nacional da Enfermagem foram pautas em defesa do Brasil."},"content":{"rendered":"<p><img loading=\"lazy\" class=\"size-medium wp-image-17408 alignleft\" src=\"https:\/\/sindsaudeba.org.br\/portal\/wp-content\/uploads\/2023\/01\/fsa-1-240x300.jpeg\" alt=\"\" width=\"240\" height=\"300\" srcset=\"https:\/\/sindsaudeba.org.br\/portal\/wp-content\/uploads\/2023\/01\/fsa-1-240x300.jpeg 240w, https:\/\/sindsaudeba.org.br\/portal\/wp-content\/uploads\/2023\/01\/fsa-1-819x1024.jpeg 819w, https:\/\/sindsaudeba.org.br\/portal\/wp-content\/uploads\/2023\/01\/fsa-1-768x960.jpeg 768w, https:\/\/sindsaudeba.org.br\/portal\/wp-content\/uploads\/2023\/01\/fsa-1-1229x1536.jpeg 1229w, https:\/\/sindsaudeba.org.br\/portal\/wp-content\/uploads\/2023\/01\/fsa-1-700x875.jpeg 700w, https:\/\/sindsaudeba.org.br\/portal\/wp-content\/uploads\/2023\/01\/fsa-1.jpeg 1280w\" sizes=\"(max-width: 240px) 100vw, 240px\" \/><\/p>\n<p>Movimentos populares e sindicais realizaram manifesta\u00e7\u00f5es por todo o Brasil, na segunda-feira (9). Em Feira de Santana \u2013 Bahia, o ato em frente a Prefeitura Municipal de Feira de Santana contou com presen\u00e7a de diversos movimentos sociais, organiza\u00e7\u00f5es n\u00e3o governamentais, sociedade civil, al\u00e9m dos diretores do interior de comunica\u00e7\u00e3o Dart Clair e a Manoela Valois e outros.<\/p>\n<p>Os atos repudiaram as a\u00e7\u00f5es terroristas que ocorreram no \u00faltimo domingo, 8 de janeiro, nas sedes dos Tr\u00eas Podes, em Bras\u00edlia. \u201cPrecisamos registrar o mais veemente rep\u00fadio aos atos de vandalismo e criminosos praticados em Bras\u00edlia, atendando contra a democracia e a sede dos tr\u00eas Poderes da Rep\u00fablica, n\u00f3s da enfermagem que fizemos v\u00e1rios atos e vamos continuar a realizar nunca fizemos baderna e tamanho ato, n\u00e3o somos coniventes e vamos defender o dialogo e a luta pelos nossos direitos\u201d, pontuou a diretora Dart Clair.<\/p>\n<p><img loading=\"lazy\" class=\"size-medium wp-image-17409 alignright\" src=\"https:\/\/sindsaudeba.org.br\/portal\/wp-content\/uploads\/2023\/01\/fsa-300x169.jpeg\" alt=\"\" width=\"300\" height=\"169\" srcset=\"https:\/\/sindsaudeba.org.br\/portal\/wp-content\/uploads\/2023\/01\/fsa-300x169.jpeg 300w, https:\/\/sindsaudeba.org.br\/portal\/wp-content\/uploads\/2023\/01\/fsa-1024x577.jpeg 1024w, https:\/\/sindsaudeba.org.br\/portal\/wp-content\/uploads\/2023\/01\/fsa-768x432.jpeg 768w, https:\/\/sindsaudeba.org.br\/portal\/wp-content\/uploads\/2023\/01\/fsa-1536x865.jpeg 1536w, https:\/\/sindsaudeba.org.br\/portal\/wp-content\/uploads\/2023\/01\/fsa-700x394.jpeg 700w, https:\/\/sindsaudeba.org.br\/portal\/wp-content\/uploads\/2023\/01\/fsa-539x303.jpeg 539w, https:\/\/sindsaudeba.org.br\/portal\/wp-content\/uploads\/2023\/01\/fsa.jpeg 1600w\" sizes=\"(max-width: 300px) 100vw, 300px\" \/>De acordo com as centrais e movimentos sociais desde o ato passam a adotar \u201cestado de mobiliza\u00e7\u00e3o permanente em defesa da democracia\u201d. Todos juntos contra o golpismo.<\/p>\n<p>&nbsp;<\/p>\n","protected":false},"excerpt":{"rendered":"<p>Movimentos populares e sindicais realizaram manifesta\u00e7\u00f5es por todo o Brasil, na segunda-feira (9). Em Feira de Santana \u2013 Bahia, o ato em frente a Prefeitura Municipal de Feira de Santana contou com presen\u00e7a de diversos movimentos sociais, organiza\u00e7\u00f5es n\u00e3o governamentais, sociedade civil, al\u00e9m dos diretores&#8230;<\/p>\n","protected":false},"author":2,"featured_media":17409,"comment_status":"open","ping_status":"open","sticky":false,"template":"","format":"standard","meta":[],"categories":[11,6,7],"tags":[],"amp_validity":null,"amp_enabled":true,"_links":{"self":[{"href":"https:\/\/sindsaudeba.org.br\/portal\/wp-json\/wp\/v2\/posts\/17407"}],"collection":[{"href":"https:\/\/sindsaudeba.org.br\/portal\/wp-json\/wp\/v2\/posts"}],"about":[{"href":"https:\/\/sindsaudeba.org.br\/portal\/wp-json\/wp\/v2\/types\/post"}],"author":[{"embeddable":true,"href":"https:\/\/sindsaudeba.org.br\/portal\/wp-json\/wp\/v2\/users\/2"}],"replies":[{"embeddable":true,"href":"https:\/\/sindsaudeba.org.br\/portal\/wp-json\/wp\/v2\/comments?post=17407"}],"version-history":[{"count":1,"href":"https:\/\/sindsaudeba.org.br\/portal\/wp-json\/wp\/v2\/posts\/17407\/revisions"}],"predecessor-version":[{"id":17410,"href":"https:\/\/sindsaudeba.org.br\/portal\/wp-json\/wp\/v2\/posts\/17407\/revisions\/17410"}],"wp:featuredmedia":[{"embeddable":true,"href":"https:\/\/sindsaudeba.org.br\/portal\/wp-json\/wp\/v2\/media\/17409"}],"wp:attachment":[{"href":"https:\/\/sindsaudeba.org.br\/portal\/wp-json\/wp\/v2\/media?parent=17407"}],"wp:term":[{"taxonomy":"category","embeddable":true,"href":"https:\/\/sindsaudeba.org.br\/portal\/wp-json\/wp\/v2\/categories?post=17407"},{"taxonomy":"post_tag","embeddable":true,"href":"https:\/\/sindsaudeba.org.br\/portal\/wp-json\/wp\/v2\/tags?post=17407"}],"curies":[{"name":"wp","href":"https:\/\/api.w.org\/{rel}","templated":true}]}}