{"id":17387,"date":"2023-01-11T09:17:33","date_gmt":"2023-01-11T12:17:33","guid":{"rendered":"https:\/\/sindsaudeba.org.br\/portal\/?p=17387"},"modified":"2023-01-11T09:17:33","modified_gmt":"2023-01-11T12:17:33","slug":"sindsaude-bahia-esteve-presente-em-atos-em-defesa-da-democracia-na-capital-e-cidades-do-interior","status":"publish","type":"post","link":"https:\/\/sindsaudeba.org.br\/portal\/blog\/sindsaude-bahia-esteve-presente-em-atos-em-defesa-da-democracia-na-capital-e-cidades-do-interior\/","title":{"rendered":"Sindsa\u00fade Bahia esteve presente em atos em defesa da Democracia na capital e cidades do interior"},"content":{"rendered":"<p><img loading=\"lazy\" class=\"size-medium wp-image-17388 alignleft\" src=\"https:\/\/sindsaudeba.org.br\/portal\/wp-content\/uploads\/2023\/01\/ato-democ-300x225.jpeg\" alt=\"\" width=\"300\" height=\"225\" srcset=\"https:\/\/sindsaudeba.org.br\/portal\/wp-content\/uploads\/2023\/01\/ato-democ-300x225.jpeg 300w, https:\/\/sindsaudeba.org.br\/portal\/wp-content\/uploads\/2023\/01\/ato-democ-1024x768.jpeg 1024w, https:\/\/sindsaudeba.org.br\/portal\/wp-content\/uploads\/2023\/01\/ato-democ-768x576.jpeg 768w, https:\/\/sindsaudeba.org.br\/portal\/wp-content\/uploads\/2023\/01\/ato-democ-800x600.jpeg 800w, https:\/\/sindsaudeba.org.br\/portal\/wp-content\/uploads\/2023\/01\/ato-democ-700x525.jpeg 700w, https:\/\/sindsaudeba.org.br\/portal\/wp-content\/uploads\/2023\/01\/ato-democ.jpeg 1080w\" sizes=\"(max-width: 300px) 100vw, 300px\" \/><br \/>\nO Sindicato dos Trabalhadores em Sa\u00fade do Estado da Bahia &#8211; Sindsa\u00fade Bahia, filiado \u00e0 Central dos Trabalhadores e trabalhadores do Brasil (CTB) e \u00e0 Confedera\u00e7\u00e3o Nacional dos Trabalhadores da Sa\u00fade (CNTS), ao lado de outras entidades sindicais e centenas de manifestantes, participou de ato em defesa da democracia na tarde desta segunda-feira, 09 de janeiro, em Salvador e tamb\u00e9m em outras cidades do interior, como Feira de Santana, Itabuna e Vit\u00f3ria da Conquista.<\/p>\n<p>A manifesta\u00e7\u00e3o foi uma resposta aos atos golpistas em Bras\u00edlia, quando grupos organizados extremistas de direita invadiram e depredaram as sedes dos Tr\u00eas Poderes, em Bras\u00edlia. Na capital, a presidente Ivanilda Brito e a conselheira fiscal Ana Carina Dunham participaram da caminhada entre as pra\u00e7as do Campo Grande e Castro Alves. Em Feira de Santana, a diretora Dart Clair Cerqueira participou do ato, em frente \u00e0 Prefeitura. Em Vit\u00f3ria da Conquista, o conselheiro fiscal Fabr\u00edcio Santana representou o Sindicato e os trabalhadores da sa\u00fade da regi\u00e3o. <img loading=\"lazy\" class=\"size-medium wp-image-17389 alignright\" src=\"https:\/\/sindsaudeba.org.br\/portal\/wp-content\/uploads\/2023\/01\/WhatsApp-Image-2023-01-10-at-10.10.39-240x300.jpeg\" alt=\"\" width=\"240\" height=\"300\" srcset=\"https:\/\/sindsaudeba.org.br\/portal\/wp-content\/uploads\/2023\/01\/WhatsApp-Image-2023-01-10-at-10.10.39-240x300.jpeg 240w, https:\/\/sindsaudeba.org.br\/portal\/wp-content\/uploads\/2023\/01\/WhatsApp-Image-2023-01-10-at-10.10.39-819x1024.jpeg 819w, https:\/\/sindsaudeba.org.br\/portal\/wp-content\/uploads\/2023\/01\/WhatsApp-Image-2023-01-10-at-10.10.39-768x960.jpeg 768w, https:\/\/sindsaudeba.org.br\/portal\/wp-content\/uploads\/2023\/01\/WhatsApp-Image-2023-01-10-at-10.10.39-1229x1536.jpeg 1229w, https:\/\/sindsaudeba.org.br\/portal\/wp-content\/uploads\/2023\/01\/WhatsApp-Image-2023-01-10-at-10.10.39-700x875.jpeg 700w, https:\/\/sindsaudeba.org.br\/portal\/wp-content\/uploads\/2023\/01\/WhatsApp-Image-2023-01-10-at-10.10.39.jpeg 1280w\" sizes=\"(max-width: 240px) 100vw, 240px\" \/><img loading=\"lazy\" class=\"size-medium wp-image-17390 alignleft\" src=\"https:\/\/sindsaudeba.org.br\/portal\/wp-content\/uploads\/2023\/01\/WhatsApp-Image-2023-01-10-at-11.23.51-300x169.jpeg\" alt=\"\" width=\"300\" height=\"169\" srcset=\"https:\/\/sindsaudeba.org.br\/portal\/wp-content\/uploads\/2023\/01\/WhatsApp-Image-2023-01-10-at-11.23.51-300x169.jpeg 300w, https:\/\/sindsaudeba.org.br\/portal\/wp-content\/uploads\/2023\/01\/WhatsApp-Image-2023-01-10-at-11.23.51-1024x577.jpeg 1024w, https:\/\/sindsaudeba.org.br\/portal\/wp-content\/uploads\/2023\/01\/WhatsApp-Image-2023-01-10-at-11.23.51-768x432.jpeg 768w, https:\/\/sindsaudeba.org.br\/portal\/wp-content\/uploads\/2023\/01\/WhatsApp-Image-2023-01-10-at-11.23.51-1536x865.jpeg 1536w, https:\/\/sindsaudeba.org.br\/portal\/wp-content\/uploads\/2023\/01\/WhatsApp-Image-2023-01-10-at-11.23.51-700x394.jpeg 700w, https:\/\/sindsaudeba.org.br\/portal\/wp-content\/uploads\/2023\/01\/WhatsApp-Image-2023-01-10-at-11.23.51-539x303.jpeg 539w, https:\/\/sindsaudeba.org.br\/portal\/wp-content\/uploads\/2023\/01\/WhatsApp-Image-2023-01-10-at-11.23.51.jpeg 1600w\" sizes=\"(max-width: 300px) 100vw, 300px\" \/><\/p>\n<p>\u201cO momento exige a uni\u00e3o de todos, sejam sindicatos, trabalhadores ou pessoas comuns. Precisamos estar unidos na defesa da democracia, que foi amea\u00e7ada, do Estado de Direto e tamb\u00e9m os direitos de todos os brasileiros que est\u00e3o l\u00e1, garantidos em nossa Constitui\u00e7\u00e3o. N\u00f3s, trabalhadores, n\u00e3o podemos deixar estes atos impunes. Temos que cobrar uma puni\u00e7\u00e3o severa e exemplar aos golpistas. N\u00f3s repudiamos as a\u00e7\u00f5es de viol\u00eancia, depreda\u00e7\u00e3o e amea\u00e7a \u00e0 Democracia ocorridas no domingo em Bras\u00edlia\u201d, acrescentou Ivanilda Brito.<\/p>\n<p><a class=\"x1i10hfl xjbqb8w x6umtig x1b1mbwd xaqea5y xav7gou x9f619 x1ypdohk xt0psk2 xe8uvvx xdj266r x11i5rnm xat24cr x1mh8g0r xexx8yu x4uap5 x18d9i69 xkhd6sd x16tdsg8 x1hl2dhg xggy1nq x1a2a7pz  _aa9_ _a6hd\" role=\"link\" href=\"https:\/\/www.instagram.com\/explore\/tags\/sindsaudebacuida\/\">#sindsaudebaCuida<\/a><br \/>\n<a class=\"x1i10hfl xjbqb8w x6umtig x1b1mbwd xaqea5y xav7gou x9f619 x1ypdohk xt0psk2 xe8uvvx xdj266r x11i5rnm xat24cr x1mh8g0r xexx8yu x4uap5 x18d9i69 xkhd6sd x16tdsg8 x1hl2dhg xggy1nq x1a2a7pz  _aa9_ _a6hd\" role=\"link\" href=\"https:\/\/www.instagram.com\/explore\/tags\/servidorespublicosba\/\">#servidorespublicosba<\/a><br \/>\n<a class=\"x1i10hfl xjbqb8w x6umtig x1b1mbwd xaqea5y xav7gou x9f619 x1ypdohk xt0psk2 xe8uvvx xdj266r x11i5rnm xat24cr x1mh8g0r xexx8yu x4uap5 x18d9i69 xkhd6sd x16tdsg8 x1hl2dhg xggy1nq x1a2a7pz  _aa9_ _a6hd\" role=\"link\" href=\"https:\/\/www.instagram.com\/explore\/tags\/sindsaudeba\/\">#sindsaudeBa<\/a><br \/>\n<a class=\"x1i10hfl xjbqb8w x6umtig x1b1mbwd xaqea5y xav7gou x9f619 x1ypdohk xt0psk2 xe8uvvx xdj266r x11i5rnm xat24cr x1mh8g0r xexx8yu x4uap5 x18d9i69 xkhd6sd x16tdsg8 x1hl2dhg xggy1nq x1a2a7pz  _aa9_ _a6hd\" role=\"link\" href=\"https:\/\/www.instagram.com\/explore\/tags\/vamosjuntoscontruirnossahistoria\/\">#vamosjuntoscontruirnossahistoria<\/a><br \/>\n<a class=\"x1i10hfl xjbqb8w x6umtig x1b1mbwd xaqea5y xav7gou x9f619 x1ypdohk xt0psk2 xe8uvvx xdj266r x11i5rnm xat24cr x1mh8g0r xexx8yu x4uap5 x18d9i69 xkhd6sd x16tdsg8 x1hl2dhg xggy1nq x1a2a7pz  _aa9_ _a6hd\" role=\"link\" href=\"https:\/\/www.instagram.com\/explore\/tags\/juntossomosmaisfortes\/\">#juntossomosmaisfortes<\/a><br \/>\n<a class=\"x1i10hfl xjbqb8w x6umtig x1b1mbwd xaqea5y xav7gou x9f619 x1ypdohk xt0psk2 xe8uvvx xdj266r x11i5rnm xat24cr x1mh8g0r xexx8yu x4uap5 x18d9i69 xkhd6sd x16tdsg8 x1hl2dhg xggy1nq x1a2a7pz  _aa9_ _a6hd\" role=\"link\" href=\"https:\/\/www.instagram.com\/explore\/tags\/servidorpublicoadministrativo\/\">#servidorpublicoadministrativo<\/a><br \/>\n<a class=\"x1i10hfl xjbqb8w x6umtig x1b1mbwd xaqea5y xav7gou x9f619 x1ypdohk xt0psk2 xe8uvvx xdj266r x11i5rnm xat24cr x1mh8g0r xexx8yu x4uap5 x18d9i69 xkhd6sd x16tdsg8 x1hl2dhg xggy1nq x1a2a7pz  _aa9_ _a6hd\" role=\"link\" href=\"https:\/\/www.instagram.com\/explore\/tags\/servidorespublicos\/\">#servidorespublicos<\/a><\/p>\n","protected":false},"excerpt":{"rendered":"<p>O Sindicato dos Trabalhadores em Sa\u00fade do Estado da Bahia &#8211; Sindsa\u00fade Bahia, filiado \u00e0 Central dos Trabalhadores e trabalhadores do Brasil (CTB) e \u00e0 Confedera\u00e7\u00e3o Nacional dos Trabalhadores da Sa\u00fade (CNTS), ao lado de outras entidades sindicais e centenas de manifestantes, participou de ato&#8230;<\/p>\n","protected":false},"author":2,"featured_media":17388,"comment_status":"open","ping_status":"open","sticky":false,"template":"","format":"standard","meta":[],"categories":[11,6,7],"tags":[],"amp_validity":null,"amp_enabled":true,"_links":{"self":[{"href":"https:\/\/sindsaudeba.org.br\/portal\/wp-json\/wp\/v2\/posts\/17387"}],"collection":[{"href":"https:\/\/sindsaudeba.org.br\/portal\/wp-json\/wp\/v2\/posts"}],"about":[{"href":"https:\/\/sindsaudeba.org.br\/portal\/wp-json\/wp\/v2\/types\/post"}],"author":[{"embeddable":true,"href":"https:\/\/sindsaudeba.org.br\/portal\/wp-json\/wp\/v2\/users\/2"}],"replies":[{"embeddable":true,"href":"https:\/\/sindsaudeba.org.br\/portal\/wp-json\/wp\/v2\/comments?post=17387"}],"version-history":[{"count":1,"href":"https:\/\/sindsaudeba.org.br\/portal\/wp-json\/wp\/v2\/posts\/17387\/revisions"}],"predecessor-version":[{"id":17391,"href":"https:\/\/sindsaudeba.org.br\/portal\/wp-json\/wp\/v2\/posts\/17387\/revisions\/17391"}],"wp:featuredmedia":[{"embeddable":true,"href":"https:\/\/sindsaudeba.org.br\/portal\/wp-json\/wp\/v2\/media\/17388"}],"wp:attachment":[{"href":"https:\/\/sindsaudeba.org.br\/portal\/wp-json\/wp\/v2\/media?parent=17387"}],"wp:term":[{"taxonomy":"category","embeddable":true,"href":"https:\/\/sindsaudeba.org.br\/portal\/wp-json\/wp\/v2\/categories?post=17387"},{"taxonomy":"post_tag","embeddable":true,"href":"https:\/\/sindsaudeba.org.br\/portal\/wp-json\/wp\/v2\/tags?post=17387"}],"curies":[{"name":"wp","href":"https:\/\/api.w.org\/{rel}","templated":true}]}}