{"id":17382,"date":"2023-01-11T09:05:18","date_gmt":"2023-01-11T12:05:18","guid":{"rendered":"https:\/\/sindsaudeba.org.br\/portal\/?p=17382"},"modified":"2023-01-11T09:05:18","modified_gmt":"2023-01-11T12:05:18","slug":"sindsaude-bahia-se-reune-com-o-vice-prefeito-e-representante-de-servidores-para-discutir-o-pccv-de-mucuge","status":"publish","type":"post","link":"https:\/\/sindsaudeba.org.br\/portal\/blog\/sindsaude-bahia-se-reune-com-o-vice-prefeito-e-representante-de-servidores-para-discutir-o-pccv-de-mucuge\/","title":{"rendered":"Sindsa\u00fade Bahia se re\u00fane com o Vice-Prefeito e Representante de Servidores para Discutir o PCCV de Mucug\u00ea"},"content":{"rendered":"<p><img loading=\"lazy\" class=\"size-medium wp-image-17383 alignleft\" src=\"https:\/\/sindsaudeba.org.br\/portal\/wp-content\/uploads\/2023\/01\/mucuge-300x212.jpg\" alt=\"\" width=\"300\" height=\"212\" srcset=\"https:\/\/sindsaudeba.org.br\/portal\/wp-content\/uploads\/2023\/01\/mucuge-300x212.jpg 300w, https:\/\/sindsaudeba.org.br\/portal\/wp-content\/uploads\/2023\/01\/mucuge-1024x724.jpg 1024w, https:\/\/sindsaudeba.org.br\/portal\/wp-content\/uploads\/2023\/01\/mucuge-768x543.jpg 768w, https:\/\/sindsaudeba.org.br\/portal\/wp-content\/uploads\/2023\/01\/mucuge-1536x1086.jpg 1536w, https:\/\/sindsaudeba.org.br\/portal\/wp-content\/uploads\/2023\/01\/mucuge-2048x1448.jpg 2048w, https:\/\/sindsaudeba.org.br\/portal\/wp-content\/uploads\/2023\/01\/mucuge-700x495.jpg 700w\" sizes=\"(max-width: 300px) 100vw, 300px\" \/>O Sindicato dos Trabalhadores em Sa\u00fade do Estado da Bahia \u2013 Sindsa\u00fade Bahia, filiado \u00e0 Central dos Trabalhadores e Trabalhadoras do Brasil (CTB) e \u00e0 Confedera\u00e7\u00e3o Nacional dos Trabalhadores na Sa\u00fade (CNTS), entidade que atua na defesa dos direitos e garantias dos servidores em sa\u00fade, se reuniu nesta ter\u00e7a-feira, 10 de janeiro, \u00e0s 15h, de modo online com o vice-prefeito e Secret\u00e1rio de Administra\u00e7\u00e3o e Finan\u00e7as de Mucug\u00ea, Leandro Profeta e com a servidora Maria Almeida, representante da Comiss\u00e3o dos Servidores de Mucug\u00ea. Pelo Sindsa\u00fade Bahia, participaram a presidente Ivanilda Brito, o advogado Jean Oliveira e a assessora de RH Juc\u00e9lia Fernandes. <img loading=\"lazy\" class=\" wp-image-17384 alignright\" src=\"https:\/\/sindsaudeba.org.br\/portal\/wp-content\/uploads\/2023\/01\/mucuge-132x300.jpeg\" alt=\"\" width=\"182\" height=\"414\" srcset=\"https:\/\/sindsaudeba.org.br\/portal\/wp-content\/uploads\/2023\/01\/mucuge-132x300.jpeg 132w, https:\/\/sindsaudeba.org.br\/portal\/wp-content\/uploads\/2023\/01\/mucuge-449x1024.jpeg 449w, https:\/\/sindsaudeba.org.br\/portal\/wp-content\/uploads\/2023\/01\/mucuge-674x1536.jpeg 674w, https:\/\/sindsaudeba.org.br\/portal\/wp-content\/uploads\/2023\/01\/mucuge-700x1595.jpeg 700w, https:\/\/sindsaudeba.org.br\/portal\/wp-content\/uploads\/2023\/01\/mucuge.jpeg 702w\" sizes=\"(max-width: 182px) 100vw, 182px\" \/><\/p>\n<p>Na ocasi\u00e3o foi apresentado o novo Projeto de Lei que far\u00e1 a corre\u00e7\u00e3o do Projeto de Lei anterior, que trata do PCCV dos servidores de Mucug\u00ea. Durante a reuni\u00e3o foi apresentada tamb\u00e9m a tabela de vencimentos atualizada pelo DIEESE.<\/p>\n<p>Por fim, ficou acordada uma nova reuni\u00e3o a ser realizada presencialmente, no munic\u00edpio de Mucug\u00ea, para o pr\u00f3ximo dia 26 de janeiro, \u00e0s 9h, onde ser\u00e1 apresentado o impacto financeiro da tabela proposta para o munic\u00edpio.<\/p>\n<p>O Sindsa\u00fade Bahia segue na luta, buscando a implanta\u00e7\u00e3o do PCCV com enquadramento e avalia\u00e7\u00e3o de desempenho para contemplar os servidores de Mucug\u00ea que aguardam h\u00e1 anos esse benef\u00edcio.<\/p>\n<p>#AVit\u00f3riaEst\u00e1Pr\u00f3ximaServidores!<br \/>\n#VamosJuntosConstruirNossaHist\u00f3ria!<\/p>\n","protected":false},"excerpt":{"rendered":"<p>O Sindicato dos Trabalhadores em Sa\u00fade do Estado da Bahia \u2013 Sindsa\u00fade Bahia, filiado \u00e0 Central dos Trabalhadores e Trabalhadoras do Brasil (CTB) e \u00e0 Confedera\u00e7\u00e3o Nacional dos Trabalhadores na Sa\u00fade (CNTS), entidade que atua na defesa dos direitos e garantias dos servidores em sa\u00fade,&#8230;<\/p>\n","protected":false},"author":2,"featured_media":17383,"comment_status":"open","ping_status":"open","sticky":false,"template":"","format":"standard","meta":[],"categories":[11,6,7],"tags":[],"amp_validity":null,"amp_enabled":true,"_links":{"self":[{"href":"https:\/\/sindsaudeba.org.br\/portal\/wp-json\/wp\/v2\/posts\/17382"}],"collection":[{"href":"https:\/\/sindsaudeba.org.br\/portal\/wp-json\/wp\/v2\/posts"}],"about":[{"href":"https:\/\/sindsaudeba.org.br\/portal\/wp-json\/wp\/v2\/types\/post"}],"author":[{"embeddable":true,"href":"https:\/\/sindsaudeba.org.br\/portal\/wp-json\/wp\/v2\/users\/2"}],"replies":[{"embeddable":true,"href":"https:\/\/sindsaudeba.org.br\/portal\/wp-json\/wp\/v2\/comments?post=17382"}],"version-history":[{"count":1,"href":"https:\/\/sindsaudeba.org.br\/portal\/wp-json\/wp\/v2\/posts\/17382\/revisions"}],"predecessor-version":[{"id":17385,"href":"https:\/\/sindsaudeba.org.br\/portal\/wp-json\/wp\/v2\/posts\/17382\/revisions\/17385"}],"wp:featuredmedia":[{"embeddable":true,"href":"https:\/\/sindsaudeba.org.br\/portal\/wp-json\/wp\/v2\/media\/17383"}],"wp:attachment":[{"href":"https:\/\/sindsaudeba.org.br\/portal\/wp-json\/wp\/v2\/media?parent=17382"}],"wp:term":[{"taxonomy":"category","embeddable":true,"href":"https:\/\/sindsaudeba.org.br\/portal\/wp-json\/wp\/v2\/categories?post=17382"},{"taxonomy":"post_tag","embeddable":true,"href":"https:\/\/sindsaudeba.org.br\/portal\/wp-json\/wp\/v2\/tags?post=17382"}],"curies":[{"name":"wp","href":"https:\/\/api.w.org\/{rel}","templated":true}]}}