{"id":17378,"date":"2023-01-09T13:53:56","date_gmt":"2023-01-09T16:53:56","guid":{"rendered":"https:\/\/sindsaudeba.org.br\/portal\/?p=17378"},"modified":"2023-01-09T13:53:56","modified_gmt":"2023-01-09T16:53:56","slug":"atos-pela-democracia-em-salvador-feira-de-santana-e-itabuna-confirmados","status":"publish","type":"post","link":"https:\/\/sindsaudeba.org.br\/portal\/blog\/atos-pela-democracia-em-salvador-feira-de-santana-e-itabuna-confirmados\/","title":{"rendered":"Atos pela democracia em Salvador, Feira de Santana e Itabuna #Confirmados"},"content":{"rendered":"<p><img loading=\"lazy\" class=\"size-medium wp-image-17379 alignleft\" src=\"https:\/\/sindsaudeba.org.br\/portal\/wp-content\/uploads\/2023\/01\/ato-campo-grande-16h-300x163.jpg\" alt=\"\" width=\"300\" height=\"163\" srcset=\"https:\/\/sindsaudeba.org.br\/portal\/wp-content\/uploads\/2023\/01\/ato-campo-grande-16h-300x163.jpg 300w, https:\/\/sindsaudeba.org.br\/portal\/wp-content\/uploads\/2023\/01\/ato-campo-grande-16h-1024x557.jpg 1024w, https:\/\/sindsaudeba.org.br\/portal\/wp-content\/uploads\/2023\/01\/ato-campo-grande-16h-768x417.jpg 768w, https:\/\/sindsaudeba.org.br\/portal\/wp-content\/uploads\/2023\/01\/ato-campo-grande-16h-1536x835.jpg 1536w, https:\/\/sindsaudeba.org.br\/portal\/wp-content\/uploads\/2023\/01\/ato-campo-grande-16h-2048x1113.jpg 2048w, https:\/\/sindsaudeba.org.br\/portal\/wp-content\/uploads\/2023\/01\/ato-campo-grande-16h-700x381.jpg 700w\" sizes=\"(max-width: 300px) 100vw, 300px\" \/><\/p>\n<p>O Sindsa\u00fade Bahia chama todos (as) servidores (as) p\u00fablicos da Bahia em Salvador e Feira de Santana a estarem nas ruas nesta segunda-feira, 9 de janeiro, \u00e0s 16h, em Salvador-Ba, concentra\u00e7\u00e3o na Pra\u00e7a do Campo Grande, em Feira de Santana, \u00e0s 17 horas, concentra\u00e7\u00e3o no Estacionamento em frente a Prefeitura Municipal de Feira de Santana, em Itabuna, acontece \u00e0s 16h, na Pra\u00e7a Adami.<\/p>\n<p>N\u00e3o toleraremos nenhum ataque ao Estado Democr\u00e1tico de Direito, e mostraremos nas ruas a for\u00e7a do poder popular! \u00a0De acordo com a presidente do sindicato, Ivanilda Brito, \u201cJunte-se a n\u00f3s na luta pela democracia! \u2013 estou assustada ainda com as cenas de terror e vamos voltar a normalidade e debater as pautas do Brasil, como: piso salarial da enfermagem, melhorar o SUS, mais seguran\u00e7a, concursos p\u00fablicos para sa\u00fade, e outros\u201d.<\/p>\n<p>&nbsp;<\/p>\n","protected":false},"excerpt":{"rendered":"<p>O Sindsa\u00fade Bahia chama todos (as) servidores (as) p\u00fablicos da Bahia em Salvador e Feira de Santana a estarem nas ruas nesta segunda-feira, 9 de janeiro, \u00e0s 16h, em Salvador-Ba, concentra\u00e7\u00e3o na Pra\u00e7a do Campo Grande, em Feira de Santana, \u00e0s 17 horas, concentra\u00e7\u00e3o no&#8230;<\/p>\n","protected":false},"author":2,"featured_media":17379,"comment_status":"open","ping_status":"open","sticky":false,"template":"","format":"standard","meta":[],"categories":[11,6,7],"tags":[],"amp_validity":null,"amp_enabled":true,"_links":{"self":[{"href":"https:\/\/sindsaudeba.org.br\/portal\/wp-json\/wp\/v2\/posts\/17378"}],"collection":[{"href":"https:\/\/sindsaudeba.org.br\/portal\/wp-json\/wp\/v2\/posts"}],"about":[{"href":"https:\/\/sindsaudeba.org.br\/portal\/wp-json\/wp\/v2\/types\/post"}],"author":[{"embeddable":true,"href":"https:\/\/sindsaudeba.org.br\/portal\/wp-json\/wp\/v2\/users\/2"}],"replies":[{"embeddable":true,"href":"https:\/\/sindsaudeba.org.br\/portal\/wp-json\/wp\/v2\/comments?post=17378"}],"version-history":[{"count":1,"href":"https:\/\/sindsaudeba.org.br\/portal\/wp-json\/wp\/v2\/posts\/17378\/revisions"}],"predecessor-version":[{"id":17380,"href":"https:\/\/sindsaudeba.org.br\/portal\/wp-json\/wp\/v2\/posts\/17378\/revisions\/17380"}],"wp:featuredmedia":[{"embeddable":true,"href":"https:\/\/sindsaudeba.org.br\/portal\/wp-json\/wp\/v2\/media\/17379"}],"wp:attachment":[{"href":"https:\/\/sindsaudeba.org.br\/portal\/wp-json\/wp\/v2\/media?parent=17378"}],"wp:term":[{"taxonomy":"category","embeddable":true,"href":"https:\/\/sindsaudeba.org.br\/portal\/wp-json\/wp\/v2\/categories?post=17378"},{"taxonomy":"post_tag","embeddable":true,"href":"https:\/\/sindsaudeba.org.br\/portal\/wp-json\/wp\/v2\/tags?post=17378"}],"curies":[{"name":"wp","href":"https:\/\/api.w.org\/{rel}","templated":true}]}}