{"id":17374,"date":"2023-01-09T12:57:24","date_gmt":"2023-01-09T15:57:24","guid":{"rendered":"https:\/\/sindsaudeba.org.br\/portal\/?p=17374"},"modified":"2023-01-09T13:12:22","modified_gmt":"2023-01-09T16:12:22","slug":"nota-de-repudio-as-invasoes-e-depredacoes-dos-predios-de-congresso-nacional-do-palacio-do-planalto-e-do-stf","status":"publish","type":"post","link":"https:\/\/sindsaudeba.org.br\/portal\/blog\/nota-de-repudio-as-invasoes-e-depredacoes-dos-predios-de-congresso-nacional-do-palacio-do-planalto-e-do-stf\/","title":{"rendered":"Nota de rep\u00fadio \u00e0s invas\u00f5es e depreda\u00e7\u00f5es dos pr\u00e9dios de Congresso Nacional, do Pal\u00e1cio do Planalto e do STF."},"content":{"rendered":"<p>O Sindsa\u00fade Bahia, que representa os Trabalhadores e<\/p>\n<p>m Sa\u00fade do Estado da Bahia, repudia veementemente os atos terroristas e criminosos contra os poderes constitu\u00eddos do Brasil, ocorridos em Bras\u00edlia.<br \/>\nNosso sindicato reafirma o compromisso com a Democracia e com o Estado de Direito em nosso pa\u00eds e se posiciona firmemente pela imediata apura\u00e7\u00e3o e puni\u00e7\u00e3o dos respons\u00e1veis por tais atos de viol\u00eancia, depreda\u00e7\u00e3o, vandalismo e destrui\u00e7\u00e3o \u00e0 Democracia sejam punidos de forma exemplar de acordo com a lei.<br \/>\nDemocracia hoje e sempre!<\/p>\n<p>Sindicato dos Trabalhadores em Sa\u00fade do estado da Bahia \u2013 Sindsa\u00fade Bahia<\/p>\n<p><img loading=\"lazy\" class=\"alignnone size-medium wp-image-17375\" src=\"https:\/\/sindsaudeba.org.br\/portal\/wp-content\/uploads\/2023\/01\/nota-repudio-300x300.jpeg\" alt=\"\" width=\"300\" height=\"300\" srcset=\"https:\/\/sindsaudeba.org.br\/portal\/wp-content\/uploads\/2023\/01\/nota-repudio-300x300.jpeg 300w, https:\/\/sindsaudeba.org.br\/portal\/wp-content\/uploads\/2023\/01\/nota-repudio-1024x1024.jpeg 1024w, https:\/\/sindsaudeba.org.br\/portal\/wp-content\/uploads\/2023\/01\/nota-repudio-150x150.jpeg 150w, https:\/\/sindsaudeba.org.br\/portal\/wp-content\/uploads\/2023\/01\/nota-repudio-768x768.jpeg 768w, https:\/\/sindsaudeba.org.br\/portal\/wp-content\/uploads\/2023\/01\/nota-repudio-570x570.jpeg 570w, https:\/\/sindsaudeba.org.br\/portal\/wp-content\/uploads\/2023\/01\/nota-repudio-500x500.jpeg 500w, https:\/\/sindsaudeba.org.br\/portal\/wp-content\/uploads\/2023\/01\/nota-repudio-1000x1000.jpeg 1000w, https:\/\/sindsaudeba.org.br\/portal\/wp-content\/uploads\/2023\/01\/nota-repudio-700x700.jpeg 700w, https:\/\/sindsaudeba.org.br\/portal\/wp-content\/uploads\/2023\/01\/nota-repudio.jpeg 1080w\" sizes=\"(max-width: 300px) 100vw, 300px\" \/><\/p>\n","protected":false},"excerpt":{"rendered":"<p>O Sindsa\u00fade Bahia, que representa os Trabalhadores e m Sa\u00fade do Estado da Bahia, repudia veementemente os atos terroristas e criminosos contra os poderes constitu\u00eddos do Brasil, ocorridos em Bras\u00edlia. Nosso sindicato reafirma o compromisso com a Democracia e com o Estado de Direito em&#8230;<\/p>\n","protected":false},"author":2,"featured_media":17375,"comment_status":"open","ping_status":"open","sticky":false,"template":"","format":"standard","meta":[],"categories":[11,6,7],"tags":[],"amp_validity":null,"amp_enabled":true,"_links":{"self":[{"href":"https:\/\/sindsaudeba.org.br\/portal\/wp-json\/wp\/v2\/posts\/17374"}],"collection":[{"href":"https:\/\/sindsaudeba.org.br\/portal\/wp-json\/wp\/v2\/posts"}],"about":[{"href":"https:\/\/sindsaudeba.org.br\/portal\/wp-json\/wp\/v2\/types\/post"}],"author":[{"embeddable":true,"href":"https:\/\/sindsaudeba.org.br\/portal\/wp-json\/wp\/v2\/users\/2"}],"replies":[{"embeddable":true,"href":"https:\/\/sindsaudeba.org.br\/portal\/wp-json\/wp\/v2\/comments?post=17374"}],"version-history":[{"count":1,"href":"https:\/\/sindsaudeba.org.br\/portal\/wp-json\/wp\/v2\/posts\/17374\/revisions"}],"predecessor-version":[{"id":17376,"href":"https:\/\/sindsaudeba.org.br\/portal\/wp-json\/wp\/v2\/posts\/17374\/revisions\/17376"}],"wp:featuredmedia":[{"embeddable":true,"href":"https:\/\/sindsaudeba.org.br\/portal\/wp-json\/wp\/v2\/media\/17375"}],"wp:attachment":[{"href":"https:\/\/sindsaudeba.org.br\/portal\/wp-json\/wp\/v2\/media?parent=17374"}],"wp:term":[{"taxonomy":"category","embeddable":true,"href":"https:\/\/sindsaudeba.org.br\/portal\/wp-json\/wp\/v2\/categories?post=17374"},{"taxonomy":"post_tag","embeddable":true,"href":"https:\/\/sindsaudeba.org.br\/portal\/wp-json\/wp\/v2\/tags?post=17374"}],"curies":[{"name":"wp","href":"https:\/\/api.w.org\/{rel}","templated":true}]}}