{"id":17370,"date":"2023-01-05T23:06:59","date_gmt":"2023-01-06T02:06:59","guid":{"rendered":"https:\/\/sindsaudeba.org.br\/portal\/?p=17370"},"modified":"2023-01-05T23:09:12","modified_gmt":"2023-01-06T02:09:12","slug":"contagem-regressiva-12-de-janeiro-sindsaude-ba-na-tradicional-lavagem-do-bonfim","status":"publish","type":"post","link":"https:\/\/sindsaudeba.org.br\/portal\/blog\/contagem-regressiva-12-de-janeiro-sindsaude-ba-na-tradicional-lavagem-do-bonfim\/","title":{"rendered":"Contagem regressiva! 12 de janeiro, Sindsa\u00fade Ba na tradicional Lavagem do Bonfim."},"content":{"rendered":"<p>Ap\u00f3s 2 anos sem acontecer esse ano o cortejo deve reunir uma multid\u00e3o de fi\u00e9is e milhares de servidores(as) para a tradicional caminhada at\u00e9 a colina sagrada.<br \/>\nA diretoria do Sindsa\u00fade Ba convida a todos(as) a participar da Caminhada na Lavagem do Bonfim, no dia 12 de janeiro, concentra\u00e7\u00e3o: 8h, na Pra\u00e7a da Inglaterra, saindo em caminhada at\u00e9 a Igreja do Senhor do Bonfim. Esse ano as pautas de luta pelos direitos dos servidores p\u00fablicos s\u00e3o: 48,5% de aumento #Eutamb\u00e9mQuero, URV, Piso Salarial da Enfermagem, Insalubridade, Concurso P\u00fablico e SUS e Planserv mais forte.<br \/>\n#LavagemdoBonfim #Sindsa\u00fadeBa #12dejaneiro #Eutamb\u00e9mQuero #SESAB #SUS<\/p>\n<p><img loading=\"lazy\" class=\"alignnone size-medium wp-image-17371\" src=\"https:\/\/sindsaudeba.org.br\/portal\/wp-content\/uploads\/2023\/01\/card-corte-ate-fechar-300x271.jpeg\" alt=\"\" width=\"300\" height=\"271\" srcset=\"https:\/\/sindsaudeba.org.br\/portal\/wp-content\/uploads\/2023\/01\/card-corte-ate-fechar-300x271.jpeg 300w, https:\/\/sindsaudeba.org.br\/portal\/wp-content\/uploads\/2023\/01\/card-corte-ate-fechar-1024x926.jpeg 1024w, https:\/\/sindsaudeba.org.br\/portal\/wp-content\/uploads\/2023\/01\/card-corte-ate-fechar-768x694.jpeg 768w, https:\/\/sindsaudeba.org.br\/portal\/wp-content\/uploads\/2023\/01\/card-corte-ate-fechar-700x633.jpeg 700w, https:\/\/sindsaudeba.org.br\/portal\/wp-content\/uploads\/2023\/01\/card-corte-ate-fechar.jpeg 1084w\" sizes=\"(max-width: 300px) 100vw, 300px\" \/><\/p>\n","protected":false},"excerpt":{"rendered":"<p>Ap\u00f3s 2 anos sem acontecer esse ano o cortejo deve reunir uma multid\u00e3o de fi\u00e9is e milhares de servidores(as) para a tradicional caminhada at\u00e9 a colina sagrada. A diretoria do Sindsa\u00fade Ba convida a todos(as) a participar da Caminhada na Lavagem do Bonfim, no dia&#8230;<\/p>\n","protected":false},"author":2,"featured_media":17371,"comment_status":"open","ping_status":"open","sticky":false,"template":"","format":"standard","meta":[],"categories":[11,6,7],"tags":[],"amp_validity":null,"amp_enabled":true,"_links":{"self":[{"href":"https:\/\/sindsaudeba.org.br\/portal\/wp-json\/wp\/v2\/posts\/17370"}],"collection":[{"href":"https:\/\/sindsaudeba.org.br\/portal\/wp-json\/wp\/v2\/posts"}],"about":[{"href":"https:\/\/sindsaudeba.org.br\/portal\/wp-json\/wp\/v2\/types\/post"}],"author":[{"embeddable":true,"href":"https:\/\/sindsaudeba.org.br\/portal\/wp-json\/wp\/v2\/users\/2"}],"replies":[{"embeddable":true,"href":"https:\/\/sindsaudeba.org.br\/portal\/wp-json\/wp\/v2\/comments?post=17370"}],"version-history":[{"count":1,"href":"https:\/\/sindsaudeba.org.br\/portal\/wp-json\/wp\/v2\/posts\/17370\/revisions"}],"predecessor-version":[{"id":17372,"href":"https:\/\/sindsaudeba.org.br\/portal\/wp-json\/wp\/v2\/posts\/17370\/revisions\/17372"}],"wp:featuredmedia":[{"embeddable":true,"href":"https:\/\/sindsaudeba.org.br\/portal\/wp-json\/wp\/v2\/media\/17371"}],"wp:attachment":[{"href":"https:\/\/sindsaudeba.org.br\/portal\/wp-json\/wp\/v2\/media?parent=17370"}],"wp:term":[{"taxonomy":"category","embeddable":true,"href":"https:\/\/sindsaudeba.org.br\/portal\/wp-json\/wp\/v2\/categories?post=17370"},{"taxonomy":"post_tag","embeddable":true,"href":"https:\/\/sindsaudeba.org.br\/portal\/wp-json\/wp\/v2\/tags?post=17370"}],"curies":[{"name":"wp","href":"https:\/\/api.w.org\/{rel}","templated":true}]}}