{"id":16394,"date":"2021-09-03T23:50:18","date_gmt":"2021-09-04T02:50:18","guid":{"rendered":"https:\/\/sindsaudeba.org.br\/portal\/?p=16394"},"modified":"2021-09-03T23:50:18","modified_gmt":"2021-09-04T02:50:18","slug":"sindsaudeba-dialoga-com-servidores-do-icom","status":"publish","type":"post","link":"https:\/\/sindsaudeba.org.br\/portal\/blog\/sindsaudeba-dialoga-com-servidores-do-icom\/","title":{"rendered":"SindSa\u00fadeBa dialoga com servidores do ICOM."},"content":{"rendered":"<p><img loading=\"lazy\" class=\"size-medium wp-image-16395 alignleft\" src=\"https:\/\/sindsaudeba.org.br\/portal\/wp-content\/uploads\/2021\/09\/WhatsApp-Image-2021-09-03-at-16.14.20-300x225.jpeg\" alt=\"\" width=\"300\" height=\"225\" srcset=\"https:\/\/sindsaudeba.org.br\/portal\/wp-content\/uploads\/2021\/09\/WhatsApp-Image-2021-09-03-at-16.14.20-300x225.jpeg 300w, https:\/\/sindsaudeba.org.br\/portal\/wp-content\/uploads\/2021\/09\/WhatsApp-Image-2021-09-03-at-16.14.20-1024x768.jpeg 1024w, https:\/\/sindsaudeba.org.br\/portal\/wp-content\/uploads\/2021\/09\/WhatsApp-Image-2021-09-03-at-16.14.20-768x576.jpeg 768w, https:\/\/sindsaudeba.org.br\/portal\/wp-content\/uploads\/2021\/09\/WhatsApp-Image-2021-09-03-at-16.14.20-1536x1152.jpeg 1536w, https:\/\/sindsaudeba.org.br\/portal\/wp-content\/uploads\/2021\/09\/WhatsApp-Image-2021-09-03-at-16.14.20-800x600.jpeg 800w, https:\/\/sindsaudeba.org.br\/portal\/wp-content\/uploads\/2021\/09\/WhatsApp-Image-2021-09-03-at-16.14.20-700x525.jpeg 700w, https:\/\/sindsaudeba.org.br\/portal\/wp-content\/uploads\/2021\/09\/WhatsApp-Image-2021-09-03-at-16.14.20.jpeg 1600w\" sizes=\"(max-width: 300px) 100vw, 300px\" \/>\u201cEsclarecer melhor as lutas, alinhas as necessidades dos colegas servidores, revisar processos e contracheques, al\u00e9m de cuidar, ou melhor, apresentar o projeto SindSa\u00fadeBa Cuida\u201d, comentou a presidente Ivanilda Brita.<\/p>\n<p>&nbsp;<\/p>\n<p>Nesta sexta-feira, 03 de setembro, os diretores do SindSa\u00fadeBa visitam o ICOM para dialogar com servidores p\u00fablicos. Na pauta a\u00e7\u00f5es judiciais, planos dos cargos e carreiras, regulamenta\u00e7\u00e3o PCCV, condi\u00e7\u00f5es de trabalho, aposentadorias e revis\u00e3o dos contracheques.<\/p>\n<p>S\u00e3o diferentes formas de atua\u00e7\u00e3o do Sindicato uma das mais ativas est\u00e1 no Jur\u00eddico e Rh. H\u00e1 um debate constantes de como melhorar a rela\u00e7\u00e3o dos servidores p\u00fablicos da SESAB e a entidade.<\/p>\n<p>\u201cO di\u00e1logo com os \u00f3rg\u00e3os do Estado e orientar os servidores p\u00fablico \u00e9 constante. \u00c0s tentativas de melhorar desde os canais de comunica\u00e7\u00e3o at\u00e9 as visitas programadas vem sendo aperfei\u00e7oada e, por isso, estamos abertos ao di\u00e1logo nesta nova gest\u00e3o\u201d, comentou a presidente Ivanilda Brito.<\/p>\n<p>A visita contou com presen\u00e7a do Jur\u00eddico, com Dr Jean, a presidente Ivanilda Brito, a secret\u00e1ria geral, Laurinda Lula e servidores p\u00fablicos do ICOM.\u00a0 \u201cOrientar todos para salvaguardar nossos direitos, j\u00e1 estamos sem reajustes, desconto Funprev, persegui\u00e7\u00e3o atrav\u00e9s das reformas e luta para implantar o PCCV para ADM\u201d, comentou Ivanilda.<\/p>\n<p><img loading=\"lazy\" class=\"size-medium wp-image-16396 alignright\" src=\"https:\/\/sindsaudeba.org.br\/portal\/wp-content\/uploads\/2021\/09\/WhatsApp-Image-2021-09-03-at-15.40.05-1-300x224.jpeg\" alt=\"\" width=\"300\" height=\"224\" srcset=\"https:\/\/sindsaudeba.org.br\/portal\/wp-content\/uploads\/2021\/09\/WhatsApp-Image-2021-09-03-at-15.40.05-1-300x224.jpeg 300w, https:\/\/sindsaudeba.org.br\/portal\/wp-content\/uploads\/2021\/09\/WhatsApp-Image-2021-09-03-at-15.40.05-1-1024x766.jpeg 1024w, https:\/\/sindsaudeba.org.br\/portal\/wp-content\/uploads\/2021\/09\/WhatsApp-Image-2021-09-03-at-15.40.05-1-768x575.jpeg 768w, https:\/\/sindsaudeba.org.br\/portal\/wp-content\/uploads\/2021\/09\/WhatsApp-Image-2021-09-03-at-15.40.05-1-800x600.jpeg 800w, https:\/\/sindsaudeba.org.br\/portal\/wp-content\/uploads\/2021\/09\/WhatsApp-Image-2021-09-03-at-15.40.05-1-700x524.jpeg 700w, https:\/\/sindsaudeba.org.br\/portal\/wp-content\/uploads\/2021\/09\/WhatsApp-Image-2021-09-03-at-15.40.05-1.jpeg 1160w\" sizes=\"(max-width: 300px) 100vw, 300px\" \/>Durante sua apresenta\u00e7\u00e3o, o setor jur\u00eddico do SindSaudeBa, chefiado pela servidora p\u00fablica, Joana Evangelista, orientado por Dr Jean, \u2013 que iniciou sua fala pontuando as maiores reclama\u00e7\u00f5es x orienta\u00e7\u00f5es que recebemos na sede. Em seguida, alertou sobre os ataques direcionados aos Direitos aos Servidores P\u00fablicos, principalmente neste momento atual com a PEC32 e as minis reformas.<\/p>\n<p>\u201cTemos que exercer o direito de resist\u00eancia. Eu espero que os servidores p\u00fablicos da SESAB desconstruam algumas coisas sobre o SindSa\u00fadeBa, agora estamos em nova luta e precisamos de unidade, dialogar conosco para podermos melhorar o atendimento na capital e interior, assim como trabalhadores conseguindo uma unidade maior, n\u00f3s n\u00e3o vamos parar de lutar.\u201d, alertou.<\/p>\n<p>O Sindsa\u00fadeBa ressaltou que \u201cN\u00e3o h\u00e1 democracia sem a dignidade humana. Toda e qualquer atua\u00e7\u00e3o deveria levar em considera\u00e7\u00e3o esse pensamento. No dia a dia n\u00e3o vemos isso. A hist\u00f3ria do Brasil est\u00e1 repleta dessas coisas, n\u00e3o podemos viver em Fakes News isso vai nos destruir e levar a uma cat\u00e1strofe social\u201d.<\/p>\n<p><img loading=\"lazy\" class=\"alignnone size-medium wp-image-16397\" src=\"https:\/\/sindsaudeba.org.br\/portal\/wp-content\/uploads\/2021\/09\/WhatsApp-Image-2021-09-03-at-15.40.05-300x224.jpeg\" alt=\"\" width=\"300\" height=\"224\" srcset=\"https:\/\/sindsaudeba.org.br\/portal\/wp-content\/uploads\/2021\/09\/WhatsApp-Image-2021-09-03-at-15.40.05-300x224.jpeg 300w, https:\/\/sindsaudeba.org.br\/portal\/wp-content\/uploads\/2021\/09\/WhatsApp-Image-2021-09-03-at-15.40.05-1024x766.jpeg 1024w, https:\/\/sindsaudeba.org.br\/portal\/wp-content\/uploads\/2021\/09\/WhatsApp-Image-2021-09-03-at-15.40.05-768x575.jpeg 768w, https:\/\/sindsaudeba.org.br\/portal\/wp-content\/uploads\/2021\/09\/WhatsApp-Image-2021-09-03-at-15.40.05-800x600.jpeg 800w, https:\/\/sindsaudeba.org.br\/portal\/wp-content\/uploads\/2021\/09\/WhatsApp-Image-2021-09-03-at-15.40.05-700x524.jpeg 700w, https:\/\/sindsaudeba.org.br\/portal\/wp-content\/uploads\/2021\/09\/WhatsApp-Image-2021-09-03-at-15.40.05.jpeg 1160w\" sizes=\"(max-width: 300px) 100vw, 300px\" \/><\/p>\n<p>&nbsp;<\/p>\n<p>&nbsp;<\/p>\n<p><img loading=\"lazy\" class=\"alignnone size-medium wp-image-16399\" src=\"https:\/\/sindsaudeba.org.br\/portal\/wp-content\/uploads\/2021\/09\/WhatsApp-Image-2021-09-02-at-10.03.11-199x300.jpeg\" alt=\"\" width=\"199\" height=\"300\" srcset=\"https:\/\/sindsaudeba.org.br\/portal\/wp-content\/uploads\/2021\/09\/WhatsApp-Image-2021-09-02-at-10.03.11-199x300.jpeg 199w, https:\/\/sindsaudeba.org.br\/portal\/wp-content\/uploads\/2021\/09\/WhatsApp-Image-2021-09-02-at-10.03.11-680x1024.jpeg 680w, https:\/\/sindsaudeba.org.br\/portal\/wp-content\/uploads\/2021\/09\/WhatsApp-Image-2021-09-02-at-10.03.11-768x1157.jpeg 768w, https:\/\/sindsaudeba.org.br\/portal\/wp-content\/uploads\/2021\/09\/WhatsApp-Image-2021-09-02-at-10.03.11-700x1054.jpeg 700w, https:\/\/sindsaudeba.org.br\/portal\/wp-content\/uploads\/2021\/09\/WhatsApp-Image-2021-09-02-at-10.03.11.jpeg 850w\" sizes=\"(max-width: 199px) 100vw, 199px\" \/><\/p>\n<p><img loading=\"lazy\" class=\"alignnone  wp-image-16398\" src=\"https:\/\/sindsaudeba.org.br\/portal\/wp-content\/uploads\/2021\/09\/WhatsApp-Image-2021-08-16-at-17.44.14-1-300x300.jpeg\" alt=\"\" width=\"199\" height=\"199\" srcset=\"https:\/\/sindsaudeba.org.br\/portal\/wp-content\/uploads\/2021\/09\/WhatsApp-Image-2021-08-16-at-17.44.14-1-300x300.jpeg 300w, https:\/\/sindsaudeba.org.br\/portal\/wp-content\/uploads\/2021\/09\/WhatsApp-Image-2021-08-16-at-17.44.14-1-1024x1024.jpeg 1024w, https:\/\/sindsaudeba.org.br\/portal\/wp-content\/uploads\/2021\/09\/WhatsApp-Image-2021-08-16-at-17.44.14-1-150x150.jpeg 150w, https:\/\/sindsaudeba.org.br\/portal\/wp-content\/uploads\/2021\/09\/WhatsApp-Image-2021-08-16-at-17.44.14-1-768x768.jpeg 768w, https:\/\/sindsaudeba.org.br\/portal\/wp-content\/uploads\/2021\/09\/WhatsApp-Image-2021-08-16-at-17.44.14-1-570x570.jpeg 570w, https:\/\/sindsaudeba.org.br\/portal\/wp-content\/uploads\/2021\/09\/WhatsApp-Image-2021-08-16-at-17.44.14-1-500x500.jpeg 500w, https:\/\/sindsaudeba.org.br\/portal\/wp-content\/uploads\/2021\/09\/WhatsApp-Image-2021-08-16-at-17.44.14-1-1000x1000.jpeg 1000w, https:\/\/sindsaudeba.org.br\/portal\/wp-content\/uploads\/2021\/09\/WhatsApp-Image-2021-08-16-at-17.44.14-1-700x700.jpeg 700w, https:\/\/sindsaudeba.org.br\/portal\/wp-content\/uploads\/2021\/09\/WhatsApp-Image-2021-08-16-at-17.44.14-1.jpeg 1064w\" sizes=\"(max-width: 199px) 100vw, 199px\" \/><\/p>\n","protected":false},"excerpt":{"rendered":"<p>\u201cEsclarecer melhor as lutas, alinhas as necessidades dos colegas servidores, revisar processos e contracheques, al\u00e9m de cuidar, ou melhor, apresentar o projeto SindSa\u00fadeBa Cuida\u201d, comentou a presidente Ivanilda Brita. &nbsp; Nesta sexta-feira, 03 de setembro, os diretores do SindSa\u00fadeBa visitam o ICOM para dialogar com&#8230;<\/p>\n","protected":false},"author":2,"featured_media":16396,"comment_status":"open","ping_status":"open","sticky":false,"template":"","format":"standard","meta":[],"categories":[11,6,7],"tags":[],"amp_validity":null,"amp_enabled":true,"_links":{"self":[{"href":"https:\/\/sindsaudeba.org.br\/portal\/wp-json\/wp\/v2\/posts\/16394"}],"collection":[{"href":"https:\/\/sindsaudeba.org.br\/portal\/wp-json\/wp\/v2\/posts"}],"about":[{"href":"https:\/\/sindsaudeba.org.br\/portal\/wp-json\/wp\/v2\/types\/post"}],"author":[{"embeddable":true,"href":"https:\/\/sindsaudeba.org.br\/portal\/wp-json\/wp\/v2\/users\/2"}],"replies":[{"embeddable":true,"href":"https:\/\/sindsaudeba.org.br\/portal\/wp-json\/wp\/v2\/comments?post=16394"}],"version-history":[{"count":1,"href":"https:\/\/sindsaudeba.org.br\/portal\/wp-json\/wp\/v2\/posts\/16394\/revisions"}],"predecessor-version":[{"id":16400,"href":"https:\/\/sindsaudeba.org.br\/portal\/wp-json\/wp\/v2\/posts\/16394\/revisions\/16400"}],"wp:featuredmedia":[{"embeddable":true,"href":"https:\/\/sindsaudeba.org.br\/portal\/wp-json\/wp\/v2\/media\/16396"}],"wp:attachment":[{"href":"https:\/\/sindsaudeba.org.br\/portal\/wp-json\/wp\/v2\/media?parent=16394"}],"wp:term":[{"taxonomy":"category","embeddable":true,"href":"https:\/\/sindsaudeba.org.br\/portal\/wp-json\/wp\/v2\/categories?post=16394"},{"taxonomy":"post_tag","embeddable":true,"href":"https:\/\/sindsaudeba.org.br\/portal\/wp-json\/wp\/v2\/tags?post=16394"}],"curies":[{"name":"wp","href":"https:\/\/api.w.org\/{rel}","templated":true}]}}