{"id":16231,"date":"2021-07-07T18:12:45","date_gmt":"2021-07-07T21:12:45","guid":{"rendered":"https:\/\/sindsaudeba.org.br\/portal\/?p=16231"},"modified":"2021-07-07T18:12:45","modified_gmt":"2021-07-07T21:12:45","slug":"servidores-publicos-de-ilheus-aprovam-estado-de-greve","status":"publish","type":"post","link":"https:\/\/sindsaudeba.org.br\/portal\/blog\/servidores-publicos-de-ilheus-aprovam-estado-de-greve\/","title":{"rendered":"Servidores P\u00fablicos de Ilh\u00e9us aprovam \u201cEstado de Greve\u201d."},"content":{"rendered":"<p><img loading=\"lazy\" class=\"size-medium wp-image-16232 alignleft\" src=\"https:\/\/sindsaudeba.org.br\/portal\/wp-content\/uploads\/2021\/07\/b55c8a2b-ec8c-4678-b01f-7b23ba416807-300x103.jpg\" alt=\"\" width=\"300\" height=\"103\" srcset=\"https:\/\/sindsaudeba.org.br\/portal\/wp-content\/uploads\/2021\/07\/b55c8a2b-ec8c-4678-b01f-7b23ba416807-300x103.jpg 300w, https:\/\/sindsaudeba.org.br\/portal\/wp-content\/uploads\/2021\/07\/b55c8a2b-ec8c-4678-b01f-7b23ba416807-1024x352.jpg 1024w, https:\/\/sindsaudeba.org.br\/portal\/wp-content\/uploads\/2021\/07\/b55c8a2b-ec8c-4678-b01f-7b23ba416807-768x264.jpg 768w, https:\/\/sindsaudeba.org.br\/portal\/wp-content\/uploads\/2021\/07\/b55c8a2b-ec8c-4678-b01f-7b23ba416807-700x241.jpg 700w, https:\/\/sindsaudeba.org.br\/portal\/wp-content\/uploads\/2021\/07\/b55c8a2b-ec8c-4678-b01f-7b23ba416807.jpg 1280w\" sizes=\"(max-width: 300px) 100vw, 300px\" \/><\/p>\n<p>Na tarde desta quarta-feira, 07 de julho, os trabalhadores da sa\u00fade servidores p\u00fablicos da SESAB aprovaram a defini\u00e7\u00e3o de assembleia permanente (que pode ser chamada a qualquer momento virtual) e decretaram\u00a0<em>\u201cEstado de Greve\u201d<\/em>. A medida \u00e9 uma resposta a Secretaria de Sa\u00fade do Estado da Bahia (SESAB) e a Administra\u00e7\u00e3o Municipal de Ilh\u00e9us que, at\u00e9 o presente momento, n\u00e3o apresentaram uma proposta que atendesse os anseios da categoria devido a municipaliza\u00e7\u00e3o e que n\u00e3o traga preju\u00edzos aos servidores da \u00e1rea e que os mesmos n\u00e3o ser\u00e3o prejudicados em seus direitos, situa\u00e7\u00e3o que \u00e9 questionada pelos servidores e sindicato da categoria.<\/p>\n<p><em><img loading=\"lazy\" class=\"size-medium wp-image-16233 alignright\" src=\"https:\/\/sindsaudeba.org.br\/portal\/wp-content\/uploads\/2021\/07\/3f6b8c57-80c9-4bc9-b62e-df9ce0651d51-300x169.jpg\" alt=\"\" width=\"300\" height=\"169\" srcset=\"https:\/\/sindsaudeba.org.br\/portal\/wp-content\/uploads\/2021\/07\/3f6b8c57-80c9-4bc9-b62e-df9ce0651d51-300x169.jpg 300w, https:\/\/sindsaudeba.org.br\/portal\/wp-content\/uploads\/2021\/07\/3f6b8c57-80c9-4bc9-b62e-df9ce0651d51-1024x576.jpg 1024w, https:\/\/sindsaudeba.org.br\/portal\/wp-content\/uploads\/2021\/07\/3f6b8c57-80c9-4bc9-b62e-df9ce0651d51-768x432.jpg 768w, https:\/\/sindsaudeba.org.br\/portal\/wp-content\/uploads\/2021\/07\/3f6b8c57-80c9-4bc9-b62e-df9ce0651d51-700x394.jpg 700w, https:\/\/sindsaudeba.org.br\/portal\/wp-content\/uploads\/2021\/07\/3f6b8c57-80c9-4bc9-b62e-df9ce0651d51-539x303.jpg 539w, https:\/\/sindsaudeba.org.br\/portal\/wp-content\/uploads\/2021\/07\/3f6b8c57-80c9-4bc9-b62e-df9ce0651d51.jpg 1280w\" sizes=\"(max-width: 300px) 100vw, 300px\" \/>\u201cA categoria est\u00e1 disposta a cruzar os bra\u00e7os e parar o sistema de sa\u00fade na regi\u00e3o. At\u00e9 aqui, t\u00ednhamos a garantia dos nossos direitos, n\u00e3o merecemos perder nenhum valor\u201d, pontuou a Rita de Cassia servidora preocupada.<\/em><\/p>\n<p><em>\u00a0<\/em><em>\u201cEstamos com todos os servidores municipalizados, a proposta \u00e9 reposi\u00e7\u00e3o esse m\u00eas dos proventos, somos servidores do Estado da Bahia, trabalhamos em prol da sa\u00fade \u2013 SUS \u2013 e v\u00ea essa situa\u00e7\u00e3o \u00e9 p\u00e9ssima, s\u00f3 queremos que a SESAB reponha e coloque todos no local prometido o mais r\u00e1pido\u201d<\/em>, afirmou a presidente do sindicato, Ivanilda Brito.<\/p>\n<p><img loading=\"lazy\" class=\"alignnone size-medium wp-image-16234\" src=\"https:\/\/sindsaudeba.org.br\/portal\/wp-content\/uploads\/2021\/07\/0a34eaa1-2f86-4686-a51b-b4b2fc6e03ad-225x300.jpg\" alt=\"\" width=\"225\" height=\"300\" srcset=\"https:\/\/sindsaudeba.org.br\/portal\/wp-content\/uploads\/2021\/07\/0a34eaa1-2f86-4686-a51b-b4b2fc6e03ad-225x300.jpg 225w, https:\/\/sindsaudeba.org.br\/portal\/wp-content\/uploads\/2021\/07\/0a34eaa1-2f86-4686-a51b-b4b2fc6e03ad-766x1024.jpg 766w, https:\/\/sindsaudeba.org.br\/portal\/wp-content\/uploads\/2021\/07\/0a34eaa1-2f86-4686-a51b-b4b2fc6e03ad-768x1026.jpg 768w, https:\/\/sindsaudeba.org.br\/portal\/wp-content\/uploads\/2021\/07\/0a34eaa1-2f86-4686-a51b-b4b2fc6e03ad-600x800.jpg 600w, https:\/\/sindsaudeba.org.br\/portal\/wp-content\/uploads\/2021\/07\/0a34eaa1-2f86-4686-a51b-b4b2fc6e03ad-700x935.jpg 700w, https:\/\/sindsaudeba.org.br\/portal\/wp-content\/uploads\/2021\/07\/0a34eaa1-2f86-4686-a51b-b4b2fc6e03ad.jpg 958w\" sizes=\"(max-width: 225px) 100vw, 225px\" \/><img loading=\"lazy\" class=\"alignnone size-medium wp-image-16235\" src=\"https:\/\/sindsaudeba.org.br\/portal\/wp-content\/uploads\/2021\/07\/06b9da42-245c-4ad5-bff5-d415f007376c-225x300.jpg\" alt=\"\" width=\"225\" height=\"300\" srcset=\"https:\/\/sindsaudeba.org.br\/portal\/wp-content\/uploads\/2021\/07\/06b9da42-245c-4ad5-bff5-d415f007376c-225x300.jpg 225w, https:\/\/sindsaudeba.org.br\/portal\/wp-content\/uploads\/2021\/07\/06b9da42-245c-4ad5-bff5-d415f007376c-766x1024.jpg 766w, https:\/\/sindsaudeba.org.br\/portal\/wp-content\/uploads\/2021\/07\/06b9da42-245c-4ad5-bff5-d415f007376c-768x1026.jpg 768w, https:\/\/sindsaudeba.org.br\/portal\/wp-content\/uploads\/2021\/07\/06b9da42-245c-4ad5-bff5-d415f007376c-600x800.jpg 600w, https:\/\/sindsaudeba.org.br\/portal\/wp-content\/uploads\/2021\/07\/06b9da42-245c-4ad5-bff5-d415f007376c-700x935.jpg 700w, https:\/\/sindsaudeba.org.br\/portal\/wp-content\/uploads\/2021\/07\/06b9da42-245c-4ad5-bff5-d415f007376c.jpg 958w\" sizes=\"(max-width: 225px) 100vw, 225px\" \/><\/p>\n<p>A categoria aprovou em assembleia permanente (que pode ser chamada a qualquer momento virtual) e decretaram\u00a0<em>\u201cEstado de Greve\u201d, j\u00e1 para pr\u00f3xima semana<\/em>.<\/p>\n<p>Acompanhem pelas redes sociais do SindSa\u00fadeBa.<\/p>\n","protected":false},"excerpt":{"rendered":"<p>Na tarde desta quarta-feira, 07 de julho, os trabalhadores da sa\u00fade servidores p\u00fablicos da SESAB aprovaram a defini\u00e7\u00e3o de assembleia permanente (que pode ser chamada a qualquer momento virtual) e decretaram\u00a0\u201cEstado de Greve\u201d. A medida \u00e9 uma resposta a Secretaria de Sa\u00fade do Estado da&#8230;<\/p>\n","protected":false},"author":2,"featured_media":16233,"comment_status":"open","ping_status":"open","sticky":false,"template":"","format":"standard","meta":[],"categories":[11,6,7],"tags":[],"amp_validity":null,"amp_enabled":true,"_links":{"self":[{"href":"https:\/\/sindsaudeba.org.br\/portal\/wp-json\/wp\/v2\/posts\/16231"}],"collection":[{"href":"https:\/\/sindsaudeba.org.br\/portal\/wp-json\/wp\/v2\/posts"}],"about":[{"href":"https:\/\/sindsaudeba.org.br\/portal\/wp-json\/wp\/v2\/types\/post"}],"author":[{"embeddable":true,"href":"https:\/\/sindsaudeba.org.br\/portal\/wp-json\/wp\/v2\/users\/2"}],"replies":[{"embeddable":true,"href":"https:\/\/sindsaudeba.org.br\/portal\/wp-json\/wp\/v2\/comments?post=16231"}],"version-history":[{"count":1,"href":"https:\/\/sindsaudeba.org.br\/portal\/wp-json\/wp\/v2\/posts\/16231\/revisions"}],"predecessor-version":[{"id":16236,"href":"https:\/\/sindsaudeba.org.br\/portal\/wp-json\/wp\/v2\/posts\/16231\/revisions\/16236"}],"wp:featuredmedia":[{"embeddable":true,"href":"https:\/\/sindsaudeba.org.br\/portal\/wp-json\/wp\/v2\/media\/16233"}],"wp:attachment":[{"href":"https:\/\/sindsaudeba.org.br\/portal\/wp-json\/wp\/v2\/media?parent=16231"}],"wp:term":[{"taxonomy":"category","embeddable":true,"href":"https:\/\/sindsaudeba.org.br\/portal\/wp-json\/wp\/v2\/categories?post=16231"},{"taxonomy":"post_tag","embeddable":true,"href":"https:\/\/sindsaudeba.org.br\/portal\/wp-json\/wp\/v2\/tags?post=16231"}],"curies":[{"name":"wp","href":"https:\/\/api.w.org\/{rel}","templated":true}]}}