{"id":16215,"date":"2021-07-05T21:40:47","date_gmt":"2021-07-06T00:40:47","guid":{"rendered":"https:\/\/sindsaudeba.org.br\/portal\/?p=16215"},"modified":"2021-07-05T22:16:13","modified_gmt":"2021-07-06T01:16:13","slug":"sindicatos-da-saude-realizam-carreata-pelo-nao-fechamento-do-hospital-otavio-mangabeira","status":"publish","type":"post","link":"https:\/\/sindsaudeba.org.br\/portal\/blog\/sindicatos-da-saude-realizam-carreata-pelo-nao-fechamento-do-hospital-otavio-mangabeira\/","title":{"rendered":"Sindicatos realizam carreata pelo n\u00e3o fechamento do Hospital Ot\u00e1vio Mangabeira"},"content":{"rendered":"<p>&nbsp;<\/p>\n<p><img loading=\"lazy\" class=\"alignnone size-medium wp-image-16216\" src=\"https:\/\/sindsaudeba.org.br\/portal\/wp-content\/uploads\/2021\/07\/WhatsApp-Image-2021-07-05-at-19.56.22-300x300.jpeg\" alt=\"\" width=\"300\" height=\"300\" srcset=\"https:\/\/sindsaudeba.org.br\/portal\/wp-content\/uploads\/2021\/07\/WhatsApp-Image-2021-07-05-at-19.56.22-300x300.jpeg 300w, https:\/\/sindsaudeba.org.br\/portal\/wp-content\/uploads\/2021\/07\/WhatsApp-Image-2021-07-05-at-19.56.22-1024x1020.jpeg 1024w, https:\/\/sindsaudeba.org.br\/portal\/wp-content\/uploads\/2021\/07\/WhatsApp-Image-2021-07-05-at-19.56.22-150x150.jpeg 150w, https:\/\/sindsaudeba.org.br\/portal\/wp-content\/uploads\/2021\/07\/WhatsApp-Image-2021-07-05-at-19.56.22-768x765.jpeg 768w, https:\/\/sindsaudeba.org.br\/portal\/wp-content\/uploads\/2021\/07\/WhatsApp-Image-2021-07-05-at-19.56.22-570x570.jpeg 570w, https:\/\/sindsaudeba.org.br\/portal\/wp-content\/uploads\/2021\/07\/WhatsApp-Image-2021-07-05-at-19.56.22-500x500.jpeg 500w, https:\/\/sindsaudeba.org.br\/portal\/wp-content\/uploads\/2021\/07\/WhatsApp-Image-2021-07-05-at-19.56.22-1000x1000.jpeg 1000w, https:\/\/sindsaudeba.org.br\/portal\/wp-content\/uploads\/2021\/07\/WhatsApp-Image-2021-07-05-at-19.56.22-700x697.jpeg 700w, https:\/\/sindsaudeba.org.br\/portal\/wp-content\/uploads\/2021\/07\/WhatsApp-Image-2021-07-05-at-19.56.22.jpeg 1081w\" sizes=\"(max-width: 300px) 100vw, 300px\" \/>Carreta pela n\u00e3o extin\u00e7\u00e3o do HEOM<\/p>\n<p>07\/07 \u2013 08:00<\/p>\n<p>Concentra\u00e7\u00e3o \u2013 HEOM &#8211; Pra\u00e7a Conselheiro Jo\u00e3o Alfredo, S\/N &#8211; Pau Mi\u00fado, Salvador &#8211; BA<\/p>\n<p>&nbsp;<\/p>\n<p>Em meio a pandemia da covid19, o governo da Bahia, atrav\u00e9s da Secretaria de Sa\u00fade, O Governo do Estado da Bahia tomou a decis\u00e3o de realizar uma ampla reforma nas instala\u00e7\u00f5es do Hospital Especializado Ot\u00e1vio Mangabeira \u2013 HEOM, devido ao processo de desgaste em alguns pontos da infraestrutura. A reforma \u00e9 aprovada pelos servidores que atuam na unidade, mas a forma como o processo est\u00e1 sendo feito, deixando muitas d\u00favidas e o que requer mais esclarecimentos, tem deixado os profissionais preocupados e sem resposta aos questionamentos. A previs\u00e3o \u00e9 de que o fechamento do hospital aconte\u00e7a no pr\u00f3ximo dia 12 de julho. Na unidade v\u00e3o permanecer apenas a atividade ambulatorial e algum suporte de laborat\u00f3rio. A obra de reforma do HEOM est\u00e1 prevista para durar entre 10 e 12 meses.<\/p>\n<p>Para evitar a extin\u00e7\u00e3o da unidade e preocupados com o futuro dos servidores p\u00fablicos da SESAB e os trabalhadores no geral, na pr\u00f3xima quarta-feira, 07 de julho, as entidades como, o Sindicato dos Trabalhadores em Sa\u00fade, Sindsa\u00fade Bahia, Sindicato dos Enfermeiros da Bahia, Seeb Ba, Sindicato dos Farmac\u00eauticos do Estado da Bahia, Sindifarma Ba, Sindicato dos M\u00e9dicos do Estado da Bahia, Sindimed Ba e o Sindicato dos trabalhadores em Sa\u00fade da Rede Privada, Sindisa\u00faderp realizam uma carreata.<\/p>\n<p>A concentra\u00e7\u00e3o est\u00e1 marcada para \u00e0s 8 horas da manh\u00e3, em frente ao Hospital Ot\u00e1vio Mangabeira e vai seguir at\u00e9 a Sesab, onde ser\u00e1 entregue o secret\u00e1rio F\u00e1bio Villas Boas, um documento com a posi\u00e7\u00e3o dos servidores da unidade, contra o fechamento do hospital que vai levar a transfer\u00eancia de profissionais de forma unilateral, que vai ocasionar perdas salarias de benef\u00edcios como insalubridade e GID.<\/p>\n<p>A pauta do movimento n\u00e3o se limita apenas ao fechamento da unidade e a transfer\u00eancia dos servidores, mas garantia de assist\u00eancia aos pacientes e tamb\u00e9m a terceiriza\u00e7\u00e3o da m\u00e3o de obra e o n\u00e3o enfraquecimento do SUS.<\/p>\n<p>&nbsp;<\/p>\n<p><em>Informa\u00e7\u00f5es:<\/em><\/p>\n<p><em>Ivanilda Brito \u2013 71 &#8211; 99938-7595<\/em><\/p>\n<p><em>Aladilce de Souza \u2013 71 &#8211; 99968-5755<\/em><\/p>\n<p><em>Dijalma Rossi \u2013 71 &#8211; 98860-4250<\/em><\/p>\n<p>Jelber Cedraz \u2013 75 \u2013 99169-9962<\/p>\n<p>&nbsp;<\/p>\n<p>Segue um resumo de como come\u00e7ou o processo de fechamento do HEOM<\/p>\n<p>&nbsp;<\/p>\n<p>Em janeiro \/2011, a profa. Ana Carolina Bierrenbach da Faculdade de Arquitetura da UFBA, ex-coordenadora do DOCOMOMO, elaborou proposta para o IPAC com a finalidade do tombamento do HEOM como patrim\u00f4nio hist\u00f3rico da Bahia, devido ao seu projeto arquitet\u00f4nico de import\u00e2ncia nacional e mundial.<\/p>\n<p>&nbsp;<\/p>\n<p>Em 04\/06 2016 foi solicitado ao IPAC pelo IAB-BA o tombamento do Hospital Santa Terezinha (atual HEOM), pela arquiteta Solange Souza Ara\u00fajo sob registro 0607180010655.<\/p>\n<p>&nbsp;<\/p>\n<p>Em 14\/08\/2018, foi elaborada uma mo\u00e7\u00e3o de apoio pelo tombamento por ocasi\u00e3o do 7\u00ba Semin\u00e1rio Docomomo Norte \/Nordeste em Manaus por especialistas em Hist\u00f3ria e Preserva\u00e7\u00e3o da Arquitetura Moderna.<\/p>\n<p>&nbsp;<\/p>\n<p>Em 03\/09\/2018, elaborado pelo Mestrado Profissional em Conserva\u00e7\u00e3o e Restaura\u00e7\u00e3o de Monumentos Hist\u00f3ricos da UFBA, uma Mo\u00e7\u00e3o de apoio ao tombamento do HEOM e de rep\u00fadio ao projeto de Reforma.<\/p>\n<p>&nbsp;<\/p>\n<p>Em 2018, o Secret\u00e1rio da SESAB divulgou em redes sociais o projeto de reforma sem contemplar a preserva\u00e7\u00e3o dos valores hist\u00f3rico-culturais da Institui\u00e7\u00e3o.<\/p>\n<p>&nbsp;<\/p>\n<p>Em 23\/07\/2019, sem nenhum retorno do IPAC do processo aberto em 04\/06\/2018.<\/p>\n<p>&nbsp;<\/p>\n<p>Em 20\/08\/2019, contato com a JCA (empresa da reforma) que responde \u00e0 Faculdade de Arquitetura da Bahia que o governo da Bahia est\u00e1 desenvolvendo um projeto de reforma com possibilidade imediata de privatiza\u00e7\u00e3o do HEOM, irredut\u00edvel para rediscuss\u00e3o de uma proposta arquitet\u00f4nica conciliadora.<\/p>\n<p>&nbsp;<\/p>\n<p>Em 01\/10\/2019, entrada com Representa\u00e7\u00e3o no MP e o inqu\u00e9rito civil 003.9.208763\/2019.<\/p>\n<p>&nbsp;<\/p>\n<p>Em reuni\u00e3o de 27\/05\/2021, reuni\u00e3o no HEOM com prepostos da SESAB, Srs. C\u00e1ssio Garcia (Assessor), Igor Lob\u00e3o (Diretor Geral de gest\u00e3o), Jana\u00edna Peralta (Superintendente de RH) e Comiss\u00e3o dos Servidores do HEOM, foi informado que n\u00e3o haveria prazo para o in\u00edcio da reforma, se a nova gest\u00e3o seria direta ou indireta e que as transfer\u00eancias poderiam ser para o HGRS, ICOM, HESF.<\/p>\n<p>&nbsp;<\/p>\n<p>Questionada a responder as d\u00favidas dos servidores, a SESAB n\u00e3o informou se os profissionais retornar\u00e3o ao HEOM. N\u00e3o garantiu a insalubridade e a GID dos mesmos. Afirmou que seria de acordo com o destino da unidade de transfer\u00eancia dos profissionais. Foi negado o pedido de continuar com a folha de pagamento do HEOM. Ratificar ao MP a garantia de assist\u00eancia aos pacientes.<\/p>\n<p>&nbsp;<\/p>\n<p>Salvador, 05 de julho de 2021.<\/p>\n<p>&nbsp;<\/p>\n<p>&nbsp;<\/p>\n","protected":false},"excerpt":{"rendered":"<p>&nbsp; Carreta pela n\u00e3o extin\u00e7\u00e3o do HEOM 07\/07 \u2013 08:00 Concentra\u00e7\u00e3o \u2013 HEOM &#8211; Pra\u00e7a Conselheiro Jo\u00e3o Alfredo, S\/N &#8211; Pau Mi\u00fado, Salvador &#8211; BA &nbsp; Em meio a pandemia da covid19, o governo da Bahia, atrav\u00e9s da Secretaria de Sa\u00fade, O Governo do Estado&#8230;<\/p>\n","protected":false},"author":2,"featured_media":16216,"comment_status":"open","ping_status":"open","sticky":false,"template":"","format":"standard","meta":[],"categories":[11,6,7],"tags":[],"amp_validity":null,"amp_enabled":true,"_links":{"self":[{"href":"https:\/\/sindsaudeba.org.br\/portal\/wp-json\/wp\/v2\/posts\/16215"}],"collection":[{"href":"https:\/\/sindsaudeba.org.br\/portal\/wp-json\/wp\/v2\/posts"}],"about":[{"href":"https:\/\/sindsaudeba.org.br\/portal\/wp-json\/wp\/v2\/types\/post"}],"author":[{"embeddable":true,"href":"https:\/\/sindsaudeba.org.br\/portal\/wp-json\/wp\/v2\/users\/2"}],"replies":[{"embeddable":true,"href":"https:\/\/sindsaudeba.org.br\/portal\/wp-json\/wp\/v2\/comments?post=16215"}],"version-history":[{"count":3,"href":"https:\/\/sindsaudeba.org.br\/portal\/wp-json\/wp\/v2\/posts\/16215\/revisions"}],"predecessor-version":[{"id":16219,"href":"https:\/\/sindsaudeba.org.br\/portal\/wp-json\/wp\/v2\/posts\/16215\/revisions\/16219"}],"wp:featuredmedia":[{"embeddable":true,"href":"https:\/\/sindsaudeba.org.br\/portal\/wp-json\/wp\/v2\/media\/16216"}],"wp:attachment":[{"href":"https:\/\/sindsaudeba.org.br\/portal\/wp-json\/wp\/v2\/media?parent=16215"}],"wp:term":[{"taxonomy":"category","embeddable":true,"href":"https:\/\/sindsaudeba.org.br\/portal\/wp-json\/wp\/v2\/categories?post=16215"},{"taxonomy":"post_tag","embeddable":true,"href":"https:\/\/sindsaudeba.org.br\/portal\/wp-json\/wp\/v2\/tags?post=16215"}],"curies":[{"name":"wp","href":"https:\/\/api.w.org\/{rel}","templated":true}]}}