{"id":16180,"date":"2021-06-18T12:44:59","date_gmt":"2021-06-18T15:44:59","guid":{"rendered":"https:\/\/sindsaudeba.org.br\/portal\/?p=16180"},"modified":"2021-06-18T12:44:59","modified_gmt":"2021-06-18T15:44:59","slug":"diretor-pedro-piraja-visita-aaces","status":"publish","type":"post","link":"https:\/\/sindsaudeba.org.br\/portal\/blog\/diretor-pedro-piraja-visita-aaces\/","title":{"rendered":"Diretor Pedro Piraj\u00e1 visita AACES."},"content":{"rendered":"<p><img loading=\"lazy\" class=\"size-medium wp-image-16181 alignleft\" src=\"https:\/\/sindsaudeba.org.br\/portal\/wp-content\/uploads\/2021\/06\/WhatsApp-Image-2021-06-16-at-14.09.41-300x225.jpeg\" alt=\"\" width=\"300\" height=\"225\" srcset=\"https:\/\/sindsaudeba.org.br\/portal\/wp-content\/uploads\/2021\/06\/WhatsApp-Image-2021-06-16-at-14.09.41-300x225.jpeg 300w, https:\/\/sindsaudeba.org.br\/portal\/wp-content\/uploads\/2021\/06\/WhatsApp-Image-2021-06-16-at-14.09.41-1024x768.jpeg 1024w, https:\/\/sindsaudeba.org.br\/portal\/wp-content\/uploads\/2021\/06\/WhatsApp-Image-2021-06-16-at-14.09.41-768x576.jpeg 768w, https:\/\/sindsaudeba.org.br\/portal\/wp-content\/uploads\/2021\/06\/WhatsApp-Image-2021-06-16-at-14.09.41-800x600.jpeg 800w, https:\/\/sindsaudeba.org.br\/portal\/wp-content\/uploads\/2021\/06\/WhatsApp-Image-2021-06-16-at-14.09.41-700x525.jpeg 700w, https:\/\/sindsaudeba.org.br\/portal\/wp-content\/uploads\/2021\/06\/WhatsApp-Image-2021-06-16-at-14.09.41.jpeg 1280w\" sizes=\"(max-width: 300px) 100vw, 300px\" \/>Na \u00faltima quarta-feira, 16 de junho, o direto Pedro Piraj\u00e1 (Conselho Fiscal) participou do encontro com a diretoria da Associa\u00e7\u00e3o dos Agentes Comunit\u00e1rios e de Combate as Endemias de Salvador (AACES), com objetivo de fortalecer a luta dos direitos dos trabalhadores na Bahia.<\/p>\n<p>\u201cLembrando que a Campanha Salarial \u00e9 de todos, a luta continua, mesmo em curso debates e articula\u00e7\u00f5es para mesa de negocia\u00e7\u00e3o com Governo do Estado, onde n\u00f3s servidores estamos a 7 anos sem nenhum reajuste, faz-se necess\u00e1rio unir todos para defender nossos direitos\u201d, pontuou Pedro Piraj\u00e1.<\/p>\n<p><img loading=\"lazy\" class=\" wp-image-16182 alignleft\" src=\"https:\/\/sindsaudeba.org.br\/portal\/wp-content\/uploads\/2021\/06\/WhatsApp-Image-2020-06-29-at-11.46.33-300x294.jpg\" alt=\"\" width=\"200\" height=\"196\" srcset=\"https:\/\/sindsaudeba.org.br\/portal\/wp-content\/uploads\/2021\/06\/WhatsApp-Image-2020-06-29-at-11.46.33-300x294.jpg 300w, https:\/\/sindsaudeba.org.br\/portal\/wp-content\/uploads\/2021\/06\/WhatsApp-Image-2020-06-29-at-11.46.33-768x753.jpg 768w, https:\/\/sindsaudeba.org.br\/portal\/wp-content\/uploads\/2021\/06\/WhatsApp-Image-2020-06-29-at-11.46.33-700x686.jpg 700w, https:\/\/sindsaudeba.org.br\/portal\/wp-content\/uploads\/2021\/06\/WhatsApp-Image-2020-06-29-at-11.46.33.jpg 960w\" sizes=\"(max-width: 200px) 100vw, 200px\" \/><\/p>\n<p>Unidade entre todas as entidades pelo trabalhador \u00e9 a \u00fanica forma de vencer os desmontes e ataques aos trabalhadores no Brasil. \u201cO alvo no Brasil s\u00e3o os trabalhadores, por isso, buscar a unidade em todos os campos do trabalho \u00e9 a melhor forma de vencermos e garantir nossos direitos, falo isso, para os CLTistas e os Servidores P\u00fablicos\u201d, comentou a presidente Ivanilda Brito, que reafirmou \u201csomente juntos podemos mudar nossa realidade\u201d.<\/p>\n<p>Associa\u00e7\u00e3o dos Agentes Comunit\u00e1rios e de Combate as Endemias de Salvador (AACES) realiza no dia 21 de Junho, \u00e1s 14 horas no Largo dos Aflitos ao lado da SEMGE onde acontecer\u00e1 a reuni\u00e3o com a gest\u00e3o, por isso colegas voc\u00eas n\u00e3o poder\u00e3o deixar de participar<\/p>\n","protected":false},"excerpt":{"rendered":"<p>Na \u00faltima quarta-feira, 16 de junho, o direto Pedro Piraj\u00e1 (Conselho Fiscal) participou do encontro com a diretoria da Associa\u00e7\u00e3o dos Agentes Comunit\u00e1rios e de Combate as Endemias de Salvador (AACES), com objetivo de fortalecer a luta dos direitos dos trabalhadores na Bahia. \u201cLembrando que&#8230;<\/p>\n","protected":false},"author":2,"featured_media":16181,"comment_status":"open","ping_status":"open","sticky":false,"template":"","format":"standard","meta":[],"categories":[11,6,7],"tags":[],"amp_validity":null,"amp_enabled":true,"_links":{"self":[{"href":"https:\/\/sindsaudeba.org.br\/portal\/wp-json\/wp\/v2\/posts\/16180"}],"collection":[{"href":"https:\/\/sindsaudeba.org.br\/portal\/wp-json\/wp\/v2\/posts"}],"about":[{"href":"https:\/\/sindsaudeba.org.br\/portal\/wp-json\/wp\/v2\/types\/post"}],"author":[{"embeddable":true,"href":"https:\/\/sindsaudeba.org.br\/portal\/wp-json\/wp\/v2\/users\/2"}],"replies":[{"embeddable":true,"href":"https:\/\/sindsaudeba.org.br\/portal\/wp-json\/wp\/v2\/comments?post=16180"}],"version-history":[{"count":1,"href":"https:\/\/sindsaudeba.org.br\/portal\/wp-json\/wp\/v2\/posts\/16180\/revisions"}],"predecessor-version":[{"id":16183,"href":"https:\/\/sindsaudeba.org.br\/portal\/wp-json\/wp\/v2\/posts\/16180\/revisions\/16183"}],"wp:featuredmedia":[{"embeddable":true,"href":"https:\/\/sindsaudeba.org.br\/portal\/wp-json\/wp\/v2\/media\/16181"}],"wp:attachment":[{"href":"https:\/\/sindsaudeba.org.br\/portal\/wp-json\/wp\/v2\/media?parent=16180"}],"wp:term":[{"taxonomy":"category","embeddable":true,"href":"https:\/\/sindsaudeba.org.br\/portal\/wp-json\/wp\/v2\/categories?post=16180"},{"taxonomy":"post_tag","embeddable":true,"href":"https:\/\/sindsaudeba.org.br\/portal\/wp-json\/wp\/v2\/tags?post=16180"}],"curies":[{"name":"wp","href":"https:\/\/api.w.org\/{rel}","templated":true}]}}