{"id":16177,"date":"2021-06-18T12:38:15","date_gmt":"2021-06-18T15:38:15","guid":{"rendered":"https:\/\/sindsaudeba.org.br\/portal\/?p=16177"},"modified":"2021-06-18T12:38:15","modified_gmt":"2021-06-18T15:38:15","slug":"sindsaudeba-fecha-parceria-com-a-unijorge","status":"publish","type":"post","link":"https:\/\/sindsaudeba.org.br\/portal\/blog\/sindsaudeba-fecha-parceria-com-a-unijorge\/","title":{"rendered":"Sindsa\u00fadeBa fecha parceria com a Unijorge."},"content":{"rendered":"<p><img loading=\"lazy\" class=\"size-medium wp-image-16178 alignleft\" src=\"https:\/\/sindsaudeba.org.br\/portal\/wp-content\/uploads\/2021\/06\/Outlook-http___web-300x235.png\" alt=\"\" width=\"300\" height=\"235\" srcset=\"https:\/\/sindsaudeba.org.br\/portal\/wp-content\/uploads\/2021\/06\/Outlook-http___web-300x235.png 300w, https:\/\/sindsaudeba.org.br\/portal\/wp-content\/uploads\/2021\/06\/Outlook-http___web.png 600w\" sizes=\"(max-width: 300px) 100vw, 300px\" \/>O SindSa\u00fadeBa firmou uma parceria com a Faculdade <strong>Unijorge<\/strong>\u00a0(Gradua\u00e7\u00e3o Presencial e EAD, P\u00f3s-gradua\u00e7\u00e3o e Semipresencial) imperd\u00edvel para os associados que desejam realizar uma gradua\u00e7\u00e3o ou especializa\u00e7\u00e3o. O conv\u00eanio garante um desconto especial para os filiados. Maiores informa\u00e7\u00f5es procurar <strong>Fabiane Correna <\/strong>Consultora Comercial do Centro Universit\u00e1rio Jorge Amado [(71) 99611-7031] usando o nosso c\u00f3digo que \u00e9 entregue ao associado por telefone.<\/p>\n<p><img loading=\"lazy\" class=\"size-medium wp-image-16109 alignleft\" src=\"https:\/\/sindsaudeba.org.br\/portal\/wp-content\/uploads\/2021\/05\/WhatsApp-Image-2021-05-12-at-13.40.02-300x169.jpeg\" alt=\"\" width=\"300\" height=\"169\" srcset=\"https:\/\/sindsaudeba.org.br\/portal\/wp-content\/uploads\/2021\/05\/WhatsApp-Image-2021-05-12-at-13.40.02-300x169.jpeg 300w, https:\/\/sindsaudeba.org.br\/portal\/wp-content\/uploads\/2021\/05\/WhatsApp-Image-2021-05-12-at-13.40.02-1024x576.jpeg 1024w, https:\/\/sindsaudeba.org.br\/portal\/wp-content\/uploads\/2021\/05\/WhatsApp-Image-2021-05-12-at-13.40.02-768x432.jpeg 768w, https:\/\/sindsaudeba.org.br\/portal\/wp-content\/uploads\/2021\/05\/WhatsApp-Image-2021-05-12-at-13.40.02-700x394.jpeg 700w, https:\/\/sindsaudeba.org.br\/portal\/wp-content\/uploads\/2021\/05\/WhatsApp-Image-2021-05-12-at-13.40.02-539x303.jpeg 539w, https:\/\/sindsaudeba.org.br\/portal\/wp-content\/uploads\/2021\/05\/WhatsApp-Image-2021-05-12-at-13.40.02.jpeg 1280w\" sizes=\"(max-width: 300px) 100vw, 300px\" \/>\u201cEstamos ampliando as parcerias por toda a Bahia para ajudar os servidores p\u00fablicos da sa\u00fade, quanto mais qualificados seremos mais valorizados\u201d, pontuou a presidente Ivanilda Brito.<\/p>\n<p>Maiores informa\u00e7\u00f5es procurar a recep\u00e7\u00e3o do SindSa\u00fadeBa no Servi\u00e7o de Atendimento para Servidor da Sa\u00fade (SASP), Av. Joana Ang\u00e9lica, 902, s\/304-306, Nazar\u00e9, Salvador-BA sindsaudeba@yahoo.com.br &#8211; Tel.(71) 3266-8940 \/ 8941 \/ 8942<\/p>\n","protected":false},"excerpt":{"rendered":"<p>O SindSa\u00fadeBa firmou uma parceria com a Faculdade Unijorge\u00a0(Gradua\u00e7\u00e3o Presencial e EAD, P\u00f3s-gradua\u00e7\u00e3o e Semipresencial) imperd\u00edvel para os associados que desejam realizar uma gradua\u00e7\u00e3o ou especializa\u00e7\u00e3o. O conv\u00eanio garante um desconto especial para os filiados. Maiores informa\u00e7\u00f5es procurar Fabiane Correna Consultora Comercial do Centro Universit\u00e1rio&#8230;<\/p>\n","protected":false},"author":2,"featured_media":16178,"comment_status":"open","ping_status":"open","sticky":false,"template":"","format":"standard","meta":[],"categories":[11,6,7],"tags":[],"amp_validity":null,"amp_enabled":true,"_links":{"self":[{"href":"https:\/\/sindsaudeba.org.br\/portal\/wp-json\/wp\/v2\/posts\/16177"}],"collection":[{"href":"https:\/\/sindsaudeba.org.br\/portal\/wp-json\/wp\/v2\/posts"}],"about":[{"href":"https:\/\/sindsaudeba.org.br\/portal\/wp-json\/wp\/v2\/types\/post"}],"author":[{"embeddable":true,"href":"https:\/\/sindsaudeba.org.br\/portal\/wp-json\/wp\/v2\/users\/2"}],"replies":[{"embeddable":true,"href":"https:\/\/sindsaudeba.org.br\/portal\/wp-json\/wp\/v2\/comments?post=16177"}],"version-history":[{"count":1,"href":"https:\/\/sindsaudeba.org.br\/portal\/wp-json\/wp\/v2\/posts\/16177\/revisions"}],"predecessor-version":[{"id":16179,"href":"https:\/\/sindsaudeba.org.br\/portal\/wp-json\/wp\/v2\/posts\/16177\/revisions\/16179"}],"wp:featuredmedia":[{"embeddable":true,"href":"https:\/\/sindsaudeba.org.br\/portal\/wp-json\/wp\/v2\/media\/16178"}],"wp:attachment":[{"href":"https:\/\/sindsaudeba.org.br\/portal\/wp-json\/wp\/v2\/media?parent=16177"}],"wp:term":[{"taxonomy":"category","embeddable":true,"href":"https:\/\/sindsaudeba.org.br\/portal\/wp-json\/wp\/v2\/categories?post=16177"},{"taxonomy":"post_tag","embeddable":true,"href":"https:\/\/sindsaudeba.org.br\/portal\/wp-json\/wp\/v2\/tags?post=16177"}],"curies":[{"name":"wp","href":"https:\/\/api.w.org\/{rel}","templated":true}]}}