{"id":16172,"date":"2021-06-15T11:35:53","date_gmt":"2021-06-15T14:35:53","guid":{"rendered":"https:\/\/sindsaudeba.org.br\/portal\/?p=16172"},"modified":"2021-06-15T16:10:30","modified_gmt":"2021-06-15T19:10:30","slug":"diretora-joana-evangelista-participa-do-programa-entre-aspas","status":"publish","type":"post","link":"https:\/\/sindsaudeba.org.br\/portal\/blog\/diretora-joana-evangelista-participa-do-programa-entre-aspas\/","title":{"rendered":"Diretora Joana Evangelista participa do Programa Entre Aspas."},"content":{"rendered":"<p>O Programa Entre Aspas do SindSa\u00fadeBa segue gravando on line e presencial (seguindo todos os protocolos de seguran\u00e7a). Nesta ter\u00e7a-feira, 15 de junho, no Est\u00fadio SindSa\u00fadeBa, para conversar sobre o tema: <strong>Assist\u00eancia Social Durante \u00e0 Pandemia da Covid-19<\/strong>.<\/p>\n<p><img loading=\"lazy\" class=\"size-medium wp-image-16173 alignleft\" src=\"https:\/\/sindsaudeba.org.br\/portal\/wp-content\/uploads\/2021\/06\/entre-aspas-15-06-5-225x300.jpg\" alt=\"\" width=\"225\" height=\"300\" srcset=\"https:\/\/sindsaudeba.org.br\/portal\/wp-content\/uploads\/2021\/06\/entre-aspas-15-06-5-225x300.jpg 225w, https:\/\/sindsaudeba.org.br\/portal\/wp-content\/uploads\/2021\/06\/entre-aspas-15-06-5-768x1024.jpg 768w, https:\/\/sindsaudeba.org.br\/portal\/wp-content\/uploads\/2021\/06\/entre-aspas-15-06-5-1152x1536.jpg 1152w, https:\/\/sindsaudeba.org.br\/portal\/wp-content\/uploads\/2021\/06\/entre-aspas-15-06-5-600x800.jpg 600w, https:\/\/sindsaudeba.org.br\/portal\/wp-content\/uploads\/2021\/06\/entre-aspas-15-06-5-700x933.jpg 700w, https:\/\/sindsaudeba.org.br\/portal\/wp-content\/uploads\/2021\/06\/entre-aspas-15-06-5.jpg 1200w\" sizes=\"(max-width: 225px) 100vw, 225px\" \/><\/p>\n<p>O Programa Entre Aspas vai ao ar no dia 21\/06 (segunda-feira), o link ficar\u00e1 dispon\u00edvel nas redes sociais e no site para acesso remoto dos servidores(as) p\u00fablicos da sa\u00fade e encaminhado para os grupos de WhatsApp da sa\u00fade.<\/p>\n<p>&nbsp;<\/p>\n<p>\u201cAinda que a pol\u00edtica de assist\u00eancia social brasileira tenha avan\u00e7ado nos \u00faltimos 15 anos, sua implementa\u00e7\u00e3o permanece marcada por in\u00fameros problemas &#8211; que se agravam com a chegada de uma pandemia, cujos impactos incidem de maneiras muito distintas na popula\u00e7\u00e3o brasileira em raz\u00e3o das desigualdades sociais hist\u00f3ricas. Nesse cen\u00e1rio, a rede de assist\u00eancia social faz parte de um conjunto essencial de a\u00e7\u00f5es de enfrentamento \u00e0 COVID-19, mas faltam o suporte institucional e os recursos necess\u00e1rios \u00e0 realiza\u00e7\u00e3o deste trabalho de forma adequada. Isso exp\u00f5e n\u00e3o apenas estas profissionais da ponta, como, acima de tudo, os cidad\u00e3os e cidad\u00e3s em situa\u00e7\u00e3o de vulnerabilidade que dependem tanto do trabalho destas profissionais para terem condi\u00e7\u00f5es m\u00ednimas de sobreviv\u00eancia. Em tempos de pandemia, quem cuidar\u00e1 dos cuidadores?\u201d, pontuou Joana Evangelista Diretora do Jur\u00eddico do SindSa\u00fadeBa.<\/p>\n<p><img loading=\"lazy\" class=\"alignnone size-medium wp-image-16174\" src=\"https:\/\/sindsaudeba.org.br\/portal\/wp-content\/uploads\/2021\/06\/entre-aspas-15-06-3-300x169.jpg\" alt=\"\" width=\"300\" height=\"169\" srcset=\"https:\/\/sindsaudeba.org.br\/portal\/wp-content\/uploads\/2021\/06\/entre-aspas-15-06-3-300x169.jpg 300w, https:\/\/sindsaudeba.org.br\/portal\/wp-content\/uploads\/2021\/06\/entre-aspas-15-06-3-1024x576.jpg 1024w, https:\/\/sindsaudeba.org.br\/portal\/wp-content\/uploads\/2021\/06\/entre-aspas-15-06-3-768x432.jpg 768w, https:\/\/sindsaudeba.org.br\/portal\/wp-content\/uploads\/2021\/06\/entre-aspas-15-06-3-1536x864.jpg 1536w, https:\/\/sindsaudeba.org.br\/portal\/wp-content\/uploads\/2021\/06\/entre-aspas-15-06-3-700x394.jpg 700w, https:\/\/sindsaudeba.org.br\/portal\/wp-content\/uploads\/2021\/06\/entre-aspas-15-06-3-539x303.jpg 539w, https:\/\/sindsaudeba.org.br\/portal\/wp-content\/uploads\/2021\/06\/entre-aspas-15-06-3.jpg 1599w\" sizes=\"(max-width: 300px) 100vw, 300px\" \/><\/p>\n<p>Um programa especial e cheio de debate.<\/p>\n<p>Aguardem!<\/p>\n<p>&nbsp;<\/p>\n","protected":false},"excerpt":{"rendered":"<p>O Programa Entre Aspas do SindSa\u00fadeBa segue gravando on line e presencial (seguindo todos os protocolos de seguran\u00e7a). Nesta ter\u00e7a-feira, 15 de junho, no Est\u00fadio SindSa\u00fadeBa, para conversar sobre o tema: Assist\u00eancia Social Durante \u00e0 Pandemia da Covid-19. O Programa Entre Aspas vai ao ar&#8230;<\/p>\n","protected":false},"author":2,"featured_media":16175,"comment_status":"open","ping_status":"open","sticky":false,"template":"","format":"standard","meta":[],"categories":[11,6,7],"tags":[],"amp_validity":null,"amp_enabled":true,"_links":{"self":[{"href":"https:\/\/sindsaudeba.org.br\/portal\/wp-json\/wp\/v2\/posts\/16172"}],"collection":[{"href":"https:\/\/sindsaudeba.org.br\/portal\/wp-json\/wp\/v2\/posts"}],"about":[{"href":"https:\/\/sindsaudeba.org.br\/portal\/wp-json\/wp\/v2\/types\/post"}],"author":[{"embeddable":true,"href":"https:\/\/sindsaudeba.org.br\/portal\/wp-json\/wp\/v2\/users\/2"}],"replies":[{"embeddable":true,"href":"https:\/\/sindsaudeba.org.br\/portal\/wp-json\/wp\/v2\/comments?post=16172"}],"version-history":[{"count":1,"href":"https:\/\/sindsaudeba.org.br\/portal\/wp-json\/wp\/v2\/posts\/16172\/revisions"}],"predecessor-version":[{"id":16176,"href":"https:\/\/sindsaudeba.org.br\/portal\/wp-json\/wp\/v2\/posts\/16172\/revisions\/16176"}],"wp:featuredmedia":[{"embeddable":true,"href":"https:\/\/sindsaudeba.org.br\/portal\/wp-json\/wp\/v2\/media\/16175"}],"wp:attachment":[{"href":"https:\/\/sindsaudeba.org.br\/portal\/wp-json\/wp\/v2\/media?parent=16172"}],"wp:term":[{"taxonomy":"category","embeddable":true,"href":"https:\/\/sindsaudeba.org.br\/portal\/wp-json\/wp\/v2\/categories?post=16172"},{"taxonomy":"post_tag","embeddable":true,"href":"https:\/\/sindsaudeba.org.br\/portal\/wp-json\/wp\/v2\/tags?post=16172"}],"curies":[{"name":"wp","href":"https:\/\/api.w.org\/{rel}","templated":true}]}}