{"id":16167,"date":"2021-06-14T07:51:08","date_gmt":"2021-06-14T10:51:08","guid":{"rendered":"https:\/\/sindsaudeba.org.br\/portal\/?p=16167"},"modified":"2021-06-14T07:51:08","modified_gmt":"2021-06-14T10:51:08","slug":"sindsaudeba-participa-de-ato-nacional-na-defesa-da-pl2564-e-pelo-piso-salarial-da-enfermagem","status":"publish","type":"post","link":"https:\/\/sindsaudeba.org.br\/portal\/blog\/sindsaudeba-participa-de-ato-nacional-na-defesa-da-pl2564-e-pelo-piso-salarial-da-enfermagem\/","title":{"rendered":"SindSa\u00fadeBa participa de ATO NACIONAL na Defesa da PL2564 e pelo Piso Salarial da Enfermagem."},"content":{"rendered":"<p><img loading=\"lazy\" class=\"size-medium wp-image-16168 alignleft\" src=\"https:\/\/sindsaudeba.org.br\/portal\/wp-content\/uploads\/2021\/06\/WhatsApp-Image-2021-06-13-at-09.16.40-300x300.jpeg\" alt=\"\" width=\"300\" height=\"300\" srcset=\"https:\/\/sindsaudeba.org.br\/portal\/wp-content\/uploads\/2021\/06\/WhatsApp-Image-2021-06-13-at-09.16.40-300x300.jpeg 300w, https:\/\/sindsaudeba.org.br\/portal\/wp-content\/uploads\/2021\/06\/WhatsApp-Image-2021-06-13-at-09.16.40-150x150.jpeg 150w, https:\/\/sindsaudeba.org.br\/portal\/wp-content\/uploads\/2021\/06\/WhatsApp-Image-2021-06-13-at-09.16.40-570x570.jpeg 570w, https:\/\/sindsaudeba.org.br\/portal\/wp-content\/uploads\/2021\/06\/WhatsApp-Image-2021-06-13-at-09.16.40-500x500.jpeg 500w, https:\/\/sindsaudeba.org.br\/portal\/wp-content\/uploads\/2021\/06\/WhatsApp-Image-2021-06-13-at-09.16.40-700x701.jpeg 700w, https:\/\/sindsaudeba.org.br\/portal\/wp-content\/uploads\/2021\/06\/WhatsApp-Image-2021-06-13-at-09.16.40.jpeg 720w\" sizes=\"(max-width: 300px) 100vw, 300px\" \/>Ato em Belo Horizonte -MG re\u00fane entidade de todo o Brasil nesta segunda-feira (14\/06).<\/p>\n<p>&nbsp;<\/p>\n<p>\u201cEsgotados, humilhados, perseguidos e at\u00e9 mortos pela falta da valoriza\u00e7\u00e3o\u201d, chama a aten\u00e7\u00e3o da presidente do SindSaudeBa, Ivanilda Brito, que est\u00e1 na cidade de Belo Horizonte, junto com outras entidades para o maior ato nacional em defesa da #PL2564 e pelo Piso Salarial da Enfermagem. Duas atividades est\u00e3o programadas para hoje, 14 de junho de 2021, parte da manh\u00e3, \u00e0s 10h, ser\u00e1 realizada uma coletiva de imprensa no Hotel Dayrell &#8211; Rua Esp\u00edrito Santo,n\u00ba 901, sala Amethyst Ron, a partir das 14 horas, haver\u00e1 um ato na Pra\u00e7a da Esta\u00e7\u00e3o em prol do Projeto de Lei (PL 2564\/2020), que institui o piso salarial nacional do Enfermeiro, do T\u00e9cnico de Enfermagem, do Auxiliar de Enfermagem e da Parteira.<\/p>\n<p><img loading=\"lazy\" class=\"size-medium wp-image-16169 alignleft\" src=\"https:\/\/sindsaudeba.org.br\/portal\/wp-content\/uploads\/2021\/06\/WhatsApp-Image-2021-06-11-at-20.53.32-300x300.jpeg\" alt=\"\" width=\"300\" height=\"300\" srcset=\"https:\/\/sindsaudeba.org.br\/portal\/wp-content\/uploads\/2021\/06\/WhatsApp-Image-2021-06-11-at-20.53.32-300x300.jpeg 300w, https:\/\/sindsaudeba.org.br\/portal\/wp-content\/uploads\/2021\/06\/WhatsApp-Image-2021-06-11-at-20.53.32-1024x1024.jpeg 1024w, https:\/\/sindsaudeba.org.br\/portal\/wp-content\/uploads\/2021\/06\/WhatsApp-Image-2021-06-11-at-20.53.32-150x150.jpeg 150w, https:\/\/sindsaudeba.org.br\/portal\/wp-content\/uploads\/2021\/06\/WhatsApp-Image-2021-06-11-at-20.53.32-768x767.jpeg 768w, https:\/\/sindsaudeba.org.br\/portal\/wp-content\/uploads\/2021\/06\/WhatsApp-Image-2021-06-11-at-20.53.32-570x570.jpeg 570w, https:\/\/sindsaudeba.org.br\/portal\/wp-content\/uploads\/2021\/06\/WhatsApp-Image-2021-06-11-at-20.53.32-500x500.jpeg 500w, https:\/\/sindsaudeba.org.br\/portal\/wp-content\/uploads\/2021\/06\/WhatsApp-Image-2021-06-11-at-20.53.32-1000x1000.jpeg 1000w, https:\/\/sindsaudeba.org.br\/portal\/wp-content\/uploads\/2021\/06\/WhatsApp-Image-2021-06-11-at-20.53.32-700x699.jpeg 700w, https:\/\/sindsaudeba.org.br\/portal\/wp-content\/uploads\/2021\/06\/WhatsApp-Image-2021-06-11-at-20.53.32.jpeg 1086w\" sizes=\"(max-width: 300px) 100vw, 300px\" \/>Os profissionais da sa\u00fade pais e m\u00e3es de fam\u00edlia seguir\u00e3o em carreata at\u00e9 \u00e0 Assembleia Legislativa onde uma comiss\u00e3o representativa das entidades sindicais, juntamente com representantes das centrais e entidades, far\u00e3o o protocolo da pauta da categoria em busca de apoio do legislativo.<\/p>\n<p>\u201cNotificar e continuar a cobrar pelas redes sociais e encaminharemos of\u00edcio para todos os Deputados Estaduais e Federais para que todos os poderem juntos, primeiro, entenda nossa necessidade e depois aprovem em car\u00e1ter de urg\u00eancia e que os Estados e Munic\u00edpios apliquem o Piso Salarial da Enfermagem\u201d, comentou Ivanilda.<\/p>\n<p>Segundo, Ana Carina Dunham do SEEB\/SindSa\u00fadeBahia essa luta \u00e9 de todos.\u201d O PL2564\/2020 vem no sentido de fazer justi\u00e7a para uma categoria que h\u00e1 anos clama por ajuda, que mostra a sua for\u00e7a na Pandemia da Covid-19, onde que mesmo com todos os esfor\u00e7os precisamos de mobiliza\u00e7\u00e3o para garantir os direitos\u201d, pontuou.<\/p>\n<p>Na pauta do Ato: Pl 2564, Piso Salarial, 30 horas semanais para os profissionais da sa\u00fade. \u201cEstamos trabalhando com uma carga hor\u00e1ria elevada, muitas vezes desumana, para salvar vidas. Merecemos respeito e valoriza\u00e7\u00e3o para tamb\u00e9m cuidarmos da nossa sa\u00fade,\u201d afirma a diretora de comunica\u00e7\u00e3o do SindSa\u00fadeBa, Dart Clair.<\/p>\n<p><strong>Todos j\u00e1 se preparando para a paralisa\u00e7\u00e3o nacional da enfermagem no Brasil no dia 30 de junho.<\/strong><\/p>\n<p>&nbsp;<\/p>\n<p><strong>Cen\u00e1rio da categoria na pandemia da Covid-19<\/strong>\u00a0Uma pesquisa realizada pela Funda\u00e7\u00e3o Oswaldo Cruz (Fiocruz) em todo o territ\u00f3rio nacional revelou que 45% dos profissionais da sa\u00fade precisam ter mais de um emprego para se manter e que 14% da for\u00e7a de trabalho que atua na linha de frente do Covid-19 est\u00e3o no limite da exaust\u00e3o.<\/p>\n<p>&nbsp;<\/p>\n<p><strong>Programa\u00e7\u00e3o de 14 de junho de 2021<\/strong><\/p>\n<p>10h \u2013 Coletiva de imprensa &#8211; Hotel Dayrell &#8211; Rua Esp\u00edrito Santo 901, Sala Amethyst Ron<\/p>\n<p>14h \u2013 Concentra\u00e7\u00e3o na Pra\u00e7a da Esta\u00e7\u00e3o \u2013 BH\/MG<\/p>\n<p>16h \u2013 Sa\u00edda da carreata para a Assembleia e entrega do of\u00edcio de paralisa\u00e7\u00e3o nacional no dia 30\/06 em defesa do piso salarial<\/p>\n<p>17h- Entrega do Of\u00edcio para o presidente da ALMG, deputado Agostinho Patrus, com o pedido de apoio ao PL 2564\/20, para o que o mesmo entre na pauta de vota\u00e7\u00e3o do Senado imediatamente e entrega do of\u00edcio da paralisa\u00e7\u00e3o do dia 30\/06\/21. Deste encontro tamb\u00e9m participam representantes da Comiss\u00e3o de Sa\u00fade da ALMG.<\/p>\n<p>&nbsp;<\/p>\n","protected":false},"excerpt":{"rendered":"<p>Ato em Belo Horizonte -MG re\u00fane entidade de todo o Brasil nesta segunda-feira (14\/06). &nbsp; \u201cEsgotados, humilhados, perseguidos e at\u00e9 mortos pela falta da valoriza\u00e7\u00e3o\u201d, chama a aten\u00e7\u00e3o da presidente do SindSaudeBa, Ivanilda Brito, que est\u00e1 na cidade de Belo Horizonte, junto com outras entidades&#8230;<\/p>\n","protected":false},"author":2,"featured_media":16169,"comment_status":"open","ping_status":"open","sticky":false,"template":"","format":"standard","meta":[],"categories":[11,6,7],"tags":[],"amp_validity":null,"amp_enabled":true,"_links":{"self":[{"href":"https:\/\/sindsaudeba.org.br\/portal\/wp-json\/wp\/v2\/posts\/16167"}],"collection":[{"href":"https:\/\/sindsaudeba.org.br\/portal\/wp-json\/wp\/v2\/posts"}],"about":[{"href":"https:\/\/sindsaudeba.org.br\/portal\/wp-json\/wp\/v2\/types\/post"}],"author":[{"embeddable":true,"href":"https:\/\/sindsaudeba.org.br\/portal\/wp-json\/wp\/v2\/users\/2"}],"replies":[{"embeddable":true,"href":"https:\/\/sindsaudeba.org.br\/portal\/wp-json\/wp\/v2\/comments?post=16167"}],"version-history":[{"count":1,"href":"https:\/\/sindsaudeba.org.br\/portal\/wp-json\/wp\/v2\/posts\/16167\/revisions"}],"predecessor-version":[{"id":16170,"href":"https:\/\/sindsaudeba.org.br\/portal\/wp-json\/wp\/v2\/posts\/16167\/revisions\/16170"}],"wp:featuredmedia":[{"embeddable":true,"href":"https:\/\/sindsaudeba.org.br\/portal\/wp-json\/wp\/v2\/media\/16169"}],"wp:attachment":[{"href":"https:\/\/sindsaudeba.org.br\/portal\/wp-json\/wp\/v2\/media?parent=16167"}],"wp:term":[{"taxonomy":"category","embeddable":true,"href":"https:\/\/sindsaudeba.org.br\/portal\/wp-json\/wp\/v2\/categories?post=16167"},{"taxonomy":"post_tag","embeddable":true,"href":"https:\/\/sindsaudeba.org.br\/portal\/wp-json\/wp\/v2\/tags?post=16167"}],"curies":[{"name":"wp","href":"https:\/\/api.w.org\/{rel}","templated":true}]}}