{"id":16163,"date":"2021-06-08T22:15:37","date_gmt":"2021-06-09T01:15:37","guid":{"rendered":"https:\/\/sindsaudeba.org.br\/portal\/?p=16163"},"modified":"2021-06-14T11:36:59","modified_gmt":"2021-06-14T14:36:59","slug":"live-debate-os-desafios-das-mulheres-na-luta-pelos-seus-direitos","status":"publish","type":"post","link":"https:\/\/sindsaudeba.org.br\/portal\/blog\/live-debate-os-desafios-das-mulheres-na-luta-pelos-seus-direitos\/","title":{"rendered":"Live 17\/06 debate os desafios das mulheres na luta pelos seus direitos."},"content":{"rendered":"<p><img loading=\"lazy\" class=\"size-medium wp-image-16164 alignleft\" src=\"https:\/\/sindsaudeba.org.br\/portal\/wp-content\/uploads\/2021\/06\/wp-image-146498681-300x300.jpg\" alt=\"\" width=\"300\" height=\"300\" srcset=\"https:\/\/sindsaudeba.org.br\/portal\/wp-content\/uploads\/2021\/06\/wp-image-146498681-300x300.jpg 300w, https:\/\/sindsaudeba.org.br\/portal\/wp-content\/uploads\/2021\/06\/wp-image-146498681-150x150.jpg 150w, https:\/\/sindsaudeba.org.br\/portal\/wp-content\/uploads\/2021\/06\/wp-image-146498681.jpg 400w\" sizes=\"(max-width: 300px) 100vw, 300px\" \/><\/p>\n<p>O painel de an\u00e1lise sobre \u201cDesafios das Mulheres Sindicalistas no Interior da Bahia\u201d. Acontece no dia 17 de junho, \u00e0s 19 horas, na p\u00e1gina oficial UBMBAHIA, com a presen\u00e7a de Silvana Gon\u00e7alves (UBM Santa Maria da Vit\u00f3ria), Benice Ataide (Presidente SindSEP), Edina Ferreira (APLB SAMAVI), Raimundo Ferreira (Sec do Sindicato Rural de SAMAVI) e a presidente do SindSa\u00fadeBahia Ivanilda Brito.<\/p>\n<p>\u201cA pol\u00edtica e o sindicalismo sempre se caracterizaram como uma situa\u00e7\u00e3o masculinizada, mas a d\u00e9cadas estamos lutando por espa\u00e7os das mulheres, pois s\u00f3 n\u00f3s sabemos de fatos o que precisamos e sabemos defender coletivamente, incluindo os homens, mas precisamos ocupar nossos espa\u00e7os e mostrar nossas habilidades na pol\u00edtica, nas articula\u00e7\u00f5es institucionais, abrindo dialogo com a sociedade e mostrando que \u00e9 uma luta minha e de todos\u201d, pontuou Ivanilda.<\/p>\n<p>As lutas hist\u00f3ricas provam o quanto ainda h\u00e1 desafios a serem vencidos. \u201cO cen\u00e1rio de sucateamento da luta e a sociedade embebedada pelas fakes News deixaram grande parte sem saber que defender direito \u00e9 uma conquista, o nosso bem-estar, perda de direitos e a deteriora\u00e7\u00e3o das condi\u00e7\u00f5es de vida s\u00e3o ligadas diretamente as nossas condi\u00e7\u00f5es de trabalho, quando estamos bem, melhoramos em tudo\u201d, comentou Ivanilda.<\/p>\n<p><img loading=\"lazy\" class=\"alignnone size-medium wp-image-16109\" src=\"https:\/\/sindsaudeba.org.br\/portal\/wp-content\/uploads\/2021\/05\/WhatsApp-Image-2021-05-12-at-13.40.02-300x169.jpeg\" alt=\"\" width=\"300\" height=\"169\" srcset=\"https:\/\/sindsaudeba.org.br\/portal\/wp-content\/uploads\/2021\/05\/WhatsApp-Image-2021-05-12-at-13.40.02-300x169.jpeg 300w, https:\/\/sindsaudeba.org.br\/portal\/wp-content\/uploads\/2021\/05\/WhatsApp-Image-2021-05-12-at-13.40.02-1024x576.jpeg 1024w, https:\/\/sindsaudeba.org.br\/portal\/wp-content\/uploads\/2021\/05\/WhatsApp-Image-2021-05-12-at-13.40.02-768x432.jpeg 768w, https:\/\/sindsaudeba.org.br\/portal\/wp-content\/uploads\/2021\/05\/WhatsApp-Image-2021-05-12-at-13.40.02-700x394.jpeg 700w, https:\/\/sindsaudeba.org.br\/portal\/wp-content\/uploads\/2021\/05\/WhatsApp-Image-2021-05-12-at-13.40.02-539x303.jpeg 539w, https:\/\/sindsaudeba.org.br\/portal\/wp-content\/uploads\/2021\/05\/WhatsApp-Image-2021-05-12-at-13.40.02.jpeg 1280w\" sizes=\"(max-width: 300px) 100vw, 300px\" \/>A live \u00e9 importante para ampliar o debate e os discursos sobre mulheres e seus desafios. \u201c\u00c9 importante levar em conta que abrimos caminhos para a chegada ao poder de governos populares. Fomos e somos resist\u00eancias, n\u00e3o por ser bonito, mas porqu\u00ea \u00e9 uma defesa de todos, normalmente, fic\u00e1vamos invis\u00edveis\u201d, narrou a luta a presidente Ivanilda.<\/p>\n<p>O painel de an\u00e1lise sobre \u201cDesafios das Mulheres Sindicalistas no Interior da Bahia\u201d. Acontece no dia 17 de junho, \u00e0s 19 horas, na p\u00e1gina oficial UBMBAHIA.<\/p>\n<p>&nbsp;<\/p>\n","protected":false},"excerpt":{"rendered":"<p>O painel de an\u00e1lise sobre \u201cDesafios das Mulheres Sindicalistas no Interior da Bahia\u201d. Acontece no dia 17 de junho, \u00e0s 19 horas, na p\u00e1gina oficial UBMBAHIA, com a presen\u00e7a de Silvana Gon\u00e7alves (UBM Santa Maria da Vit\u00f3ria), Benice Ataide (Presidente SindSEP), Edina Ferreira (APLB SAMAVI),&#8230;<\/p>\n","protected":false},"author":2,"featured_media":16164,"comment_status":"open","ping_status":"open","sticky":false,"template":"","format":"standard","meta":[],"categories":[11,6,7],"tags":[],"amp_validity":null,"amp_enabled":true,"_links":{"self":[{"href":"https:\/\/sindsaudeba.org.br\/portal\/wp-json\/wp\/v2\/posts\/16163"}],"collection":[{"href":"https:\/\/sindsaudeba.org.br\/portal\/wp-json\/wp\/v2\/posts"}],"about":[{"href":"https:\/\/sindsaudeba.org.br\/portal\/wp-json\/wp\/v2\/types\/post"}],"author":[{"embeddable":true,"href":"https:\/\/sindsaudeba.org.br\/portal\/wp-json\/wp\/v2\/users\/2"}],"replies":[{"embeddable":true,"href":"https:\/\/sindsaudeba.org.br\/portal\/wp-json\/wp\/v2\/comments?post=16163"}],"version-history":[{"count":2,"href":"https:\/\/sindsaudeba.org.br\/portal\/wp-json\/wp\/v2\/posts\/16163\/revisions"}],"predecessor-version":[{"id":16171,"href":"https:\/\/sindsaudeba.org.br\/portal\/wp-json\/wp\/v2\/posts\/16163\/revisions\/16171"}],"wp:featuredmedia":[{"embeddable":true,"href":"https:\/\/sindsaudeba.org.br\/portal\/wp-json\/wp\/v2\/media\/16164"}],"wp:attachment":[{"href":"https:\/\/sindsaudeba.org.br\/portal\/wp-json\/wp\/v2\/media?parent=16163"}],"wp:term":[{"taxonomy":"category","embeddable":true,"href":"https:\/\/sindsaudeba.org.br\/portal\/wp-json\/wp\/v2\/categories?post=16163"},{"taxonomy":"post_tag","embeddable":true,"href":"https:\/\/sindsaudeba.org.br\/portal\/wp-json\/wp\/v2\/tags?post=16163"}],"curies":[{"name":"wp","href":"https:\/\/api.w.org\/{rel}","templated":true}]}}