{"id":16154,"date":"2021-06-03T16:52:39","date_gmt":"2021-06-03T19:52:39","guid":{"rendered":"https:\/\/sindsaudeba.org.br\/portal\/?p=16154"},"modified":"2021-06-03T16:52:39","modified_gmt":"2021-06-03T19:52:39","slug":"sindsaudeba-na-luta-para-garantir-e-preservar-direitos-dos-servidores-de-amelia-rodrigues","status":"publish","type":"post","link":"https:\/\/sindsaudeba.org.br\/portal\/blog\/sindsaudeba-na-luta-para-garantir-e-preservar-direitos-dos-servidores-de-amelia-rodrigues\/","title":{"rendered":"SindSa\u00fadeBa na luta para garantir e preservar direitos dos servidores de Am\u00e9lia Rodrigues."},"content":{"rendered":"<p>&nbsp;<\/p>\n<p><img loading=\"lazy\" class=\"size-medium wp-image-16155 alignleft\" src=\"https:\/\/sindsaudeba.org.br\/portal\/wp-content\/uploads\/2021\/06\/WhatsApp-Image-2021-06-02-at-19.05.57-300x200.jpeg\" alt=\"\" width=\"300\" height=\"200\" srcset=\"https:\/\/sindsaudeba.org.br\/portal\/wp-content\/uploads\/2021\/06\/WhatsApp-Image-2021-06-02-at-19.05.57-300x200.jpeg 300w, https:\/\/sindsaudeba.org.br\/portal\/wp-content\/uploads\/2021\/06\/WhatsApp-Image-2021-06-02-at-19.05.57-1024x682.jpeg 1024w, https:\/\/sindsaudeba.org.br\/portal\/wp-content\/uploads\/2021\/06\/WhatsApp-Image-2021-06-02-at-19.05.57-768x512.jpeg 768w, https:\/\/sindsaudeba.org.br\/portal\/wp-content\/uploads\/2021\/06\/WhatsApp-Image-2021-06-02-at-19.05.57-700x466.jpeg 700w, https:\/\/sindsaudeba.org.br\/portal\/wp-content\/uploads\/2021\/06\/WhatsApp-Image-2021-06-02-at-19.05.57.jpeg 1280w\" sizes=\"(max-width: 300px) 100vw, 300px\" \/>Na manh\u00e3 de ontem (02\/06) a Diretora do Jur\u00eddico do Sindsa\u00fade-BA, Joana Evangelista, participou de reuni\u00e3o no munic\u00edpio de Am\u00e9lia Rodrigues, juntamente com sua equipe e a de Comunica\u00e7\u00e3o com a presen\u00e7a da Diretora de Comunica\u00e7\u00e3o Dart Clair Cerqueira e o jornalista Jelber Cedraz, com os servidores\/as municipais da sa\u00fade, que v\u00eam enfrentando v\u00e1rios problemas com perdas trabalhistas no munic\u00edpio.<\/p>\n<p>No encontro, o SindSa\u00fadeBa, orientou a cria\u00e7\u00e3o da comiss\u00e3o dos servidores p\u00fablicos da sa\u00fade para dialogar sobre os direitos de todos os servidores, al\u00e9m disso, ampliar a rela\u00e7\u00e3o de di\u00e1logo com a Prefeitura Municipal de Am\u00e9lia Rodrigues.<\/p>\n<p>\u201cO jur\u00eddico do SindSa\u00fadeBa est\u00e1 a disposi\u00e7\u00e3o para acompanhar todos os problemas dos servidores\u201d, pontuou a diretora Joana que salientou, \u201cessa unidade \u00e9 importante para que todos (as) servidores possam entender que nada se consegue sozinho, pois direito adquirido \u00e9 uma luta coletiva e somente com a unidade que vamos conseguir garantir e preservar os direitos\u201d.<\/p>\n<p>Para a diretora de Comunica\u00e7\u00e3o, Dart Clair, campanha de valoriza\u00e7\u00e3o a a\u00e7\u00f5es de mobiliza\u00e7\u00e3o podem ser somadas a luta. \u201cNunca foi f\u00e1cil garantir nossas pautas, mas podemos ampliar com as redes sociais e outros meios de comunica\u00e7\u00e3o dando visibilidade a luta pelos direitos e o importante papel social que um servidor da sa\u00fade presta a cidde\u201d, pontuou Dart.<\/p>\n<p><img loading=\"lazy\" class=\"alignnone  wp-image-16156\" src=\"https:\/\/sindsaudeba.org.br\/portal\/wp-content\/uploads\/2021\/06\/WhatsApp-Image-2021-06-02-at-19.05.58-300x200.jpeg\" alt=\"\" width=\"192\" height=\"128\" srcset=\"https:\/\/sindsaudeba.org.br\/portal\/wp-content\/uploads\/2021\/06\/WhatsApp-Image-2021-06-02-at-19.05.58-300x200.jpeg 300w, https:\/\/sindsaudeba.org.br\/portal\/wp-content\/uploads\/2021\/06\/WhatsApp-Image-2021-06-02-at-19.05.58-1024x682.jpeg 1024w, https:\/\/sindsaudeba.org.br\/portal\/wp-content\/uploads\/2021\/06\/WhatsApp-Image-2021-06-02-at-19.05.58-768x512.jpeg 768w, https:\/\/sindsaudeba.org.br\/portal\/wp-content\/uploads\/2021\/06\/WhatsApp-Image-2021-06-02-at-19.05.58-700x466.jpeg 700w, https:\/\/sindsaudeba.org.br\/portal\/wp-content\/uploads\/2021\/06\/WhatsApp-Image-2021-06-02-at-19.05.58.jpeg 1280w\" sizes=\"(max-width: 192px) 100vw, 192px\" \/><\/p>\n","protected":false},"excerpt":{"rendered":"<p>&nbsp; Na manh\u00e3 de ontem (02\/06) a Diretora do Jur\u00eddico do Sindsa\u00fade-BA, Joana Evangelista, participou de reuni\u00e3o no munic\u00edpio de Am\u00e9lia Rodrigues, juntamente com sua equipe e a de Comunica\u00e7\u00e3o com a presen\u00e7a da Diretora de Comunica\u00e7\u00e3o Dart Clair Cerqueira e o jornalista Jelber Cedraz,&#8230;<\/p>\n","protected":false},"author":2,"featured_media":16155,"comment_status":"open","ping_status":"open","sticky":false,"template":"","format":"standard","meta":[],"categories":[11,6,7],"tags":[],"amp_validity":null,"amp_enabled":true,"_links":{"self":[{"href":"https:\/\/sindsaudeba.org.br\/portal\/wp-json\/wp\/v2\/posts\/16154"}],"collection":[{"href":"https:\/\/sindsaudeba.org.br\/portal\/wp-json\/wp\/v2\/posts"}],"about":[{"href":"https:\/\/sindsaudeba.org.br\/portal\/wp-json\/wp\/v2\/types\/post"}],"author":[{"embeddable":true,"href":"https:\/\/sindsaudeba.org.br\/portal\/wp-json\/wp\/v2\/users\/2"}],"replies":[{"embeddable":true,"href":"https:\/\/sindsaudeba.org.br\/portal\/wp-json\/wp\/v2\/comments?post=16154"}],"version-history":[{"count":1,"href":"https:\/\/sindsaudeba.org.br\/portal\/wp-json\/wp\/v2\/posts\/16154\/revisions"}],"predecessor-version":[{"id":16157,"href":"https:\/\/sindsaudeba.org.br\/portal\/wp-json\/wp\/v2\/posts\/16154\/revisions\/16157"}],"wp:featuredmedia":[{"embeddable":true,"href":"https:\/\/sindsaudeba.org.br\/portal\/wp-json\/wp\/v2\/media\/16155"}],"wp:attachment":[{"href":"https:\/\/sindsaudeba.org.br\/portal\/wp-json\/wp\/v2\/media?parent=16154"}],"wp:term":[{"taxonomy":"category","embeddable":true,"href":"https:\/\/sindsaudeba.org.br\/portal\/wp-json\/wp\/v2\/categories?post=16154"},{"taxonomy":"post_tag","embeddable":true,"href":"https:\/\/sindsaudeba.org.br\/portal\/wp-json\/wp\/v2\/tags?post=16154"}],"curies":[{"name":"wp","href":"https:\/\/api.w.org\/{rel}","templated":true}]}}